{"id":14948,"date":"2023-04-26T05:00:18","date_gmt":"2023-04-26T10:00:18","guid":{"rendered":"https:\/\/noticiasveracruz.com\/?p=14948"},"modified":"2023-04-26T08:07:28","modified_gmt":"2023-04-26T13:07:28","slug":"corruptos-de-tiempo-completo","status":"publish","type":"post","link":"https:\/\/noticiasveracruz.com\/index.php\/2023\/04\/26\/corruptos-de-tiempo-completo\/","title":{"rendered":"Corruptos de tiempo completo"},"content":{"rendered":"<p>&nbsp;<\/p>\n<p><span style=\"font-size: 18pt;\"><strong>Por Aurelio Contreras Moreno<\/strong><\/span><\/p>\n<p><span style=\"font-weight: 400; font-size: 14pt;\">Mientras los organismos aut\u00f3nomos de transparencia sufren los embates del cada vez m\u00e1s autoritario y retr\u00f3grada r\u00e9gimen de la autoproclamada \u201ccuarta transformaci\u00f3n\u201d, emerge la purulencia con la que infectaron estas instituciones para cooptarlas.<\/span><\/p>\n<p><span style=\"font-weight: 400; font-size: 14pt;\">Resulta que el actual comisionado del Instituto Veracruzano de Acceso a la Informaci\u00f3n y Protecci\u00f3n de Datos Personales (IVAI), Jos\u00e9 Alfredo Corona Liz\u00e1rraga, cuya obligaci\u00f3n deber\u00eda ser velar por la rendici\u00f3n de cuentas y garantizar el derecho a la informaci\u00f3n de los veracruzanos, es todo un p\u00e1jaro de cuenta que ha estado violando la ley los \u00faltimos tres a\u00f1os, de manera documentada.<\/span><\/p>\n<p><span style=\"font-weight: 400; font-size: 14pt;\">Corona Liz\u00e1rraga fue designado comisionado del IVAI por el Pleno de la LXV Legislatura del Estado de Veracruz el 29 de mayo de 2020, momento en el cual ya cursaba un doctorado en Derecho en el Instituto de Investigaciones Jur\u00eddicas de la Universidad Veracruzana, por lo cual cobra una beca del Consejo Nacional de Ciencia y Tecnolog\u00eda (Conacyt).<\/span><\/p>\n<p><span style=\"font-size: 14pt;\"><span style=\"font-weight: 400;\">Solo que eso est\u00e1 prohibido por la ley. En primer lugar, por la <\/span><span style=\"font-weight: 400;\">Ley Estatal de Transparencia, que en su art\u00edculo 83 establece que\u00a0\u201cel cargo de Comisionado es incompatible con cualquier otro empleo, cargo o comisi\u00f3n en el servicio p\u00fablico o privado, a excepci\u00f3n de la docencia o la labor de investigaci\u00f3n acad\u00e9mica, siempre y cuando no sean remuneradas\u201d.<\/span><\/span><\/p>\n<p><span style=\"font-weight: 400; font-size: 14pt;\">De acuerdo con informaci\u00f3n obtenida de la Plataforma Nacional de Transparencia (PNT), Corona Liz\u00e1rraga recibe del Conacyt un promedio de 50 mil pesos por su beca, con lo cual quebranta claramente la norma estatal, hecho por el que deber\u00eda ser destituido de inmediato e incluso recibir una sanci\u00f3n por incurrir en responsabilidades administrativas.<\/span><\/p>\n<p><span style=\"font-weight: 400; font-size: 14pt;\">Pero no es la \u00fanica normatividad que Corona Liz\u00e1rraga se ha pasado por el \u201carco del triunfo\u201d estos tres a\u00f1os. El Reglamento de Becas del Conacyt exige \u201cdedicaci\u00f3n exclusiva\u201d a sus estudiantes de posgrado, asistencia presencial a clases y que no reciban alguna otra clase de financiamiento con recursos del Gobierno Federal o estatal.\u00a0<\/span><\/p>\n<p><span style=\"font-weight: 400; font-size: 14pt;\">En la PNT, Corona Liz\u00e1rraga aparece cobrando una remuneraci\u00f3n mensual neta como comisionado del IVAI por 57 mil 990 pesos. Sobra decir que tambi\u00e9n deben retirarle la beca y, como lo establece el reglamento, regresarle a Conacyt el recurso que ilegalmente ha estado recibiendo desde 2020 por lo menos, y que superar\u00eda los 600 mil pesos en total.<\/span><\/p>\n<p><span style=\"font-weight: 400; font-size: 14pt;\">Pero resulta que Jos\u00e9 Alfredo Corona Liz\u00e1rraga forma parte de la camarilla que se ha apoderado de instituciones y espacios de poder en Veracruz sin importarle pasar por encima de la ley.<\/span><\/p>\n<p><span style=\"font-weight: 400; font-size: 14pt;\">Corona Liz\u00e1rraga comenz\u00f3 el sexenio trabajando como secretario particular de Domingo Bahena, ex panista converso a la \u201c4t\u201d que lleva dos legislaturas como secretario general del Congreso de Veracruz y es el encargado de \u201climpiar\u201d todos los \u201cenjuagues\u201d administrativos que con el presupuesto del Poder Legislativo realiza el presidente de la Junta de Coordinaci\u00f3n Pol\u00edtica, el diputado morenista Juan Javier G\u00f3mez Cazar\u00edn.<\/span><\/p>\n<p><span style=\"font-weight: 400; font-size: 14pt;\">Cuando el r\u00e9gimen morenista dio el golpe para apoderarse de la Fiscal\u00eda General del Estado, Corona Liz\u00e1rraga fue enviado como encargado de la Fiscal\u00eda Anticorrupci\u00f3n, desde donde oper\u00f3 la venganza de Cuitl\u00e1huac Garc\u00eda Jim\u00e9nez en contra de la ex presidenta del IVAI, Yolli Garc\u00eda, por evidenciar una \u201ctransa\u201d de su gobierno en la adquisici\u00f3n de 160 patrullas en 2019.<\/span><\/p>\n<p><span style=\"font-weight: 400; font-size: 14pt;\">Como \u201cpremio\u201d, Corona Liz\u00e1rraga \u2013tambi\u00e9n \u00e9l ex panista- fue enviado como comisionado al IVAI, donde de manera por dem\u00e1s ir\u00f3nica lleva tres a\u00f1os violando la ley y ocultando informaci\u00f3n sobre c\u00f3mo \u201cdobletea\u201d cobrando una beca que, por la naturaleza de su encargo p\u00fablico, no debe desquitar. O \u00bfa qu\u00e9 hora estudia un doctorado de tiempo completo?\u00a0<\/span><\/p>\n<p><span style=\"font-weight: 400; font-size: 14pt;\">En realidad, lo \u00fanico de tiempo completo aqu\u00ed es la corrupci\u00f3n de todo lo que la \u201c4t\u201d toca y pudre.<\/span><\/p>\n<p>&nbsp;<\/p>\n<hr \/>\n<p>&nbsp;<\/p>\n<p class=\"p1\"><span style=\"font-size: 18pt;\"><strong>Correo: <a href=\"mailto:aureliocontreras@gmail.com\">aureliocontreras@gmail.com<\/a><\/strong><\/span><\/p>\n<p class=\"p1\"><span style=\"font-size: 18pt;\"><strong>Twitter: <a href=\"http:\/\/www.twitter.com\/yeyocontreras\">@yeyocontreras<\/a><\/strong><\/span><\/p>\n<p>&nbsp;<\/p>\n<p><img loading=\"lazy\" decoding=\"async\" class=\"aligncenter wp-image-11449\" src=\"http:\/\/noticiasveracruz.com\/wp-content\/uploads\/2023\/01\/FIRMA-EDITORIAL-NV-300x37.png\" alt=\"\" width=\"1000\" height=\"122\" srcset=\"https:\/\/noticiasveracruz.com\/wp-content\/uploads\/2023\/01\/FIRMA-EDITORIAL-NV-300x37.png 300w, https:\/\/noticiasveracruz.com\/wp-content\/uploads\/2023\/01\/FIRMA-EDITORIAL-NV-1024x125.png 1024w, https:\/\/noticiasveracruz.com\/wp-content\/uploads\/2023\/01\/FIRMA-EDITORIAL-NV-768x94.png 768w, https:\/\/noticiasveracruz.com\/wp-content\/uploads\/2023\/01\/FIRMA-EDITORIAL-NV-1536x188.png 1536w, https:\/\/noticiasveracruz.com\/wp-content\/uploads\/2023\/01\/FIRMA-EDITORIAL-NV-2048x250.png 2048w\" sizes=\"auto, (max-width: 1000px) 100vw, 1000px\" \/><\/p>\n","protected":false},"excerpt":{"rendered":"<p>&nbsp; Por Aurelio Contreras Moreno Mientras los organismos aut\u00f3nomos de transparencia sufren los embates del cada vez m\u00e1s autoritario y<\/p>\n","protected":false},"author":4,"featured_media":3578,"comment_status":"closed","ping_status":"closed","sticky":false,"template":"","format":"standard","meta":{"colormag_page_container_layout":"default_layout","colormag_page_sidebar_layout":"default_layout","_jetpack_memberships_contains_paid_content":false,"footnotes":"","jetpack_publicize_message":"","jetpack_publicize_feature_enabled":true,"jetpack_social_post_already_shared":true,"jetpack_social_options":{"image_generator_settings":{"template":"highway","default_image_id":0,"font":"","enabled":false},"version":2}},"categories":[6],"tags":[],"class_list":["post-14948","post","type-post","status-publish","format-standard","has-post-thumbnail","hentry","category-columnistas"],"jetpack_publicize_connections":[],"jetpack_featured_media_url":"https:\/\/noticiasveracruz.com\/wp-content\/uploads\/2022\/04\/P-AURELIO-CONTRERAS.png","jetpack_sharing_enabled":true,"publishpress_future_action":{"enabled":false,"date":"2026-05-07 22:22:50","action":"change-status","newStatus":"draft","terms":[],"taxonomy":"category","extraData":[]},"publishpress_future_workflow_manual_trigger":{"enabledWorkflows":[]},"_links":{"self":[{"href":"https:\/\/noticiasveracruz.com\/index.php\/wp-json\/wp\/v2\/posts\/14948","targetHints":{"allow":["GET"]}}],"collection":[{"href":"https:\/\/noticiasveracruz.com\/index.php\/wp-json\/wp\/v2\/posts"}],"about":[{"href":"https:\/\/noticiasveracruz.com\/index.php\/wp-json\/wp\/v2\/types\/post"}],"author":[{"embeddable":true,"href":"https:\/\/noticiasveracruz.com\/index.php\/wp-json\/wp\/v2\/users\/4"}],"replies":[{"embeddable":true,"href":"https:\/\/noticiasveracruz.com\/index.php\/wp-json\/wp\/v2\/comments?post=14948"}],"version-history":[{"count":0,"href":"https:\/\/noticiasveracruz.com\/index.php\/wp-json\/wp\/v2\/posts\/14948\/revisions"}],"wp:featuredmedia":[{"embeddable":true,"href":"https:\/\/noticiasveracruz.com\/index.php\/wp-json\/wp\/v2\/media\/3578"}],"wp:attachment":[{"href":"https:\/\/noticiasveracruz.com\/index.php\/wp-json\/wp\/v2\/media?parent=14948"}],"wp:term":[{"taxonomy":"category","embeddable":true,"href":"https:\/\/noticiasveracruz.com\/index.php\/wp-json\/wp\/v2\/categories?post=14948"},{"taxonomy":"post_tag","embeddable":true,"href":"https:\/\/noticiasveracruz.com\/index.php\/wp-json\/wp\/v2\/tags?post=14948"}],"curies":[{"name":"wp","href":"https:\/\/api.w.org\/{rel}","templated":true}]}}