{"id":14934,"date":"2023-04-25T15:40:52","date_gmt":"2023-04-25T20:40:52","guid":{"rendered":"https:\/\/noticiasveracruz.com\/?p=14934"},"modified":"2023-04-25T15:40:52","modified_gmt":"2023-04-25T20:40:52","slug":"inflacion-retrocede-0-16-en-la-primera-quincena-de-abril-inegi","status":"publish","type":"post","link":"https:\/\/noticiasveracruz.com\/index.php\/2023\/04\/25\/inflacion-retrocede-0-16-en-la-primera-quincena-de-abril-inegi\/","title":{"rendered":"Inflaci\u00f3n retrocede -0.16% en la primera quincena de abril: Inegi"},"content":{"rendered":"<p>&nbsp;<\/p>\n<p class=\"p2\"><span style=\"font-size: 14pt;\"><em><strong>CIUDAD DE M\u00c9XICO.<\/strong> <\/em><strong>El Instituto Nacional de Estad\u00edstica y Geograf\u00eda<\/strong> (Inegi) dio a conocer que la<strong> inflaci\u00f3n general anual en M\u00e9xico se ubic\u00f3 en 6.24 por ciento<\/strong> en la primera quincena de abril de 2023.<\/span><\/p>\n<p class=\"p2\"><span style=\"font-size: 18pt;\"><strong>En la primera mitad de abril de este a\u00f1o, el \u00cdndice Nacional de Precios al Consumidor observ\u00f3 un retroceso de -0.16% respecto a la quincena anterior, su primera tasa negativa desde la segunda quincena de noviembre del a\u00f1o pasado cuando disminuy\u00f3 -0.11%.<\/strong><\/span><\/p>\n<p class=\"p2\"><span style=\"font-size: 14pt;\">El principal determinante de este resultado es el inicio de los descuentos de verano en las tarifas el\u00e9ctricas, aunque con otras tendencias estacionales tambi\u00e9n en juego, como por ejemplo el periodo de Semana Santa, adem\u00e1s, de otros desarrollos favorables en componentes clave que habr\u00edan prevalecido, comentaron especialistas de Banorte.<\/span><\/p>\n<p class=\"p2\"><span style=\"font-size: 18pt;\"><strong>El incremento general de precios en la primera mitad de abril fue menor al consenso de los analistas de 6.32% a tasa anual, pero dentro del rango previsto de entre un m\u00ednimo de 6.15% y un m\u00e1ximo de 6.61% estimado por las 32 instituciones financieras consultadas por CitiBanamex, de las cuales s\u00f3lo dos acertaron en su pron\u00f3stico.<\/strong><\/span><\/p>\n<p class=\"p2\"><span style=\"font-size: 14pt;\">El \u00edndice de precios subyacente, que incluye los bienes y servicios cuyos precios son menos vol\u00e1tiles, observ\u00f3 un crecimiento de 0.18% a tasa quincenal y anual 7.75%, menor al 8.15% observado en el mismo periodo del mes anterior. A su interior, los precios de las mercanc\u00edas incrementaron 9.73% a tasa anual y los de servicios, 5.42%.<\/span><\/p>\n<p class=\"p2\"><span style=\"font-size: 14pt;\">En el mismo periodo, el \u00edndice de precios no subyacente retrocedi\u00f3 -1.22% quincenal, con lo que su alza anual fue de 1.82%. Dentro del \u00edndice, los precios de los productos agropecuarios crecieron 5.61% a tasa anual y los de energ\u00e9ticos y tarifas autorizadas por el gobierno disminuy\u00f3 -1.21%.<\/span><\/p>\n<p class=\"p2\"><span style=\"font-size: 18pt;\"><strong>Esto \u00faltimo se debi\u00f3, principalmente, a los ajustes en las tarifas el\u00e9ctricas dentro del esquema de temporada c\u00e1lida en 18 ciudades del pa\u00eds.<\/strong><\/span><\/p>\n<p class=\"p2\"><span style=\"font-size: 18pt;\"><strong>El \u00cdndice de Precios de la Canasta de Consumo M\u00ednimo, que eval\u00faa los precios de 176 productos y servicios que la conforman, contenidos en las canastas alimentarias y no alimentarias del Consejo Nacional de Evaluaci\u00f3n de la Pol\u00edtica de Desarrollo Social (Coneval), tuvo una variaci\u00f3n quincenal de -0.25% y anual de 6.50%.<\/strong><\/span><\/p>\n<p>&nbsp;<\/p>\n<p>&nbsp;<\/p>\n<p><span style=\"font-size: 18pt;\">Con informaci\u00f3n de La Jornada<\/span><\/p>\n","protected":false},"excerpt":{"rendered":"<p>&nbsp; CIUDAD DE M\u00c9XICO. El Instituto Nacional de Estad\u00edstica y Geograf\u00eda (Inegi) dio a conocer que la inflaci\u00f3n general anual<\/p>\n","protected":false},"author":4,"featured_media":14935,"comment_status":"closed","ping_status":"closed","sticky":false,"template":"","format":"standard","meta":{"colormag_page_container_layout":"default_layout","colormag_page_sidebar_layout":"default_layout","_jetpack_memberships_contains_paid_content":false,"footnotes":"","jetpack_publicize_message":"","jetpack_publicize_feature_enabled":true,"jetpack_social_post_already_shared":true,"jetpack_social_options":{"image_generator_settings":{"template":"highway","default_image_id":0,"font":"","enabled":false},"version":2}},"categories":[1947],"tags":[2465,110,109],"class_list":["post-14934","post","type-post","status-publish","format-standard","has-post-thumbnail","hentry","category-economia","tag-abril","tag-inegi","tag-inflacion"],"jetpack_publicize_connections":[],"jetpack_featured_media_url":"https:\/\/noticiasveracruz.com\/wp-content\/uploads\/2023\/04\/P-INFLACION-INEGI.png","jetpack_sharing_enabled":true,"publishpress_future_action":{"enabled":false,"date":"2026-05-07 20:00:06","action":"change-status","newStatus":"draft","terms":[],"taxonomy":"category","extraData":[]},"publishpress_future_workflow_manual_trigger":{"enabledWorkflows":[]},"_links":{"self":[{"href":"https:\/\/noticiasveracruz.com\/index.php\/wp-json\/wp\/v2\/posts\/14934","targetHints":{"allow":["GET"]}}],"collection":[{"href":"https:\/\/noticiasveracruz.com\/index.php\/wp-json\/wp\/v2\/posts"}],"about":[{"href":"https:\/\/noticiasveracruz.com\/index.php\/wp-json\/wp\/v2\/types\/post"}],"author":[{"embeddable":true,"href":"https:\/\/noticiasveracruz.com\/index.php\/wp-json\/wp\/v2\/users\/4"}],"replies":[{"embeddable":true,"href":"https:\/\/noticiasveracruz.com\/index.php\/wp-json\/wp\/v2\/comments?post=14934"}],"version-history":[{"count":0,"href":"https:\/\/noticiasveracruz.com\/index.php\/wp-json\/wp\/v2\/posts\/14934\/revisions"}],"wp:featuredmedia":[{"embeddable":true,"href":"https:\/\/noticiasveracruz.com\/index.php\/wp-json\/wp\/v2\/media\/14935"}],"wp:attachment":[{"href":"https:\/\/noticiasveracruz.com\/index.php\/wp-json\/wp\/v2\/media?parent=14934"}],"wp:term":[{"taxonomy":"category","embeddable":true,"href":"https:\/\/noticiasveracruz.com\/index.php\/wp-json\/wp\/v2\/categories?post=14934"},{"taxonomy":"post_tag","embeddable":true,"href":"https:\/\/noticiasveracruz.com\/index.php\/wp-json\/wp\/v2\/tags?post=14934"}],"curies":[{"name":"wp","href":"https:\/\/api.w.org\/{rel}","templated":true}]}}