{"id":14303,"date":"2023-04-04T10:36:11","date_gmt":"2023-04-04T15:36:11","guid":{"rendered":"https:\/\/noticiasveracruz.com\/?p=14303"},"modified":"2023-04-04T10:40:37","modified_gmt":"2023-04-04T15:40:37","slug":"tres-partidos-nuevos-2","status":"publish","type":"post","link":"https:\/\/noticiasveracruz.com\/index.php\/2023\/04\/04\/tres-partidos-nuevos-2\/","title":{"rendered":"Tres partidos nuevos"},"content":{"rendered":"<p>&nbsp;<\/p>\n<p class=\"p1\"><span style=\"font-size: 18pt;\"><strong>Por Jos\u00e9 Garc\u00eda S\u00e1nchez<\/strong><\/span><\/p>\n<p class=\"p1\"><span style=\"font-size: 14pt;\">La postura de los medios respecto a los migrantes oscila en los extremos, dependiendo de sus intereses y consignas, pero muy alejados de la verdad. Por ejemplo, en un mismo noticiero de CNN, con el mimo personaje a cuadro, dijo que c\u00f3mo era posible que se le diera curso libre a la migraci\u00f3n en M\u00e9xico, desconociendo u olvidando, que la migraci\u00f3n es un derecho humano, calific\u00e1ndolos de punto menos que delincuentes.<\/span><\/p>\n<p class=\"p1\"><span style=\"font-size: 14pt;\">Una semana despu\u00e9s, el mismo noticiero, el mismo personaje a cuadro se\u00f1al\u00f3 que debieran tomar en cuenta que se trata de mujeres y ni\u00f1os, de hombres que buscan salvar sus vidas y alcanzar la libertad. La postura al respecto depende del objeto de la cr\u00edtica y de la intenci\u00f3n de desgaste medi\u00e1tico contra las autoridades migratorias.<\/span><\/p>\n<p class=\"p1\"><span style=\"font-size: 14pt;\">Ejemplo de posiciones mercenarias esta cadena de noticias no es muy diferente a otros medios en M\u00e9xico que adoptan la realidad como campo de batalla y a los vulnerables como armas para disparar contra todo tipo de autoridad, haciendo de los medios un partido pol\u00edtico de oposici\u00f3n.<\/span><\/p>\n<p class=\"p1\"><span style=\"font-size: 18pt;\"><b>M\u00e9xico tiene tres partidos pol\u00edticos nuevos que no necesitan colocar al escrutinio de la poblaci\u00f3n su registro, simplemente lo toman por asalto y se desarrollan como tales desde sus diferentes trincheras. Esos tres partidos pol\u00edticos que no necesitan organizar asambleas ni mostrar la honorabilidad de sus l\u00edderes para comportarse como tales son los medios de comunicaci\u00f3n, los ministros de la Suprema Corte de Justicia de la Naci\u00f3n y los consejeros electorales del INE.<\/b><\/span><\/p>\n<p>&nbsp;<\/p>\n<p><img loading=\"lazy\" decoding=\"async\" class=\"aligncenter wp-image-18068 size-large\" src=\"https:\/\/politicosaldesnudo.com.mx\/wp-content\/uploads\/2023\/04\/P-SCNJ-1-1024x573.png\" alt=\"\" width=\"800\" height=\"448\" \/><\/p>\n<p>&nbsp;<\/p>\n<p class=\"p1\"><span style=\"font-size: 18pt; color: #e42d33;\"><b>Los tres tienen en el origen de su descontento un com\u00fan denominador, la exigencia del dinero. El primero porque se le quit\u00f3 un subsidio que consideraban patrimonio de su empresa; los otros porque alguien tuvo la osad\u00eda de intentar reducirles el salario, y esto fue motivo suficiente para colocarse en la oposici\u00f3n, cual l\u00edderes de la oposici\u00f3n, que cancelan y sabotean todo acto de gobierno que est\u00e9 en sus manos tumbar.<\/b><\/span><\/p>\n<p class=\"p1\"><span style=\"font-size: 14pt;\">En los tres casos es el dinero el origen el descontento, pero no se trata de un dinero destinado a una causa social o a un programa de gobierno, sino un recurso que afecta sus bolsillos y que fue y sigue siendo privilegio de unos cuantos. De ah\u00ed el origen y desarrollo de estos tres nuevos partidos pol\u00edticos que anteponen el inter\u00e9s personal a los de la sociedad, como sucede con otros partidos.<\/span><\/p>\n<p class=\"p1\"><span style=\"font-size: 14pt;\">Hubo quienes desde los medios aplaud\u00edan el retiro de subsidio al campo, pero en silencio y discretamente celebraban que a ellos no se les quitara un peso de su subsidio. Al contrario, ped\u00edan aumento de recursos, los gobiernos los otorgaban como una especie de inversi\u00f3n para darle m\u00e1s luz al ef\u00edmero brillo de su imagen.<\/span><\/p>\n<p class=\"p1\"><span style=\"font-size: 18pt;\"><strong>As\u00ed los medios reproduc\u00edan una realidad inexistente a cambio de dar una visi\u00f3n equivocada de un pa\u00eds que nunca existi\u00f3. Prueba de esa inexistencia es la realidad lejana y ajena que viven los ministros de la Suprema Corte de Justicia que ajustan los delitos a su mundo y absuelve a los que siente hermanados en los privilegios y castiga a los inocentes que creyeron err\u00f3neamente que podr\u00edan encontrar e justicia y legalidad en ellos.<\/strong><\/span><\/p>\n<p class=\"p1\"><span style=\"font-size: 14pt;\">Los otros que desde el INE tratan de inventar sus propios conceptos de democracia, creando una democracia con privilegios, empezando por sus intereses personales, y luchando por fusionar privilegios propios con democracia, en una combinaci\u00f3n que es excelente pero que combinan con calzador en beneficio propio.<\/span><\/p>\n<p class=\"p1\"><span style=\"font-size: 14pt;\">As\u00ed estas tres instancias muestran que viven en el pasado y lo que es peor muestran la miseria de su existencia, viviendo del dinero de los mexicanos y protestando s\u00f3lo para tumbar al actual gobierno en busca del rescate de los privilegios que consideran patrimonio propio.<\/span><\/p>\n<div><\/div>\n<div><\/div>\n<div>\n<hr \/>\n<p>&nbsp;<\/p>\n<p><span style=\"font-size: 18pt;\"><strong>Twitter:\u00a0<a href=\"https:\/\/twitter.com\/Josangasa3\">@Josangasa3<\/a><\/strong><\/span><\/p>\n<p>&nbsp;<\/p>\n<p><img loading=\"lazy\" decoding=\"async\" class=\"aligncenter wp-image-11449\" src=\"http:\/\/noticiasveracruz.com\/wp-content\/uploads\/2023\/01\/FIRMA-EDITORIAL-NV-300x37.png\" alt=\"\" width=\"1000\" height=\"122\" srcset=\"https:\/\/noticiasveracruz.com\/wp-content\/uploads\/2023\/01\/FIRMA-EDITORIAL-NV-300x37.png 300w, https:\/\/noticiasveracruz.com\/wp-content\/uploads\/2023\/01\/FIRMA-EDITORIAL-NV-1024x125.png 1024w, https:\/\/noticiasveracruz.com\/wp-content\/uploads\/2023\/01\/FIRMA-EDITORIAL-NV-768x94.png 768w, https:\/\/noticiasveracruz.com\/wp-content\/uploads\/2023\/01\/FIRMA-EDITORIAL-NV-1536x188.png 1536w, https:\/\/noticiasveracruz.com\/wp-content\/uploads\/2023\/01\/FIRMA-EDITORIAL-NV-2048x250.png 2048w\" sizes=\"auto, (max-width: 1000px) 100vw, 1000px\" \/><\/p>\n<p>&nbsp;<\/p>\n<p>&nbsp;<\/p>\n<p>&nbsp;<\/p>\n<\/div>\n<div class=\"yj6qo\"><\/div>\n<div class=\"adL\"><\/div>\n<p>&nbsp;<\/p>\n<p>&nbsp;<\/p>\n","protected":false},"excerpt":{"rendered":"<p>&nbsp; Por Jos\u00e9 Garc\u00eda S\u00e1nchez La postura de los medios respecto a los migrantes oscila en los extremos, dependiendo de<\/p>\n","protected":false},"author":4,"featured_media":860,"comment_status":"closed","ping_status":"closed","sticky":false,"template":"","format":"standard","meta":{"colormag_page_container_layout":"default_layout","colormag_page_sidebar_layout":"default_layout","_jetpack_memberships_contains_paid_content":false,"footnotes":"","jetpack_publicize_message":"","jetpack_publicize_feature_enabled":true,"jetpack_social_post_already_shared":true,"jetpack_social_options":{"image_generator_settings":{"template":"highway","default_image_id":0,"font":"","enabled":false},"version":2}},"categories":[6],"tags":[154,66,31,326,502],"class_list":["post-14303","post","type-post","status-publish","format-standard","has-post-thumbnail","hentry","category-columnistas","tag-democracia","tag-ine","tag-mexico","tag-partidos","tag-suprema-corte-de-justicia"],"jetpack_publicize_connections":[],"jetpack_featured_media_url":"https:\/\/noticiasveracruz.com\/wp-content\/uploads\/2021\/12\/NV-JOSE\u0301-GARCI\u0301A.png","jetpack_sharing_enabled":true,"publishpress_future_action":{"enabled":false,"date":"2026-05-08 06:45:34","action":"change-status","newStatus":"draft","terms":[],"taxonomy":"category","extraData":[]},"publishpress_future_workflow_manual_trigger":{"enabledWorkflows":[]},"_links":{"self":[{"href":"https:\/\/noticiasveracruz.com\/index.php\/wp-json\/wp\/v2\/posts\/14303","targetHints":{"allow":["GET"]}}],"collection":[{"href":"https:\/\/noticiasveracruz.com\/index.php\/wp-json\/wp\/v2\/posts"}],"about":[{"href":"https:\/\/noticiasveracruz.com\/index.php\/wp-json\/wp\/v2\/types\/post"}],"author":[{"embeddable":true,"href":"https:\/\/noticiasveracruz.com\/index.php\/wp-json\/wp\/v2\/users\/4"}],"replies":[{"embeddable":true,"href":"https:\/\/noticiasveracruz.com\/index.php\/wp-json\/wp\/v2\/comments?post=14303"}],"version-history":[{"count":0,"href":"https:\/\/noticiasveracruz.com\/index.php\/wp-json\/wp\/v2\/posts\/14303\/revisions"}],"wp:featuredmedia":[{"embeddable":true,"href":"https:\/\/noticiasveracruz.com\/index.php\/wp-json\/wp\/v2\/media\/860"}],"wp:attachment":[{"href":"https:\/\/noticiasveracruz.com\/index.php\/wp-json\/wp\/v2\/media?parent=14303"}],"wp:term":[{"taxonomy":"category","embeddable":true,"href":"https:\/\/noticiasveracruz.com\/index.php\/wp-json\/wp\/v2\/categories?post=14303"},{"taxonomy":"post_tag","embeddable":true,"href":"https:\/\/noticiasveracruz.com\/index.php\/wp-json\/wp\/v2\/tags?post=14303"}],"curies":[{"name":"wp","href":"https:\/\/api.w.org\/{rel}","templated":true}]}}