{"id":14287,"date":"2023-04-04T05:30:40","date_gmt":"2023-04-04T10:30:40","guid":{"rendered":"https:\/\/noticiasveracruz.com\/?p=14287"},"modified":"2023-04-04T09:39:58","modified_gmt":"2023-04-04T14:39:58","slug":"al-diablo-las-universidades-publicas","status":"publish","type":"post","link":"https:\/\/noticiasveracruz.com\/index.php\/2023\/04\/04\/al-diablo-las-universidades-publicas\/","title":{"rendered":"\u00a1Al diablo las universidades p\u00fablicas!"},"content":{"rendered":"<p>&nbsp;<\/p>\n<p class=\"p1\"><span style=\"font-size: 18pt;\"><strong>Por Jos\u00e9 Ure\u00f1a<\/strong><\/span><\/p>\n<p class=\"p1\"><span style=\"font-size: 14pt;\">Malas noticias para las universidades p\u00fablicas.<\/span><\/p>\n<p class=\"p1\"><span style=\"font-size: 14pt;\">La educaci\u00f3n superior no es prioridad para el actual Gobierno y, por lo tanto, no prev\u00e9 incremento de partidas para el a\u00f1o pr\u00f3ximo.<\/span><\/p>\n<p class=\"p1\"><span style=\"font-size: 14pt;\">Es decir, ser\u00e1 un sexenio negativo para todas las instituciones formadoras de profesionistas, de maestr\u00edas, de doctorados y otros postgrados de alt\u00edsimo nivel.<\/span><\/p>\n<p class=\"p1\"><span style=\"font-size: 14pt;\">Esto incluye, por supuesto, a las instituciones de mayor relevancia, tama\u00f1o la Universidad Nacional Aut\u00f3noma de M\u00e9xico (UNAM), el Instituto Polit\u00e9cnico Nacional (IPN) y la Universidad de Guadalajara (UdG).<\/span><\/p>\n<p class=\"p1\"><span style=\"font-size: 14pt;\">Ah, pero no hablemos de las Universidades Benito Ju\u00e1rez, esos organismos sin final acad\u00e9mico garantizado para los estudiantes y manejadas por la morenista Raquel Sosa El\u00edzaga.<\/span><\/p>\n<p class=\"p1\"><span style=\"font-size: 14pt;\">Para ellas s\u00ed hay recursos de sobra porque son garant\u00eda de adoctrinamiento aunque ingresen muchos y sin control, pero egresen pocos, sin capacitaci\u00f3n suficiente y sin preparaci\u00f3n para incorporarse al mercado de trabajo. <\/span><span style=\"font-size: 14pt;\">Ah\u00ed se forman activistas, no profesionales de alto rendimiento.<\/span><\/p>\n<p class=\"p1\"><span style=\"font-size: 14pt;\">Eso se concluye del cuadro presentado por la Secretar\u00eda de Educaci\u00f3n P\u00fablica (SEP) de Leticia Ram\u00edrez Amaya, en los precriterios entregados por la Secretar\u00eda de Hacienda y Cr\u00e9dito P\u00fablico a la C\u00e1mara de Diputados.<\/span><\/p>\n<p>&nbsp;<\/p>\n<p class=\"p1\"><span style=\"font-size: 18pt; color: #e42d33;\"><strong>SIMPLE Y LLANA REGRESI\u00d3N<\/strong><\/span><\/p>\n<p class=\"p1\"><span style=\"font-size: 14pt;\">Es la reversi\u00f3n llana o de esfuerzos, como se quiera ver. <\/span><span style=\"font-size: 14pt;\">Reflexione usted: Durante el sexenio pasado, el de Enrique Pe\u00f1a Nieto, se canalizaron los mayores recursos en t\u00e9rminos relativos para formar profesionistas a todos los niveles en instituciones p\u00fablicas.<\/span><\/p>\n<p class=\"p1\"><span style=\"font-size: 14pt;\">En el 2018, porcentualmente fue 19.20% del gasto federal programable, pero Pe\u00f1a Nieto y el secretario Aurelio Nu\u00f1o dejaron una partida aprobada de 19.85 para el primer a\u00f1o del actual sexenio.<\/span><\/p>\n<p class=\"p1\"><span style=\"font-size: 14pt;\">\u00bfY qu\u00e9 ha pasado desde entonces?<\/span><\/p>\n<p class=\"p1\"><span style=\"font-size: 14pt;\">Ahora estamos en 18.53%, 1.32% menos, inflaci\u00f3n desbocada al margen, para el presente a\u00f1o y cifras similares para 2024, a\u00f1o electoral y de transici\u00f3n federal.<\/span><\/p>\n<p class=\"p1\"><span style=\"font-size: 14pt;\">Otro dato: hay rubros para los cuales no hay un solo centavo, como es el registro de profesionistas y sus asociaciones, el programa de inclusi\u00f3n a la equidad educativa y otros docentes.<\/span><\/p>\n<p>&nbsp;<\/p>\n<p class=\"p1\"><span style=\"font-size: 18pt; color: #e42d33;\"><strong>EL BAILE DE T\u00cdTULOS FALSOS<\/strong><\/span><\/p>\n<p class=\"p1\"><span style=\"font-size: 14pt;\">1.- Informaci\u00f3n habr\u00e1 sobre el curr\u00edculum de muchos funcionarios de alto nivel de la autodenominada 4T.<\/span><\/p>\n<p class=\"p1\"><span style=\"font-size: 14pt;\">La constante, pareciera, es la burla de carreras universitarias y t\u00edtulos falsos para acceder a cargos p\u00fablicos.<\/span><\/p>\n<p class=\"p1\"><span style=\"font-size: 14pt;\">Hoy el turno de la sospecha es para la flamante presidenta del Instituto Nacional Electoral (INE), Guadalupe Taddei Zavala.<\/span><\/p>\n<p class=\"p1\"><span style=\"font-size: 14pt;\">Pero no es la \u00fanica. <\/span><span style=\"font-size: 14pt;\">Vengan las aclaraciones y las demostraciones, aunque para el Gobierno lopezobradorista lo fundamental sea 90% de lealtad y pr\u00e1cticamente cero capacidad.<\/span><\/p>\n<p class=\"p1\"><span style=\"font-size: 14pt;\">Y 2.- Es interesante: la alianza Va por M\u00e9xico ha girado una instrucci\u00f3n a sus candidatos Manolo Jim\u00e9nez y Alejandra del Moral, no ir al choque.<\/span><\/p>\n<p class=\"p1\"><span style=\"font-size: 14pt;\">Y menos atacar al Presidente durante sus actos de campa\u00f1a.<\/span><\/p>\n<p class=\"p1\"><span style=\"font-size: 14pt;\">En lugar de eso, la orden es privilegiar la propuesta, llevarla hasta la puerta de los ciudadanos y convencerlos de sus afanes de buenos gobiernos en Coahuila y el Estado de M\u00e9xico.<\/span><\/p>\n<p class=\"p1\"><span style=\"font-size: 14pt;\">Por ello, cada uno presentar\u00e1 su plan de Gobierno o, como dijo ayer Manolo Jim\u00e9nez, \u201cpresentar los dos mundos en disputa\u201d.<\/span><\/p>\n<p class=\"p1\"><span style=\"font-size: 14pt;\">\u201cAqu\u00ed en Coahuila no se trata de elegir entre izquierda o derecha. Aqu\u00ed el cambio es pa\u2019delante\u201d, defini\u00f3 de una vez por todas.<\/span><\/p>\n<p>&nbsp;<\/p>\n<hr \/>\n<p>&nbsp;<\/p>\n<p><img loading=\"lazy\" decoding=\"async\" class=\"aligncenter wp-image-11449\" src=\"http:\/\/noticiasveracruz.com\/wp-content\/uploads\/2023\/01\/FIRMA-EDITORIAL-NV-300x37.png\" alt=\"\" width=\"1000\" height=\"122\" srcset=\"https:\/\/noticiasveracruz.com\/wp-content\/uploads\/2023\/01\/FIRMA-EDITORIAL-NV-300x37.png 300w, https:\/\/noticiasveracruz.com\/wp-content\/uploads\/2023\/01\/FIRMA-EDITORIAL-NV-1024x125.png 1024w, https:\/\/noticiasveracruz.com\/wp-content\/uploads\/2023\/01\/FIRMA-EDITORIAL-NV-768x94.png 768w, https:\/\/noticiasveracruz.com\/wp-content\/uploads\/2023\/01\/FIRMA-EDITORIAL-NV-1536x188.png 1536w, https:\/\/noticiasveracruz.com\/wp-content\/uploads\/2023\/01\/FIRMA-EDITORIAL-NV-2048x250.png 2048w\" sizes=\"auto, (max-width: 1000px) 100vw, 1000px\" \/><\/p>\n<p>&nbsp;<\/p>\n<p>&nbsp;<\/p>\n","protected":false},"excerpt":{"rendered":"<p>&nbsp; Por Jos\u00e9 Ure\u00f1a Malas noticias para las universidades p\u00fablicas. La educaci\u00f3n superior no es prioridad para el actual Gobierno<\/p>\n","protected":false},"author":4,"featured_media":3258,"comment_status":"closed","ping_status":"closed","sticky":false,"template":"","format":"standard","meta":{"colormag_page_container_layout":"default_layout","colormag_page_sidebar_layout":"default_layout","_jetpack_memberships_contains_paid_content":false,"footnotes":"","jetpack_publicize_message":"","jetpack_publicize_feature_enabled":true,"jetpack_social_post_already_shared":true,"jetpack_social_options":{"image_generator_settings":{"template":"highway","default_image_id":0,"font":"","enabled":false},"version":2}},"categories":[6],"tags":[],"class_list":["post-14287","post","type-post","status-publish","format-standard","has-post-thumbnail","hentry","category-columnistas"],"jetpack_publicize_connections":[],"jetpack_featured_media_url":"https:\/\/noticiasveracruz.com\/wp-content\/uploads\/2022\/04\/JOSE\u0301-UREN\u0303A.png","jetpack_sharing_enabled":true,"publishpress_future_action":{"enabled":false,"date":"2026-05-08 07:30:21","action":"change-status","newStatus":"draft","terms":[],"taxonomy":"category","extraData":[]},"publishpress_future_workflow_manual_trigger":{"enabledWorkflows":[]},"_links":{"self":[{"href":"https:\/\/noticiasveracruz.com\/index.php\/wp-json\/wp\/v2\/posts\/14287","targetHints":{"allow":["GET"]}}],"collection":[{"href":"https:\/\/noticiasveracruz.com\/index.php\/wp-json\/wp\/v2\/posts"}],"about":[{"href":"https:\/\/noticiasveracruz.com\/index.php\/wp-json\/wp\/v2\/types\/post"}],"author":[{"embeddable":true,"href":"https:\/\/noticiasveracruz.com\/index.php\/wp-json\/wp\/v2\/users\/4"}],"replies":[{"embeddable":true,"href":"https:\/\/noticiasveracruz.com\/index.php\/wp-json\/wp\/v2\/comments?post=14287"}],"version-history":[{"count":0,"href":"https:\/\/noticiasveracruz.com\/index.php\/wp-json\/wp\/v2\/posts\/14287\/revisions"}],"wp:featuredmedia":[{"embeddable":true,"href":"https:\/\/noticiasveracruz.com\/index.php\/wp-json\/wp\/v2\/media\/3258"}],"wp:attachment":[{"href":"https:\/\/noticiasveracruz.com\/index.php\/wp-json\/wp\/v2\/media?parent=14287"}],"wp:term":[{"taxonomy":"category","embeddable":true,"href":"https:\/\/noticiasveracruz.com\/index.php\/wp-json\/wp\/v2\/categories?post=14287"},{"taxonomy":"post_tag","embeddable":true,"href":"https:\/\/noticiasveracruz.com\/index.php\/wp-json\/wp\/v2\/tags?post=14287"}],"curies":[{"name":"wp","href":"https:\/\/api.w.org\/{rel}","templated":true}]}}