{"id":13963,"date":"2023-03-23T05:00:16","date_gmt":"2023-03-23T11:00:16","guid":{"rendered":"https:\/\/noticiasveracruz.com\/?p=13963"},"modified":"2023-03-23T08:58:58","modified_gmt":"2023-03-23T14:58:58","slug":"reflexionando-los-ideales-de-colosio","status":"publish","type":"post","link":"https:\/\/noticiasveracruz.com\/index.php\/2023\/03\/23\/reflexionando-los-ideales-de-colosio\/","title":{"rendered":"Reflexionando los ideales de Colosio"},"content":{"rendered":"<p>&nbsp;<\/p>\n<p class=\"p2\"><strong><span style=\"font-size: 18pt;\">Por Dra. Zaida Alicia Llad\u00f3 Castillo<\/span><\/strong><\/p>\n<p>&nbsp;<\/p>\n<p>&nbsp;<\/p>\n<p class=\"p3\" style=\"text-align: center;\"><span style=\"font-size: 18pt;\">\u201c<b><i>Reformar el poder, significa un presidencialismo sujeto estrictamente a los l\u00edmites constitucionales de su origen republicano y democr\u00e1tico\u201d<\/i><\/b><\/span><\/p>\n<p class=\"p1\" style=\"text-align: center;\"><span style=\"font-size: 18pt;\">\u2014 Luis Donaldo Colosio (6 de marzo de 1994) \u2014<\/span><\/p>\n<p>&nbsp;<\/p>\n<p>&nbsp;<\/p>\n<p class=\"p3\"><span style=\"font-size: 14pt;\">Un mi\u00e9rcoles 23 de marzo de 1994, aproximadamente las 17 horas, M\u00e9xico recib\u00eda la impactante noticia del atentado al candidato del PRI a la Presidencia de la Rep\u00fablica, Luis Donaldo Colosio Murrieta, en la Colonia Lomas Taurinas de la ciudad de Tijuana, Baja California.<span class=\"Apple-converted-space\">\u00a0 <\/span>El candidato, conclu\u00eda un mitin y en el momento que finaliz\u00f3 su discurso, bajando del templete y caminando entre la multitud que se arremolinaba para saludarlo, un individuo logr\u00f3 burlar la seguridad, le dispar\u00f3 y lo priv\u00f3 de la vida. Colosio ten\u00eda 44 a\u00f1os cuando fallece, estaba en la plenitud de su vida, en su mejor momento pol\u00edtico, para eso se hab\u00eda preparado, para dirigir la Naci\u00f3n. Y la mayor\u00eda de los mexicanos as\u00ed lo pens\u00e1bamos. Despu\u00e9s de ese lamentable acontecimiento se suscitaron una serie de hechos que evidenciaban que M\u00e9xico hab\u00eda de enfrentar en adelante, cambios sociales, econ\u00f3micos y pol\u00edticos serios y que habr\u00eda de prepararse para ello.\u00a0<\/span><\/p>\n<p class=\"p3\"><span style=\"font-size: 14pt;\">Para Luis Donaldo, la pol\u00edtica fue una de sus grandes pasiones, y la conceb\u00eda siempre como un juego \u00e9tico de ideales; ideales que defin\u00edan esa m\u00edstica en la que \u00e9l cre\u00eda, por eso<b><i>, \u201csu muerte solo seg\u00f3 su existencia, pero no los pensamientos que defend\u00eda\u201d,<\/i><\/b> como as\u00ed lo refiriera Diana Laura su compa\u00f1era de vida. <\/span><\/p>\n<p class=\"p3\"><span style=\"font-size: 14pt;\">Y c\u00f3mo hace falta en la actualidad que los partidos pol\u00edticos retomen los principios e <b>ideales <\/b>que han dado sentido a su existencia.<span class=\"Apple-converted-space\">\u00a0 <\/span>Y a eso convocaba Luis Donaldo en su momento, pues los conceb\u00eda como valores puros que tutelaban la actuaci\u00f3n de sus integrantes. Por eso plante\u00f3 en su momento a su partido, el PRI, para que no los olvidara y los retomara, en especial, cuando perdiera el rumbo. <\/span><\/p>\n<p class=\"p3\"><span style=\"font-size: 14pt;\">\u00c9l perteneci\u00f3 a una generaci\u00f3n de pol\u00edticos diferentes. Quiz\u00e1s la misma con la que muchos de nosotros nos identificamos. Hace 29 a\u00f1os el PRI era diferente, quiz\u00e1s porque M\u00e9xico lo era tambi\u00e9n. La pol\u00edtica mexicana se integraba, mayoritariamente, por hombres y mujeres de bien, probos, de convicci\u00f3n y lealtad a toda prueba. Hombres y mujeres de elevada cultura y nivel pol\u00edtico que basaban su formaci\u00f3n y actuaci\u00f3n a partir de un c\u00famulo de pensamientos y referentes hist\u00f3ricos, bases \u00e9ticas, doctrinas, s\u00edmbolos y pensamientos democr\u00e1ticos y de grandes convicciones de partido y nacionalistas. Hombres y mujeres, preocupados por generar la mejor oferta pol\u00edtica a la sociedad mexicana y comprometidos con la democracia. <\/span><\/p>\n<p class=\"p3\"><span style=\"font-size: 14pt;\">Tan es as\u00ed que, por iniciativa de esos pol\u00edticos, el propio PRI provoc\u00f3 cambios importantes con la finalidad de fortalecer a la democracia dando voz a las minor\u00edas y generando las condiciones para que las transiciones democr\u00e1ticas -que tarde o temprano hab\u00edan de acontecer-, se dieran a trav\u00e9s de la competencia justa y respetuosa y de esta manera M\u00e9xico no sufriera pasajes dolorosos ya superados. <\/span><\/p>\n<p class=\"p3\"><span style=\"font-size: 14pt;\">Luis Donaldo, dej\u00f3 plasmados en sus escritos y discursos, ideales y valores important\u00edsimos, que bien valdr\u00eda la pena retomar, no de manera somera, si no, reflexion\u00e1ndolos y tom\u00e1ndolos como base para el cumplimiento de tres objetivos principales: <\/span><\/p>\n<p>&nbsp;<\/p>\n<ul>\n<li><span class=\"s1\" style=\"font-size: 14pt;\"><strong>1.<\/strong>Para que la actuaci\u00f3n de los militantes y simpatizantes que participaran en los partidos fueran congruentes y su misi\u00f3n tuviera rumbo en el ejercicio de la pol\u00edtica; <\/span><\/li>\n<\/ul>\n<p>&nbsp;<\/p>\n<ul>\n<li><span class=\"s1\" style=\"font-size: 14pt;\"><strong>2.<\/strong>Para que estas instituciones, promovieran la participaci\u00f3n de sus militantes en el respeto y la pluralidad de ideas y ello les obligara a postular a hombres y mujeres de bien en los cargos de representaci\u00f3n, porque con ello iba impl\u00edcito el prestigio de sus siglas. <\/span><\/li>\n<\/ul>\n<p>&nbsp;<\/p>\n<ul>\n<li><span class=\"s1\" style=\"font-size: 14pt;\"><strong>3.<\/strong>Para hacer que esos valores pol\u00edticos, de partido, dieran forma a una actuaci\u00f3n \u00e9tica en la misi\u00f3n de gobierno, y sus representantes populares cumplieran de manera irrestricta con la obligaci\u00f3n de depositar su esfuerzo al servicio de la comunidad, anteponiendo el bienestar del conjunto, por sobre el bienestar individual o de grupo. <\/span><\/li>\n<\/ul>\n<p>&nbsp;<\/p>\n<p class=\"p3\"><span style=\"font-size: 14pt;\">Tales valores, al ser acatados, serian de invaluable utilidad porque se convertir\u00edan en inspiraci\u00f3n de sus dirigentes y militantes. Cuando un partido no cumpliera con estos, tarde o temprano, empezar\u00eda a debilitarse por no ser congruente entre el decir y el hacer y, su vigencia tender\u00eda a caducar. <\/span><\/p>\n<p class=\"p3\"><span style=\"font-size: 14pt;\">Luis Donaldo, siempre crey\u00f3 en la pol\u00edtica- su gran pasi\u00f3n-, y la conceb\u00eda como un juego \u00e9tico de ideales, y por ello se atrevi\u00f3 a plasmar ese valor m\u00edstico en un dec\u00e1logo que propusiera a la militancia del PRI, en 1991, y que hoy vale la pena retomar, porque puede ajustar a cualquier otro partido pol\u00edtico. Especialmente, para quienes se asumen como partidos, pero que no act\u00faan como tales, recordando lo importante que es devolverles a estos su verdadera misi\u00f3n, adoptando una actuaci\u00f3n congruente:<\/span><\/p>\n<p>&nbsp;<\/p>\n<ul>\n<li><span class=\"s1\" style=\"font-size: 14pt;\"><strong>1.<\/strong>\u201cEl partido, debe aspirar a ser uno nuevo, el partido de las tareas actuales de la Revoluci\u00f3n Mexicana, el partido que contribuye a la democracia, el partido de las libertades, de la justicia social y de la soberan\u00eda. De esta manera refrendamos nuestros valores y actualizamos sus exigencias de acuerdo con las demandas y potencialidades de la sociedad de hoy\u201d.<\/span><\/li>\n<\/ul>\n<p>&nbsp;<\/p>\n<ul>\n<li><span class=\"s1\" style=\"font-size: 14pt;\"><strong>2.<\/strong> \u201cUn partido de hombres y mujeres que de frente a la Naci\u00f3n actuamos de buena fe; un partido de la sociedad, un partido de la iniciativa social que recoja y represente los intereses de la comunidad; que impulse la nueva organizaci\u00f3n siendo solidarios\u201d. <\/span><\/li>\n<\/ul>\n<p>&nbsp;<\/p>\n<ul>\n<li><span class=\"s1\" style=\"font-size: 14pt;\"><strong>3.<\/strong> \u201cUn partido plural, abierto, con derecho y respeto a la cr\u00edtica\u201d. <\/span><\/li>\n<\/ul>\n<p>&nbsp;<\/p>\n<ul>\n<li><span class=\"s1\" style=\"font-size: 14pt;\"><strong>4.<\/strong> \u201cUn partido con direcci\u00f3n colectiva, de grupos de opini\u00f3n, de convocatoria amplia, con voz y con iniciativa propia\u201d.<\/span><\/li>\n<\/ul>\n<p>&nbsp;<\/p>\n<ul>\n<li><span class=\"s1\" style=\"font-size: 14pt;\"><strong>5.<\/strong> \u201cUn partido con una nueva relaci\u00f3n de absoluto respeto con el gobierno. As\u00ed reformamos nuestra organizaci\u00f3n\u201d.<\/span><\/li>\n<\/ul>\n<p>&nbsp;<\/p>\n<ul>\n<li><span class=\"s1\" style=\"font-size: 14pt;\"><strong>6.<\/strong> \u201cUn partido para la democracia territorial, descentralizando con intensa vida pol\u00edtica en el municipio, sus acciones\u201d.<\/span><\/li>\n<\/ul>\n<p>&nbsp;<\/p>\n<ul>\n<li><span class=\"s1\" style=\"font-size: 14pt;\"><strong>7.<\/strong> \u201cUn partido pol\u00edticamente competitivo, un partido con reglas claras para hacer valer la aut\u00e9nticamente carrera de partido y la militancia, para la justa participaci\u00f3n y la competencia interna\u201d.<\/span><\/li>\n<\/ul>\n<p>&nbsp;<\/p>\n<ul>\n<li><span class=\"s1\" style=\"font-size: 14pt;\"><strong>8.<\/strong>\u201cUn partido de cuadros pol\u00edticos competentes, con candidatos y dirigentes, que se ganen el respeto con el trabajo, la perseverancia y el tes\u00f3n. El respaldo del partido lo tenemos que buscar en la sociedad misma\u201d.<\/span><\/li>\n<\/ul>\n<p>&nbsp;<\/p>\n<ul>\n<li><span class=\"s1\" style=\"font-size: 14pt;\"><strong>9.<\/strong>\u201cUn partido transparente en sus finanzas y con cuentas claras. As\u00ed atendemos a las demandas y exigencias de autonom\u00eda\u201d. <\/span><\/li>\n<\/ul>\n<p>&nbsp;<\/p>\n<ul>\n<li><span style=\"font-size: 14pt;\"><span class=\"s1\"><strong>10.<\/strong>\u201cUn partido, en s\u00edntesis, de ideas, de proyectos, de acci\u00f3n pol\u00edtica, comprometido con la verdad y el rigor en los argumentos con interlocuci\u00f3n abierta y con amplia difusi\u00f3n\u201d. <\/span> <\/span><\/li>\n<\/ul>\n<p class=\"p2\"><span style=\"font-size: 14pt;\">Por eso hoy<span class=\"s3\"> a 29 a\u00f1os del fallecimiento de Colosio<\/span>, la mejor manera de recordarlo es haciendo honor a su legado, dando a M\u00e9xico lo que \u00e9l hubiera querido construir si hubiera llegado a ser Presidente. Igualmente, vale la pena estudiar su ideario, para sacar el mejor provecho de este, ya que en cada palabra y pensamiento exhibi\u00f3 el convencimiento de que la pol\u00edtica -operada en la verdad, la probidad y la eficiencia-, pod\u00eda ser el mejor instrumento para que una sociedad avanzara en la unidad, el respeto y la confianza.<\/span><\/p>\n<p>&nbsp;<\/p>\n<p class=\"p2\"><span style=\"font-size: 18pt;\"><b> \u201c\u2026Es la hora de la reforma del poder, de construir un nuevo equilibrio en la vida de la rep\u00fablica; es la hora del poder ciudadano. Es la hora de la democracia; es la hora de hacer de la buena aplicaci\u00f3n de la justicia el gran instrumento para combatir el cacicazgo, para combatir los templos del poder y el abandono de nuestras comunidades&#8230; \u00a1Es la hora de la Naci\u00f3n! \u00a1Es la hora de reafirmar valores que nos unen! \u00a1Es la hora del cambio con rumbo seguro, para garantizar paz y tranquilidad a nuestros hijos! \u00a1Es la hora de ser fuertes todos, haciendo fuerte a M\u00e9xico!\u201d<\/b><\/span><\/p>\n<p class=\"p2\"><span style=\"font-size: 14pt;\">\u2014 Luis Donaldo Colosio Murrieta, 23 de marzo de 1994 <span class=\"Apple-converted-space\">\u2014<\/span><\/span><\/p>\n<p>&nbsp;<\/p>\n<p class=\"p1\"><span style=\"font-size: 14pt;\"> <span style=\"font-size: 18pt;\"><strong>Gracias y hasta la pr\u00f3xima<\/strong><\/span><\/span><\/p>\n<p>&nbsp;<\/p>\n<hr \/>\n<p>&nbsp;<\/p>\n<p>&nbsp;<\/p>\n<p><img loading=\"lazy\" decoding=\"async\" class=\"aligncenter wp-image-11449\" src=\"http:\/\/noticiasveracruz.com\/wp-content\/uploads\/2023\/01\/FIRMA-EDITORIAL-NV-300x37.png\" alt=\"\" width=\"1000\" height=\"122\" srcset=\"https:\/\/noticiasveracruz.com\/wp-content\/uploads\/2023\/01\/FIRMA-EDITORIAL-NV-300x37.png 300w, https:\/\/noticiasveracruz.com\/wp-content\/uploads\/2023\/01\/FIRMA-EDITORIAL-NV-1024x125.png 1024w, https:\/\/noticiasveracruz.com\/wp-content\/uploads\/2023\/01\/FIRMA-EDITORIAL-NV-768x94.png 768w, https:\/\/noticiasveracruz.com\/wp-content\/uploads\/2023\/01\/FIRMA-EDITORIAL-NV-1536x188.png 1536w, https:\/\/noticiasveracruz.com\/wp-content\/uploads\/2023\/01\/FIRMA-EDITORIAL-NV-2048x250.png 2048w\" sizes=\"auto, (max-width: 1000px) 100vw, 1000px\" \/><\/p>\n<p>&nbsp;<\/p>\n<p>&nbsp;<\/p>\n<p>&nbsp;<\/p>\n<p>&nbsp;<\/p>\n","protected":false},"excerpt":{"rendered":"<p>&nbsp; Por Dra. Zaida Alicia Llad\u00f3 Castillo &nbsp; &nbsp; \u201cReformar el poder, significa un presidencialismo sujeto estrictamente a los l\u00edmites<\/p>\n","protected":false},"author":4,"featured_media":3563,"comment_status":"closed","ping_status":"closed","sticky":false,"template":"","format":"standard","meta":{"colormag_page_container_layout":"default_layout","colormag_page_sidebar_layout":"default_layout","_jetpack_memberships_contains_paid_content":false,"footnotes":"","jetpack_publicize_message":"","jetpack_publicize_feature_enabled":true,"jetpack_social_post_already_shared":true,"jetpack_social_options":{"image_generator_settings":{"template":"highway","default_image_id":0,"font":"","enabled":false},"version":2}},"categories":[6],"tags":[],"class_list":["post-13963","post","type-post","status-publish","format-standard","has-post-thumbnail","hentry","category-columnistas"],"jetpack_publicize_connections":[],"jetpack_featured_media_url":"https:\/\/noticiasveracruz.com\/wp-content\/uploads\/2022\/04\/DRA.-ZAIDA.png","jetpack_sharing_enabled":true,"publishpress_future_action":{"enabled":false,"date":"2026-05-07 02:22:15","action":"change-status","newStatus":"draft","terms":[],"taxonomy":"category","extraData":[]},"publishpress_future_workflow_manual_trigger":{"enabledWorkflows":[]},"_links":{"self":[{"href":"https:\/\/noticiasveracruz.com\/index.php\/wp-json\/wp\/v2\/posts\/13963","targetHints":{"allow":["GET"]}}],"collection":[{"href":"https:\/\/noticiasveracruz.com\/index.php\/wp-json\/wp\/v2\/posts"}],"about":[{"href":"https:\/\/noticiasveracruz.com\/index.php\/wp-json\/wp\/v2\/types\/post"}],"author":[{"embeddable":true,"href":"https:\/\/noticiasveracruz.com\/index.php\/wp-json\/wp\/v2\/users\/4"}],"replies":[{"embeddable":true,"href":"https:\/\/noticiasveracruz.com\/index.php\/wp-json\/wp\/v2\/comments?post=13963"}],"version-history":[{"count":0,"href":"https:\/\/noticiasveracruz.com\/index.php\/wp-json\/wp\/v2\/posts\/13963\/revisions"}],"wp:featuredmedia":[{"embeddable":true,"href":"https:\/\/noticiasveracruz.com\/index.php\/wp-json\/wp\/v2\/media\/3563"}],"wp:attachment":[{"href":"https:\/\/noticiasveracruz.com\/index.php\/wp-json\/wp\/v2\/media?parent=13963"}],"wp:term":[{"taxonomy":"category","embeddable":true,"href":"https:\/\/noticiasveracruz.com\/index.php\/wp-json\/wp\/v2\/categories?post=13963"},{"taxonomy":"post_tag","embeddable":true,"href":"https:\/\/noticiasveracruz.com\/index.php\/wp-json\/wp\/v2\/tags?post=13963"}],"curies":[{"name":"wp","href":"https:\/\/api.w.org\/{rel}","templated":true}]}}