{"id":13957,"date":"2023-03-22T06:15:08","date_gmt":"2023-03-22T12:15:08","guid":{"rendered":"https:\/\/noticiasveracruz.com\/?p=13957"},"modified":"2023-03-22T11:37:23","modified_gmt":"2023-03-22T17:37:23","slug":"delfina-alejandra-hacia-un-nuevo-escenario","status":"publish","type":"post","link":"https:\/\/noticiasveracruz.com\/index.php\/2023\/03\/22\/delfina-alejandra-hacia-un-nuevo-escenario\/","title":{"rendered":"Delfina-Alejandra: hacia un nuevo escenario"},"content":{"rendered":"<p>&nbsp;<\/p>\n<p class=\"p1\"><span style=\"font-size: 18pt;\"><strong>Por Jos\u00e9 Ure\u00f1a<\/strong><\/span><\/p>\n<p class=\"p1\"><span style=\"font-size: 14pt;\">Las tendencias mexiquenses avanzan hacia su reconfiguraci\u00f3n.<\/span><\/p>\n<p class=\"p1\"><span style=\"font-size: 14pt;\">A vista de las encuestas se dan dos fen\u00f3menos: <\/span><span style=\"font-size: 14pt;\">La puntera Delfina G\u00f3mez, candidata de Palacio Nacional, no logra subsanar fallas y cada d\u00eda muestra m\u00e1s las costuras en su equipo de campa\u00f1a.<\/span><\/p>\n<p class=\"p1\"><span style=\"font-size: 14pt;\">Por ello ha pedido auxilio y van los refuerzos. <\/span><span style=\"font-size: 14pt;\">En contraste, la priista Alejandra del Moral acelera su marcha, penetra en sus recorridos por tierra, remonta en encuestas y refuerza la unidad de la alianza Va por M\u00e9xico. <\/span><span style=\"font-size: 14pt;\">Hoy no hay exgobernador ajeno a ella.<\/span><\/p>\n<p class=\"p1\"><span style=\"font-size: 14pt;\">Aunque la mano m\u00e1s visible es C\u00e9sar Camacho Quiroz, lo arropan con acciones espec\u00edficas Emilio Chuayffet, Arturo Montiel y Eruviel \u00c1vila.<\/span><\/p>\n<p class=\"p1\"><span style=\"font-size: 14pt;\">Cada uno lo hace seg\u00fan su tiempo y su condici\u00f3n f\u00edsica, pues no todos pueden asumir responsabilidades de primera l\u00ednea todo el tiempo.<\/span><\/p>\n<p class=\"p1\"><span style=\"font-size: 14pt;\">A ellos se suma la diputada Ana Lilia Herrera, ex aspirante a la gubernatura y con gran estructura en todo el Estado de M\u00e9xico e inclusive nexos valiosos con militantes de otros partidos, incluidos morenistas.<\/span><\/p>\n<p class=\"p1\"><span style=\"font-size: 14pt;\">Solamente el expresidente Enrique Pe\u00f1a Nieto se ha abstra\u00eddo por decisi\u00f3n propia y, nadie lo dude, por recomendaci\u00f3n de quienes ver\u00edan su participaci\u00f3n como blanco de ataques.<\/span><\/p>\n<p class=\"p1\"><span style=\"font-size: 14pt;\">\u00c9l no aparecer\u00e1 p\u00fablicamente.<\/span><\/p>\n<p>&nbsp;<\/p>\n<p class=\"p1\"><span style=\"font-size: 18pt; color: #e42d33;\"><strong>SOS A GOBIERNOS<\/strong><\/span><\/p>\n<p class=\"p1\"><span style=\"font-size: 14pt;\">La situaci\u00f3n de Delfina G\u00f3mez es distinta. No logra la conciliaci\u00f3n y suma del creador del llamado Grupo Texcoco, Higinio Mart\u00ednez, quien a\u00fan se siente con pleno derecho a ser el abanderado del oficialismo.<\/span><\/p>\n<p class=\"p1\"><span style=\"font-size: 14pt;\">En adici\u00f3n, la imagen del coordinador de campa\u00f1a, Horacio Duarte, no es la mejor tras su paso por Aduanas y se le considera adversario de su antiguo promotor, el ahora senador Higinio Mart\u00ednez.<\/span><\/p>\n<p class=\"p1\"><span style=\"font-size: 14pt;\">Otro inconveniente es la ausencia de su principal impulsor de hace seis a\u00f1os, pues est\u00e1 en el despacho presidencial y el alud de funcionarios p\u00fablicos enviados no llenan su vac\u00edo.<\/span><\/p>\n<p class=\"p1\"><span style=\"font-size: 14pt;\">Por ello ha acudido a varios despachos del gabinete federal y gobernadores en busca de refuerzos para el inicio de campa\u00f1a el 3 de abril. El temor cunde en su campamento.<\/span><\/p>\n<p>&nbsp;<\/p>\n<p class=\"p1\"><span style=\"color: #e42d33;\"><strong><span style=\"font-size: 18pt;\">TV AZTECA NEGOCIA<\/span><\/strong><\/span><\/p>\n<p class=\"p1\"><span style=\"font-size: 14pt;\">1. TV Azteca va en pos de la reestructuraci\u00f3n. Ayer reiter\u00f3 a sus acreedores \u201csu compromiso y disposici\u00f3n\u201d de dialogar a fin de alcanzar un acuerdo favorable para todas las partes.<\/span><\/p>\n<p class=\"p1\"><span style=\"font-size: 14pt;\">El mensaje va dirigido a \u201ctodas las partes con los tenedores de deuda del bono con vencimiento en el 2024\u201d, a\u00f1o de transici\u00f3n pol\u00edtica en M\u00e9xico.<\/span><\/p>\n<p class=\"p1\"><span style=\"font-size: 14pt;\">La operaci\u00f3n involucra 63 millones de d\u00f3lares reclamados por tenedores en un procedimiento legal en Nueva York.<\/span><\/p>\n<p class=\"p1\"><span style=\"font-size: 14pt;\">Y 2. Estados Unidos aumentar\u00e1 sus presiones hacia M\u00e9xico por el transporte y venta de fentanilo, un problema desestimado aqu\u00ed por el Gobierno. En el pa\u00eds no hay consumo, se asegura, y la producci\u00f3n es muy baja porque los precursores de este descubrimiento m\u00e9dico, en 1960 por Paul Janssen, vienen de Asia. Washington no cree lo mismo porque, documenta, hay multitud de laboratorios y 80% del fentanilo llega a su territorio por la frontera sur para causar 100 mil muertos al a\u00f1o.<\/span><\/p>\n<p class=\"p1\"><span style=\"font-size: 14pt;\">Nada nuevo, adem\u00e1s, porque en agosto de 2022 Televisa transmiti\u00f3 en su plataforma de noticias N+ el reportaje galardonado Fentanilo: futuro para el narco, muerte para la humanidad.<\/span><\/p>\n<p class=\"p1\"><span style=\"font-size: 14pt;\">\u00bfQu\u00e9 se ha hecho desde entonces? <\/span><span style=\"font-size: 14pt;\">Muy poco.<\/span><\/p>\n<p>&nbsp;<\/p>\n<hr \/>\n<p>&nbsp;<\/p>\n<p><img loading=\"lazy\" decoding=\"async\" class=\"aligncenter wp-image-11449\" src=\"http:\/\/noticiasveracruz.com\/wp-content\/uploads\/2023\/01\/FIRMA-EDITORIAL-NV-300x37.png\" alt=\"\" width=\"1000\" height=\"122\" srcset=\"https:\/\/noticiasveracruz.com\/wp-content\/uploads\/2023\/01\/FIRMA-EDITORIAL-NV-300x37.png 300w, https:\/\/noticiasveracruz.com\/wp-content\/uploads\/2023\/01\/FIRMA-EDITORIAL-NV-1024x125.png 1024w, https:\/\/noticiasveracruz.com\/wp-content\/uploads\/2023\/01\/FIRMA-EDITORIAL-NV-768x94.png 768w, https:\/\/noticiasveracruz.com\/wp-content\/uploads\/2023\/01\/FIRMA-EDITORIAL-NV-1536x188.png 1536w, https:\/\/noticiasveracruz.com\/wp-content\/uploads\/2023\/01\/FIRMA-EDITORIAL-NV-2048x250.png 2048w\" sizes=\"auto, (max-width: 1000px) 100vw, 1000px\" \/><\/p>\n<p>&nbsp;<\/p>\n<p>&nbsp;<\/p>\n","protected":false},"excerpt":{"rendered":"<p>&nbsp; Por Jos\u00e9 Ure\u00f1a Las tendencias mexiquenses avanzan hacia su reconfiguraci\u00f3n. A vista de las encuestas se dan dos fen\u00f3menos:<\/p>\n","protected":false},"author":4,"featured_media":3258,"comment_status":"closed","ping_status":"closed","sticky":false,"template":"","format":"standard","meta":{"colormag_page_container_layout":"default_layout","colormag_page_sidebar_layout":"default_layout","_jetpack_memberships_contains_paid_content":false,"footnotes":"","jetpack_publicize_message":"","jetpack_publicize_feature_enabled":true,"jetpack_social_post_already_shared":true,"jetpack_social_options":{"image_generator_settings":{"template":"highway","default_image_id":0,"font":"","enabled":false},"version":2}},"categories":[6],"tags":[2314],"class_list":["post-13957","post","type-post","status-publish","format-standard","has-post-thumbnail","hentry","category-columnistas","tag-jo"],"jetpack_publicize_connections":[],"jetpack_featured_media_url":"https:\/\/noticiasveracruz.com\/wp-content\/uploads\/2022\/04\/JOSE\u0301-UREN\u0303A.png","jetpack_sharing_enabled":true,"publishpress_future_action":{"enabled":false,"date":"2026-05-06 23:48:17","action":"change-status","newStatus":"draft","terms":[],"taxonomy":"category","extraData":[]},"publishpress_future_workflow_manual_trigger":{"enabledWorkflows":[]},"_links":{"self":[{"href":"https:\/\/noticiasveracruz.com\/index.php\/wp-json\/wp\/v2\/posts\/13957","targetHints":{"allow":["GET"]}}],"collection":[{"href":"https:\/\/noticiasveracruz.com\/index.php\/wp-json\/wp\/v2\/posts"}],"about":[{"href":"https:\/\/noticiasveracruz.com\/index.php\/wp-json\/wp\/v2\/types\/post"}],"author":[{"embeddable":true,"href":"https:\/\/noticiasveracruz.com\/index.php\/wp-json\/wp\/v2\/users\/4"}],"replies":[{"embeddable":true,"href":"https:\/\/noticiasveracruz.com\/index.php\/wp-json\/wp\/v2\/comments?post=13957"}],"version-history":[{"count":0,"href":"https:\/\/noticiasveracruz.com\/index.php\/wp-json\/wp\/v2\/posts\/13957\/revisions"}],"wp:featuredmedia":[{"embeddable":true,"href":"https:\/\/noticiasveracruz.com\/index.php\/wp-json\/wp\/v2\/media\/3258"}],"wp:attachment":[{"href":"https:\/\/noticiasveracruz.com\/index.php\/wp-json\/wp\/v2\/media?parent=13957"}],"wp:term":[{"taxonomy":"category","embeddable":true,"href":"https:\/\/noticiasveracruz.com\/index.php\/wp-json\/wp\/v2\/categories?post=13957"},{"taxonomy":"post_tag","embeddable":true,"href":"https:\/\/noticiasveracruz.com\/index.php\/wp-json\/wp\/v2\/tags?post=13957"}],"curies":[{"name":"wp","href":"https:\/\/api.w.org\/{rel}","templated":true}]}}