{"id":13926,"date":"2023-03-22T06:25:23","date_gmt":"2023-03-22T12:25:23","guid":{"rendered":"https:\/\/noticiasveracruz.com\/?p=13926"},"modified":"2023-03-22T06:25:23","modified_gmt":"2023-03-22T12:25:23","slug":"la-austeridad-hunde-al-mecanismo","status":"publish","type":"post","link":"https:\/\/noticiasveracruz.com\/index.php\/2023\/03\/22\/la-austeridad-hunde-al-mecanismo\/","title":{"rendered":"La austeridad hunde al Mecanismo"},"content":{"rendered":"<p class=\"p1\">\n<p>&nbsp;<\/p>\n<p class=\"p1\"><span style=\"font-size: 18pt;\"><b>Por \u00c1ngel \u00c1lvaro Pe\u00f1a<\/b><\/span><\/p>\n<p class=\"p1\"><span style=\"font-size: 14pt;\">Algo debe suceder en el Mecanismo de Protecci\u00f3n de Personas Defensoras de Derechos Humanos y Periodistas, que cada vez ofrecen un peor servicio, sin importar que lo que est\u00e1 de por medio es la eficacia de su labor que es la protecci\u00f3n de la vida humana.<\/span><\/p>\n<p class=\"p1\"><span style=\"font-size: 18pt; color: #e42d33;\"><strong>Desde su creaci\u00f3n, el 25 de junio de 2012, dicho mecanismo se define como un derecho, aunque adentro de esas oficinas lo han considerado \u00faltimamente como un favor que se les hace a los comunicadores y defensores de los derechos humanos. De la irresponsabilidad se pas\u00f3 a la ineficacia y de la posterior indiferencia se pas\u00f3 a la apat\u00eda.<\/strong><\/span><\/p>\n<p class=\"p1\"><span style=\"font-size: 18pt;\"><strong>La posici\u00f3n del Mecanismo ante los periodistas es de rechazo, m\u00e1s a\u00fan si se trata de comunicadores que se han visto en la necesidad de ampararse para recibir su protecci\u00f3n porque ante su obsesi\u00f3n por la austeridad retiran su servicio, aunque el implicado lo requiera, trat\u00e1ndose, en muchos casos, de vida o muerte.<\/strong><\/span><\/p>\n<p class=\"p1\"><span style=\"font-size: 14pt;\">Ante esta situaci\u00f3n, la actitud del Mecanismo se convierte en enemistad. Los fallos de los amparos en favor de los periodistas, recrudece los roces contra el Poder Judicial, donde si bien hay m\u00e1s elementos honestos que corruptos, se generaliza para crear enemistades a veces ficticias.<\/span><\/p>\n<p class=\"p1\"><span style=\"font-size: 18pt;\"><strong>En medio de este caos surgen los emisarios del pasado, quienes quieren tener un lucimiento personal sin mostrar calidad en el trabajo. Es el caso de un sujeto que se presenta como experto en todas las ramas del derecho, con atributos de s\u00faper h\u00e9roe. Y que quiere dar instrucciones hasta a los propios protegidos por el mecanismo y lo \u00fanico que demuestra es su ignorancia de lo que es seguridad, protecci\u00f3n, periodismo y derecho.<\/strong><\/span><\/p>\n<p>&nbsp;<\/p>\n<p><img loading=\"lazy\" decoding=\"async\" class=\"aligncenter wp-image-17574 size-large\" src=\"https:\/\/politicosaldesnudo.com.mx\/wp-content\/uploads\/2023\/03\/P-PERIODISTAS-1-1024x573.png\" alt=\"\" width=\"800\" height=\"448\" \/><\/p>\n<p>&nbsp;<\/p>\n<p class=\"p1\"><span style=\"font-size: 18pt; color: #e42d33;\"><strong>Luis Pablo Ballesteros Sosa, coordinador de Evaluaci\u00f3n de Riesgos del Mecanismo de Protecci\u00f3n a Periodistas de la Secretar\u00eda de Gobernaci\u00f3n, se convirti\u00f3 en el modelo de lo que un protector de la integridad de cualquier ser humano no debe hacer. Responsable de la integridad de los protegidos, regatea recursos, vi\u00e1ticos, protecci\u00f3n, atenci\u00f3n, tiempo.<\/strong><\/span><\/p>\n<p class=\"p1\"><span style=\"font-size: 14pt;\">Desde su primer trabajo, en el despacho de un familiar cercano, muestra ser un gran fraude, porque se dice haber obtenido experiencia de todas las ramas del derecho existentes y las que vayan a descubrirse en un futuro. En realidad, se trata de un bur\u00f3crata de medio pelo que intenta quedar bien con los jefes a expensas de los derechos de los comunicadores.<\/span><\/p>\n<p class=\"p1\"><span style=\"font-size: 18pt; color: #e42d33;\"><strong>Su ignorancia lo obliga a solicitar recursos a los guardias 72 horas antes de cualquier movilizaci\u00f3n del protegido, como si las noticias pudieran avisar cu\u00e1ndo van a ocurrir.<\/strong><\/span><\/p>\n<p class=\"p1\"><span style=\"font-size: 18pt;\"><strong>La manera de ver las tareas que pueden salvar la vida a un ser humano se convierten en la m\u00e1s absurda burocratizaci\u00f3n, como si la muerte avisara su presencia en la Oficial\u00eda de partes.<\/strong><\/span><\/p>\n<p class=\"p1\"><span style=\"font-size: 14pt;\">Desde luego que la mejor manera que tienen los mediocres para sobrevivir es convertirse en la alfombra de los jefes y decir que pueden resolver todos los problemas cuando en realidad los complican.<\/span><\/p>\n<p class=\"p1\"><span style=\"font-size: 14pt;\">El Mecanismo exige de una refundaci\u00f3n de arriba hacia abajo, hay que limpiarlo de viejos vicios de sexenios pasados, y hacer conciencia sobre la responsabilidad de la vida humana, que es parte esencial en su trabajo.<\/span><\/p>\n<p class=\"p1\"><span style=\"font-size: 18pt;\"><strong>Personajes como Pablo Luis Ballesteros, una persona fraudulenta en s\u00ed misma, que muestran su novatez en cada una de sus tareas prefiere dar instrucciones sobre c\u00f3mo deben llevar su vida los periodistas, en lugar de contestar las solicitudes de los comunicadores, sobre temas importantes donde les va la vida, como el n\u00famero de guardias, la cantidad de armas que deben portar, etc.<\/strong><\/span><\/p>\n<p class=\"p1\"><span style=\"font-size: 14pt;\">El Mecanismo debe ser preventivo, es decir, debe evitar muertes, esto todav\u00eda no lo entiende esa estructura que primero piensa en el ahorro de recursos, y luego en la vida. Si es necesario que pida ayuda privada, que los medios de informaci\u00f3n pudieran aportar algo para la protecci\u00f3n de los periodistas ante la inutilidad de un Mecanismo que ha demostrado su ineficacia.<\/span><\/p>\n<p class=\"p1\"><span style=\"font-size: 18pt; color: #e42d33;\"><strong>De seguir esta clase bur\u00f3cratas inexpertos y enquistados en el Mecanismo la muerte de los comunicadores est\u00e1 m\u00e1s cercana y su vida es m\u00e1s vulnerable.<\/strong><\/span><\/p>\n<p>&nbsp;<\/p>\n<p class=\"p1\"><span style=\"font-size: 18pt; color: #e42d33;\"><b>PEGA Y CORRE<\/b><\/span><\/p>\n<p class=\"p1\"><span style=\"font-size: 14pt;\">Uno de los pocos pensadores que ten\u00eda el PRI, Arturo Zamora, renunci\u00f3 para afiliarse a otra fuerza pol\u00edtica. Envi\u00f3 una carta al Comit\u00e9 Directivo estatal en Jalisco, de su partido para dar a conocer su decisi\u00f3n, con car\u00e1cter de irrevocable.<\/span><\/p>\n<p>&nbsp;<\/p>\n<p><em><span style=\"font-size: 18pt;\"><strong>Esta columna se publica los lunes, mi\u00e9rcoles y viernes<\/strong><\/span><\/em><\/p>\n<p>&nbsp;<\/p>\n<hr \/>\n<p>&nbsp;<\/p>\n<p><img loading=\"lazy\" decoding=\"async\" class=\"aligncenter wp-image-11449\" src=\"http:\/\/noticiasveracruz.com\/wp-content\/uploads\/2023\/01\/FIRMA-EDITORIAL-NV-300x37.png\" alt=\"\" width=\"1000\" height=\"122\" srcset=\"https:\/\/noticiasveracruz.com\/wp-content\/uploads\/2023\/01\/FIRMA-EDITORIAL-NV-300x37.png 300w, https:\/\/noticiasveracruz.com\/wp-content\/uploads\/2023\/01\/FIRMA-EDITORIAL-NV-1024x125.png 1024w, https:\/\/noticiasveracruz.com\/wp-content\/uploads\/2023\/01\/FIRMA-EDITORIAL-NV-768x94.png 768w, https:\/\/noticiasveracruz.com\/wp-content\/uploads\/2023\/01\/FIRMA-EDITORIAL-NV-1536x188.png 1536w, https:\/\/noticiasveracruz.com\/wp-content\/uploads\/2023\/01\/FIRMA-EDITORIAL-NV-2048x250.png 2048w\" sizes=\"auto, (max-width: 1000px) 100vw, 1000px\" \/><\/p>\n<p>&nbsp;<\/p>\n<p>&nbsp;<\/p>\n<p>&nbsp;<\/p>\n<p>&nbsp;<\/p>\n<p>&nbsp;<\/p>\n<p>&nbsp;<\/p>\n<p>&nbsp;<\/p>\n<p>&nbsp;<\/p>\n","protected":false},"excerpt":{"rendered":"<p>&nbsp; Por \u00c1ngel \u00c1lvaro Pe\u00f1a Algo debe suceder en el Mecanismo de Protecci\u00f3n de Personas Defensoras de Derechos Humanos y<\/p>\n","protected":false},"author":4,"featured_media":3187,"comment_status":"closed","ping_status":"closed","sticky":false,"template":"","format":"standard","meta":{"colormag_page_container_layout":"default_layout","colormag_page_sidebar_layout":"default_layout","_jetpack_memberships_contains_paid_content":false,"footnotes":"","jetpack_publicize_message":"","jetpack_publicize_feature_enabled":true,"jetpack_social_post_already_shared":true,"jetpack_social_options":{"image_generator_settings":{"template":"highway","default_image_id":0,"font":"","enabled":false},"version":2}},"categories":[6],"tags":[2225,818,217],"class_list":["post-13926","post","type-post","status-publish","format-standard","has-post-thumbnail","hentry","category-columnistas","tag-burocratas","tag-mecanismo","tag-periodistas"],"jetpack_publicize_connections":[],"jetpack_featured_media_url":"https:\/\/noticiasveracruz.com\/wp-content\/uploads\/2022\/04\/A\u0301NGEL-A\u0301LVARO-PEN\u0303A.png","jetpack_sharing_enabled":true,"publishpress_future_action":{"enabled":false,"date":"2026-05-07 00:37:51","action":"change-status","newStatus":"draft","terms":[],"taxonomy":"category","extraData":[]},"publishpress_future_workflow_manual_trigger":{"enabledWorkflows":[]},"_links":{"self":[{"href":"https:\/\/noticiasveracruz.com\/index.php\/wp-json\/wp\/v2\/posts\/13926","targetHints":{"allow":["GET"]}}],"collection":[{"href":"https:\/\/noticiasveracruz.com\/index.php\/wp-json\/wp\/v2\/posts"}],"about":[{"href":"https:\/\/noticiasveracruz.com\/index.php\/wp-json\/wp\/v2\/types\/post"}],"author":[{"embeddable":true,"href":"https:\/\/noticiasveracruz.com\/index.php\/wp-json\/wp\/v2\/users\/4"}],"replies":[{"embeddable":true,"href":"https:\/\/noticiasveracruz.com\/index.php\/wp-json\/wp\/v2\/comments?post=13926"}],"version-history":[{"count":0,"href":"https:\/\/noticiasveracruz.com\/index.php\/wp-json\/wp\/v2\/posts\/13926\/revisions"}],"wp:featuredmedia":[{"embeddable":true,"href":"https:\/\/noticiasveracruz.com\/index.php\/wp-json\/wp\/v2\/media\/3187"}],"wp:attachment":[{"href":"https:\/\/noticiasveracruz.com\/index.php\/wp-json\/wp\/v2\/media?parent=13926"}],"wp:term":[{"taxonomy":"category","embeddable":true,"href":"https:\/\/noticiasveracruz.com\/index.php\/wp-json\/wp\/v2\/categories?post=13926"},{"taxonomy":"post_tag","embeddable":true,"href":"https:\/\/noticiasveracruz.com\/index.php\/wp-json\/wp\/v2\/tags?post=13926"}],"curies":[{"name":"wp","href":"https:\/\/api.w.org\/{rel}","templated":true}]}}