{"id":13798,"date":"2023-03-18T06:57:44","date_gmt":"2023-03-18T12:57:44","guid":{"rendered":"https:\/\/noticiasveracruz.com\/?p=13798"},"modified":"2023-03-18T06:57:58","modified_gmt":"2023-03-18T12:57:58","slug":"ignacio-ovalle-una-gente-buena","status":"publish","type":"post","link":"https:\/\/noticiasveracruz.com\/index.php\/2023\/03\/18\/ignacio-ovalle-una-gente-buena\/","title":{"rendered":"Ignacio Ovalle, una gente buena\u2026"},"content":{"rendered":"<p>&nbsp;<\/p>\n<p class=\"p1\"><span style=\"font-size: 18pt;\"><strong>Por Mois\u00e9s S\u00e1nchez Lim\u00f3n <\/strong><\/span><\/p>\n<p class=\"p1\"><span style=\"font-size: 14pt;\">Era mi\u00e9rcoles 5 de diciembre de 2018. Apenas balbuceaba sus primeras palabras el naciente gobierno cuya bandera, con la que arras\u00f3 en la elecci\u00f3n presidencial, se alzaba en el combate a la corrupci\u00f3n.<\/span><\/p>\n<p class=\"p1\"><span style=\"font-size: 14pt;\">Ese d\u00eda, el licenciado Ignacio Ovalle Fern\u00e1ndez, una \u201cgente buena\u201d que desde julio anterior se hab\u00eda hecho cargo del nonato organismo Seguridad Alimentaria Mexicana (Segalmex), v\u00eda telef\u00f3nica se deshizo de Enrique Manuel J. Sada Fern\u00e1ndez<\/span><\/p>\n<p class=\"p1\"><span style=\"font-size: 14pt;\">Usted se preguntar\u00e1 qui\u00e9n es Enrique Manuel J. Sada Fern\u00e1ndez.<\/span><\/p>\n<p class=\"p1\"><span style=\"font-size: 14pt;\">Es uno de esos mexicanos que hizo carrera en el sector p\u00fablico y crey\u00f3 en esa entelequia llamada 4T y que las escaleras de la corrupci\u00f3n <\/span>\u2014<span style=\"font-size: 14pt;\">\u00a1faltaba m\u00e1s, carajo!<\/span>\u2014 <span style=\"font-size: 14pt;\">se barrer\u00edan de arriba hacia abajo.<\/span><\/p>\n<p class=\"p1\"><span style=\"font-size: 14pt;\">Pero\u2026<\/span><\/p>\n<p class=\"p1\"><span style=\"font-size: 14pt;\">Sada Fern\u00e1ndez, entre los cargos p\u00fablicos que ha ocupado, est\u00e1 el de secretario de Econom\u00eda del gobierno del estado de Oaxaca, o sea: conocedor de los entretelones del manejo de los dineros p\u00fablicos. Por su experiencia, en julio de 2018 fue invitado por Ignacio Ovalle Fern\u00e1ndez para ocupar la Direcci\u00f3n de Liconsa, que junto con Diconsa dar\u00eda cuerpo al ambicioso proyecto de la 4T en materia de Seguridad Alimentaria.<\/span><\/p>\n<p class=\"p1\"><span style=\"font-size: 18pt;\"><strong>Le comparto lo que, en palabras de Sada Fern\u00e1ndez ocurri\u00f3 como ep\u00edlogo de su breve pero firme lucha contra la corrupci\u00f3n que, en connivencia entre salientes y entrantes funcionarios de primer nivel, se registraba en Segalmex antes de ser parido como \u00f3rgano descentralizado de la Secretar\u00eda de Agricultura y Desarrollo Rural.<\/strong><\/span><\/p>\n<p class=\"p1\"><span style=\"font-size: 14pt;\">Lea usted:<\/span><\/p>\n<p class=\"p1\"><span style=\"font-size: 14pt;\">\u201c(\u2026) El d\u00eda siguiente, es decir el 5 de diciembre recib\u00ed una llamada telef\u00f3nica del Lic. Ovalle Fern\u00e1ndez, manifest\u00e1ndome que dado que ten\u00eda problemas de compatibilidad con su equipo de trabajo, me solicitaba no tomar posesi\u00f3n de la Coordinaci\u00f3n Operativa de Liconsa, aclarando el suscrito que este fue mi \u00faltimo d\u00eda en Liconsa\u201d.<\/span><\/p>\n<p class=\"p1\"><span style=\"font-size: 14pt;\">Sada Fern\u00e1ndez hab\u00eda incurrido en el pecado de denunciar corrupci\u00f3n en una de las \u00e1reas m\u00e1s sensibles del naciente gobierno federal: la atenci\u00f3n a los pobres con productos b\u00e1sicos a precios bajos, con leche subsidiada y distribuida en localidades populares y miserables, con semillas mejoradas para el campo y la aplicaci\u00f3n de precios de garant\u00eda a los productores en abierto combate a la intermediaci\u00f3n y el coyotaje. Primero los pobres.<\/span><\/p>\n<p class=\"p1\"><span style=\"font-size: 14pt;\">\u00a1Aj\u00e1!<\/span><\/p>\n<p class=\"p2\"><span style=\"font-size: 14pt;\">\u00bfPor qu\u00e9 no se atendi\u00f3 la denuncia de Sada Fern\u00e1ndez en la Auditor\u00eda Superior de la Federaci\u00f3n y en la Comisi\u00f3n de Vigilancia de la C\u00e1mara de Diputados o en la Fiscal\u00eda General de la Rep\u00fablica?<\/span><\/p>\n<p class=\"p2\"><span style=\"font-size: 14pt;\">\u00bfPor qu\u00e9 se mantuvo a Ignacio Ovalle Fern\u00e1ndez en el cargo de director de Segalmex hasta el lunes 19 de abril de 2022, pese a la alerta del fraude que se comet\u00eda en Liconsa y Diconsa, columnas vertebrales de este organismo, alerta que Sada Fern\u00e1ndez encendi\u00f3 formalmente el 24 de enero de 2019?<\/span><\/p>\n<p class=\"p2\"><span style=\"font-size: 14pt;\">\u00bfPor qu\u00e9 se protegi\u00f3 a Ignacio Ovalle Fern\u00e1ndez poni\u00e9ndolo bajo el manto protector de la Secretar\u00eda de Gobernaci\u00f3n\u00a0<span class=\"s1\">con el cargo de coordinador del Instituto Nacional para el Federalismo y el Desarrollo Municipal (Inafed)?<\/span><\/span><\/p>\n<p class=\"p2\"><span style=\"font-size: 14pt;\">\u00bfPor qu\u00e9 no se fren\u00f3 la galopante corrupci\u00f3n en Segalmex, en la administraci\u00f3n de Leonel Cota Monta\u00f1o, relevo de Ovalle en este organismo dependiente de la Secretar\u00eda de Agricultura y Desarrollo Rural?<\/span><\/p>\n<p class=\"p2\"><span style=\"font-size: 14pt;\">\u00bfQui\u00e9n cerr\u00f3 los ojos frente a la comisi\u00f3n de un fraude que supera, con creces a la \u201cestafa maestra\u201d cometida en la administraci\u00f3n de Enrique Pe\u00f1a Nieto?<\/span><\/p>\n<p class=\"p2\"><span style=\"font-size: 14pt;\">\u00bfQui\u00e9n guard\u00f3 silencio cuando Ovalle Fern\u00e1ndez dijo desconocer su firma en la autorizaci\u00f3n para que 850 millones de pesos del gasto de Liconsa y 100 millones de pesos del presupuesto de Segalmex \u00a0fuesen desviados para la compra de certificados burs\u00e1tiles fiduciarios privados, es decir, un mecanismo prohibido por ley.<\/span><\/p>\n<p class=\"p2\"><span style=\"font-size: 18pt;\"><strong>Peeero. Del rendimiento de esos certificados nadie sabe d\u00f3nde quedaron miserables 10.6 millones de pesos. Se supone que esos dineros deb\u00edan depositarse en las cuentas institucionales de Liconsa y Segalmex<\/strong><\/span><\/p>\n<p class=\"p2\"><span style=\"font-size: 14pt;\">El caso es que, en la ma\u00f1anera del jueves 16 de marzo de 2023, el licenciado presidente, sin pregunta de por medio, abord\u00f3 el tema de Segalmex. De su mensaje, hay quienes creen podr\u00eda ser adelanto de que se acab\u00f3 la buena suerte de Ignacio Ovalle. Bueeeno.<\/span><\/p>\n<p class=\"p2\"><span style=\"font-size: 14pt;\">\u00bfMeter a prisi\u00f3n al ex jefe, al mecenas de aquellos d\u00edas del Arriba y Adelante y la Soluci\u00f3n Somos Todos, lemas de Luis Echeverr\u00eda y Jos\u00e9 L\u00f3pez Portillo, tiempos de las vacas gordas.<\/span><\/p>\n<p class=\"p2\"><span style=\"font-size: 14pt;\">\u201cEntonces, dijo el licenciado L\u00f3pez Obrador a su nutrido y culto p\u00fablico en el Sal\u00f3n de la Tesorer\u00eda, vamos a informar y no se acepta corrupci\u00f3n de nadie.<\/span><\/p>\n<p class=\"p2\"><span style=\"font-size: 14pt;\">\u201cMiren, lo de Segalmex. Me dio tristeza porque los conservadores siempre han estado en contra de que haya una empresa comercializadora. Estuvieron en contra siempre de la Conasupo. Claro, la Conasupo se corrompi\u00f3 (\u2026)\u201d.<\/span><\/p>\n<p class=\"p2\"><span style=\"font-size: 14pt;\">\u00a1C\u00e1spita, Sol\u00edn!<\/span><\/p>\n<p class=\"p2\"><span style=\"font-size: 14pt;\">\u00bfSabe usted quien fue director de la Conasupo? \u00a1Exacto! El licenciado Ovalle Fern\u00e1ndez.<\/span><\/p>\n<p class=\"p2\"><span style=\"font-size: 14pt;\">\u00a1Ah!, pero como en esos tiempos cuando los conservadores le dieron en la suya a la idea de apoyar al campo, hoy priistas enga\u00f1aron a Nacho Ovalle. De acuerdo con lo dicho por el licenciado presidente. Por favor, lea usted:<\/span><\/p>\n<p class=\"p2\"><span style=\"font-size: 14pt;\">\u201c(\u2026) Y llega Diconsa a estas instituciones, llega un grupo que propone Ignacio Ovalle, una gente buena desde mi particular punto de vista, que lo enga\u00f1an, pero a los que recomienda, puro priista de malas ma\u00f1as, acostumbrados a robar, y los mete y empiezan a hacer negocios, a comprar leche, comprar ma\u00edz, pagando precios elevados.<\/span><\/p>\n<p class=\"p2\"><span style=\"font-size: 14pt;\">\u201cY se descubre que hay corrupci\u00f3n y a lo mejor pensaron de que no iba a pasar nada. Pues di la orden de que se investigara (\u2026)\u201d.<\/span><\/p>\n<p class=\"p2\"><span style=\"font-size: 14pt;\"><b>\u2014<\/b>Presidente \u00bftres a\u00f1os enga\u00f1aron al se\u00f1or Ovalle?\u2014pregunt\u00f3 un reportero al licenciado L\u00f3pez Obrador.<\/span><\/p>\n<p class=\"p2\"><span style=\"font-size: 14pt;\"><b>\u2014<\/b>Pues yo creo que se confi\u00f3, nada m\u00e1s que nosotros no aceptamos la corrupci\u00f3n y m\u00e1s tarde que temprano, o m\u00e1s temprano que tarde, el que comete un delito es castigado, porque no somos tapadera\u2014respondi\u00f3 Su Alteza Seren\u00edsima.<\/span><\/p>\n<p class=\"p1\"><span style=\"font-size: 14pt;\">\u00bfEn serio, enga\u00f1aron al curtido Ovalle Fern\u00e1ndez?<\/span><\/p>\n<p class=\"p1\"><span style=\"font-size: 14pt;\">Enrique Manuel J. Sada Fern\u00e1ndez tuvo otros datos, evidencias, documentos de actos de corrupci\u00f3n. Nadie le hizo caso; Ovalle lo despidi\u00f3, \u00a0luego lo acusar\u00edan de pretender sabotear a Segalmex. En serio.<\/span><\/p>\n<p class=\"p1\"><span style=\"font-size: 14pt;\">En la denuncia presentada el 24 de enero de 2019 al auditor Superior de la Federaci\u00f3n, David Rogelio Colmenares P\u00e1ramo, Sada Fern\u00e1ndez, refiri\u00f3 en el punto 6:<\/span><\/p>\n<p class=\"p1\"><span style=\"font-size: 18pt;\">\u201c<b>El 21 de septiembre de 2018 me enter\u00e9 que se hab\u00eda firmado contrato de fijaci\u00f3n de precios de transporte por aproximadamente 500 millones de pesos para el a\u00f1o 2019, cuando esto normalmente se deb\u00eda de contratar por la Direcci\u00f3n Comercial en enero del siguiente a\u00f1o 2019\u201d. Y en el punto 9 cita:<\/b><\/span><\/p>\n<p class=\"p1\"><span style=\"font-size: 14pt;\"><span style=\"font-size: 18pt;\"><b>\u201cEl 19 de noviembre de 2018, proced\u00ed a informar por Whatsapp al Lic. Ovalle Fern\u00e1ndez que recib\u00ed informaci\u00f3n de mis t\u00e9cnicos que se estaban llevando a cabo una serie de reuniones por parte de personal de Liconsa, Rene Gavira y Manuel Lozano con personas de la empresa Lala<\/b><\/span>\u00a0encabezadas por Carlos Fern\u00e1ndez de Lara, al parecer presidente de la fundaci\u00f3n Lala y primo de Eduardo Tricio, Aldo Diaz y un Sr. de apellido Romo proveedor de equipo para la elaboraci\u00f3n de leche en Jalisco.\u00a0<\/span><\/p>\n<p class=\"p1\"><span style=\"font-size: 18pt;\">\u201cEl fin de dichas reuniones era tercerizar el servicio de las plantas industriales de Liconsa y suplirlas con plantas de la empresa Lala que ultrapasteurizan y cambian el empaque.\u00a0\u00a0<b>Esto implicar\u00eda triplicar los costos de producci\u00f3n y distribuci\u00f3n de Liconsa\u201d<\/b>.<\/span><\/p>\n<p class=\"p1\"><span style=\"font-size: 14pt;\">Y como dijo el fil\u00f3sofo de Siempre en Domingo: \u00a1A\u00fan hay m\u00e1s!<\/span><\/p>\n<p class=\"p1\"><span style=\"font-size: 18pt;\">Luego le comparto otros pormenores de la\u00a0<b><i>Transa Maestra\u00a0<\/i>por m\u00e1s de 18 mil millones de pesos, ponderadamente, de la que no se enter\u00f3 el licenciado Ovalle Fern\u00e1ndez, una gente buena sorprendida por canijos ex priistas y malos, muy malos y perversos colaboradores de los cuales hay algunos en chirona. Justicia y gracia al amigo. \u00bfY la lana? Digo.<\/b><\/span><\/p>\n<p>&nbsp;<\/p>\n<hr \/>\n<p>&nbsp;<\/p>\n<p><strong><span style=\"font-size: 18pt;\">Correo: <\/span><span class=\"s1\"><a href=\"mailto:sanchezlimon@gmail.com\"><span style=\"font-size: 18pt;\">sanchezlimon@gmail.com<\/span><\/a><\/span><span class=\"s2\" style=\"font-size: 18pt;\">\u00a0<\/span><\/strong><\/p>\n<p class=\"p3\"><strong><span style=\"font-size: 18pt;\"><span class=\"s2\">Twitter: <a href=\"https:\/\/twitter.com\/sanchezlimon1\">@sanchezlimon1<\/a><\/span><\/span><\/strong><\/p>\n<p>&nbsp;<\/p>\n<p><img loading=\"lazy\" decoding=\"async\" class=\"aligncenter wp-image-14351\" src=\"https:\/\/politicosaldesnudo.com.mx\/wp-content\/uploads\/2023\/01\/FIRMA-EDITORIAL-PD-300x37.png\" alt=\"\" width=\"1000\" height=\"122\" \/><\/p>\n<p>&nbsp;<\/p>\n<p>&nbsp;<\/p>\n<p>&nbsp;<\/p>\n<p>&nbsp;<\/p>\n<p>&nbsp;<\/p>\n<p>&nbsp;<\/p>\n<p>&nbsp;<\/p>\n","protected":false},"excerpt":{"rendered":"<p>&nbsp; Por Mois\u00e9s S\u00e1nchez Lim\u00f3n Era mi\u00e9rcoles 5 de diciembre de 2018. Apenas balbuceaba sus primeras palabras el naciente gobierno<\/p>\n","protected":false},"author":4,"featured_media":12769,"comment_status":"closed","ping_status":"closed","sticky":false,"template":"","format":"standard","meta":{"colormag_page_container_layout":"default_layout","colormag_page_sidebar_layout":"default_layout","_jetpack_memberships_contains_paid_content":false,"footnotes":"","jetpack_publicize_message":"","jetpack_publicize_feature_enabled":true,"jetpack_social_post_already_shared":true,"jetpack_social_options":{"image_generator_settings":{"template":"highway","default_image_id":0,"font":"","enabled":false},"version":2}},"categories":[6],"tags":[2282,2283,2281,2280],"class_list":["post-13798","post","type-post","status-publish","format-standard","has-post-thumbnail","hentry","category-columnistas","tag-ignacio-ovalle","tag-inadep","tag-liconsa","tag-selgamex"],"jetpack_publicize_connections":[],"jetpack_featured_media_url":"https:\/\/noticiasveracruz.com\/wp-content\/uploads\/2023\/02\/P-MOISES-SANCHEZ.png","jetpack_sharing_enabled":true,"publishpress_future_action":{"enabled":false,"date":"2026-05-06 13:24:34","action":"change-status","newStatus":"draft","terms":[],"taxonomy":"category","extraData":[]},"publishpress_future_workflow_manual_trigger":{"enabledWorkflows":[]},"_links":{"self":[{"href":"https:\/\/noticiasveracruz.com\/index.php\/wp-json\/wp\/v2\/posts\/13798","targetHints":{"allow":["GET"]}}],"collection":[{"href":"https:\/\/noticiasveracruz.com\/index.php\/wp-json\/wp\/v2\/posts"}],"about":[{"href":"https:\/\/noticiasveracruz.com\/index.php\/wp-json\/wp\/v2\/types\/post"}],"author":[{"embeddable":true,"href":"https:\/\/noticiasveracruz.com\/index.php\/wp-json\/wp\/v2\/users\/4"}],"replies":[{"embeddable":true,"href":"https:\/\/noticiasveracruz.com\/index.php\/wp-json\/wp\/v2\/comments?post=13798"}],"version-history":[{"count":0,"href":"https:\/\/noticiasveracruz.com\/index.php\/wp-json\/wp\/v2\/posts\/13798\/revisions"}],"wp:featuredmedia":[{"embeddable":true,"href":"https:\/\/noticiasveracruz.com\/index.php\/wp-json\/wp\/v2\/media\/12769"}],"wp:attachment":[{"href":"https:\/\/noticiasveracruz.com\/index.php\/wp-json\/wp\/v2\/media?parent=13798"}],"wp:term":[{"taxonomy":"category","embeddable":true,"href":"https:\/\/noticiasveracruz.com\/index.php\/wp-json\/wp\/v2\/categories?post=13798"},{"taxonomy":"post_tag","embeddable":true,"href":"https:\/\/noticiasveracruz.com\/index.php\/wp-json\/wp\/v2\/tags?post=13798"}],"curies":[{"name":"wp","href":"https:\/\/api.w.org\/{rel}","templated":true}]}}