{"id":13774,"date":"2023-03-17T05:15:21","date_gmt":"2023-03-17T11:15:21","guid":{"rendered":"https:\/\/noticiasveracruz.com\/?p=13774"},"modified":"2023-03-17T06:52:21","modified_gmt":"2023-03-17T12:52:21","slug":"los-grupos-artisticos-de-la-uv","status":"publish","type":"post","link":"https:\/\/noticiasveracruz.com\/index.php\/2023\/03\/17\/los-grupos-artisticos-de-la-uv\/","title":{"rendered":"Los grupos art\u00edsticos de la UV"},"content":{"rendered":"<p class=\"p1\">\n<p>&nbsp;<\/p>\n<p class=\"p1\" style=\"text-align: center;\"><span style=\"font-size: 18pt;\"><strong>&lt;&lt; Han dado prestigio a la M\u00e1xima Casa de Estudios de Veracruz &gt;&gt;<\/strong><\/span><\/p>\n<p class=\"p1\" style=\"text-align: center;\"><span style=\"font-size: 18pt;\"><strong>&lt;&lt; Se les quiere aplicar la pol\u00edtica de Austeridad Republicana &gt;&gt;<\/strong><\/span><\/p>\n<p class=\"p1\" style=\"text-align: center;\"><span style=\"font-size: 18pt;\"><strong>&lt;&lt; Artistas preparan un plant\u00f3n frente al edificio de Rector\u00eda &gt;&gt;<\/strong><\/span><\/p>\n<p>&nbsp;<\/p>\n<p>&nbsp;<\/p>\n<p class=\"p1\" style=\"text-align: left;\"><span style=\"font-size: 18pt;\"><strong>Por Miguel \u00c1ngel Cristiani Gonz\u00e1lez<\/strong><\/span><\/p>\n<p class=\"p1\"><span style=\"font-size: 14pt;\">Nadie puede negar que el buen prestigio alcanzado por la Universidad Veracruzana, se lo debe no a sus trabajos de investigaci\u00f3n en las ciencias, sino a la calidad de los extraordinarios grupos art\u00edsticos, que le han dado renombre no solo a nivel nacional sino incluso internacional.<\/span><\/p>\n<p class=\"p1\"><span style=\"font-size: 14pt;\">Como tambi\u00e9n es un hecho indiscutible, el que esos grupos art\u00edsticos se fundaron y proyectaron internacionalmente en el rectorado de Roberto Bravo Garz\u00f3n, que fue un visionario impulsor de las artes, la docencia, la investigaci\u00f3n y hasta los sindicatos de trabajadores.<\/span><\/p>\n<p class=\"p1\"><span style=\"font-size: 14pt;\">Fue durante el rector Bravo Garz\u00f3n cuando los grupos art\u00edsticos como el ballet folkl\u00f3rico, fundado y dirigido por el maestro Miguel V\u00e9lez Arceo, el grupo Tlenhuicani, que sigue siendo dirigido por el doctor y formador de generaciones de m\u00fasicos Alberto de la Rosa, realizaron giras internacionales por todo el mundo, para llevar y difundir la cultura veracruzana.<\/span><\/p>\n<p class=\"p1\"><span style=\"font-size: 14pt;\">Recordamos a\u00fan, como a su regreso de una gira por China y Jap\u00f3n, el grupo de Tlenhuicani, ofreci\u00f3 un concierto en la sala grande del Teatro del Estado, con instrumentos y m\u00fasica del lejano oriente. <\/span><span style=\"font-size: 14pt;\">De ese tama\u00f1o es la capacidad y experiencia de los m\u00fasicos del Tlenhuicani, que atinadamente dirige el doctor Alberto de la Rosa.<\/span><\/p>\n<p class=\"p1\"><span style=\"font-size: 14pt;\">Todos los grupos art\u00edsticos de la Universidad Veracruzana han recibido el reconocimiento del p\u00fablico en todos los lugares en donde se presentan.<\/span><\/p>\n<p class=\"p1\"><span style=\"font-size: 14pt;\">Hay que tener presente que entre las tres funciones principales de la M\u00e1xima Casa de Estudios est\u00e1 precisamente la de la Difusi\u00f3n de la Cultura veracruzana. <\/span><span style=\"font-size: 14pt;\">Por eso tambi\u00e9n en su escudo se dice: Arte, Ciencia y Luz.<\/span><\/p>\n<p class=\"p1\"><span style=\"font-size: 14pt;\">Todo lo anterior viene a colaci\u00f3n, ahora que los artistas de los distintos grupos de la Universidad Veracruzana, est\u00e1n gestando un movimiento para el pr\u00f3ximo mi\u00e9rcoles -marcha de protesta, de esas que tanto le gustaban encabezar al ahora Rector- para ir a plantarse en la puerta del edificio de Rector\u00eda, en demanda de un punto que pudiera parecer incre\u00edble.<\/span><\/p>\n<p class=\"p1\"><span style=\"font-size: 14pt;\">Los grupos art\u00edsticos est\u00e1n demandando que se les programen m\u00e1s fechas para presentarse en los distintos foros y teatros.<\/span><\/p>\n<p class=\"p1\"><span style=\"font-size: 14pt;\">Resulta, que el nuevo Director de Grupos Art\u00edsticos el flamante Licenciado en Educaci\u00f3n Art\u00edstica, Roberto Aguirre Guioch\u00edn que seguramente no tiene la menor idea de lo que se trata del asunto, ha puesto en pr\u00e1ctica la pol\u00edtica de la 4T de la mal llamada Austeridad Republicana.<\/span><\/p>\n<p class=\"p1\"><span style=\"font-size: 14pt;\">Entonces como una de sus muy dif\u00edciles tareas es la de llevar la agenda de los grupos art\u00edsticos, ya les ha comunicado a los respectivos directores, que para este a\u00f1o, \u00fanicamente tendr\u00e1n dos o tres presentaciones a lo m\u00e1ximo.<\/span><\/p>\n<p class=\"p1\"><span style=\"font-size: 14pt;\">No se tiene una explicaci\u00f3n coherente, del motivo para que los grupos art\u00edsticos de la Universidad Veracruzana, dejen de presentarse, como lo han hecho a lo largo de su historia, en todos los foros y escenarios posibles. <\/span><span style=\"font-size: 14pt;\">A menos, que como se viene haciendo a nivel federal, se vaya a aplicar una minimizaci\u00f3n de las actuaciones, para que m\u00e1s tarde, se tenga un pretexto para su desaparici\u00f3n.<\/span><\/p>\n<p class=\"p1\"><span style=\"font-size: 14pt;\">Y no es pretexto, el que no se cuente con recursos financieros suficientes, pues ni m\u00e1s ni menos, que esta semana, se acaban de entregar m\u00e1s millones de pesos a la Rector\u00eda de la Universidad Veracruzana por parte del gobierno del estado.<\/span><\/p>\n<p class=\"p1\"><span style=\"font-size: 14pt;\">Pero si el caso es de aplicar la ingrata Austeridad Republicana, pues primero se tendr\u00eda que empezar por las \u00e1reas de la gruesa y pesada burocracia universitaria. <\/span><span style=\"font-size: 14pt;\">Para no ir muy lejos, la mism\u00edsima Direcci\u00f3n de Grupos Art\u00edsticos deber\u00eda de desaparecer y de ah\u00ed arrancar con una minuciosa selecci\u00f3n de tantas y tantas dependencias que no hacen gran cosa.<\/span><\/p>\n<p class=\"p1\"><span style=\"font-size: 14pt;\">Cuando nosotros estuvimos trabajando en la Rector\u00eda, entre otras cuestiones, llev\u00e1bamos la agenda de los grupos art\u00edsticos y para eso no se requer\u00eda crear y mantener una Direcci\u00f3n.<\/span><\/p>\n<p class=\"p1\"><span style=\"font-size: 14pt;\">Tambi\u00e9n llev\u00e1bamos lo que ahora es el \u00e1rea de Comunicaci\u00f3n Social, con un reportero Manuel Rosete Ch\u00e1vez y dos secretarias.<\/span><\/p>\n<p class=\"p1\"><span style=\"font-size: 14pt;\">En cambio ahora, se tienen la Direcci\u00f3n General de Comunicaci\u00f3n Universitaria, el Centro de Estudios de la Cultura y la Comunicaci\u00f3n, la Maestr\u00eda en Estudios de la Cultura y la Comunicaci\u00f3n, Direcci\u00f3n de Medios de Comunicaci\u00f3n, Direcci\u00f3n de Comunicaci\u00f3n de la Ciencia, jefe de oficina de la Direcci\u00f3n General de Comunicaci\u00f3n Universitaria, el administrador de la Direcci\u00f3n General de Comunicaci\u00f3n Universitaria, el Departamento de Redes y Telecomunicaciones, el Departamento de Operatividad e Impacto de Redes y Telecomunicaciones, el Departamento de Prensa, toda una super mega estructura.<\/span><\/p>\n<p class=\"p1\"><span style=\"font-size: 14pt;\">La pregunta es: \u00bfpara qu\u00e9 sirve todo eso?<\/span><\/p>\n<p>&nbsp;<\/p>\n<hr \/>\n<p>&nbsp;<\/p>\n<p class=\"p1\"><span style=\"font-size: 18pt;\"><strong>Cont\u00e1ctanos en nuestras redes sociales:<\/strong><\/span><\/p>\n<p class=\"p1\"><span style=\"font-size: 18pt;\"><strong><a href=\"https:\/\/www.canva.com\/design\/DAEN5B9DWgs\/ZCHd2Z8KueYjlg_d59Op3A\/view\">https:\/\/www.canva.com\/design\/DAEN5B9DWgs\/ZCHd2Z8KueYjlg_d59Op3A\/view<\/a><\/strong><\/span><\/p>\n<p>&nbsp;<\/p>\n<p><img loading=\"lazy\" decoding=\"async\" class=\"aligncenter wp-image-11449\" src=\"http:\/\/noticiasveracruz.com\/wp-content\/uploads\/2023\/01\/FIRMA-EDITORIAL-NV-300x37.png\" alt=\"\" width=\"1000\" height=\"122\" srcset=\"https:\/\/noticiasveracruz.com\/wp-content\/uploads\/2023\/01\/FIRMA-EDITORIAL-NV-300x37.png 300w, https:\/\/noticiasveracruz.com\/wp-content\/uploads\/2023\/01\/FIRMA-EDITORIAL-NV-1024x125.png 1024w, https:\/\/noticiasveracruz.com\/wp-content\/uploads\/2023\/01\/FIRMA-EDITORIAL-NV-768x94.png 768w, https:\/\/noticiasveracruz.com\/wp-content\/uploads\/2023\/01\/FIRMA-EDITORIAL-NV-1536x188.png 1536w, https:\/\/noticiasveracruz.com\/wp-content\/uploads\/2023\/01\/FIRMA-EDITORIAL-NV-2048x250.png 2048w\" sizes=\"auto, (max-width: 1000px) 100vw, 1000px\" \/><\/p>\n<p>&nbsp;<\/p>\n<p>&nbsp;<\/p>\n<p>&nbsp;<\/p>\n<p>&nbsp;<\/p>\n<p>&nbsp;<\/p>\n","protected":false},"excerpt":{"rendered":"<p>&nbsp; &lt;&lt; Han dado prestigio a la M\u00e1xima Casa de Estudios de Veracruz &gt;&gt; &lt;&lt; Se les quiere aplicar la<\/p>\n","protected":false},"author":4,"featured_media":3280,"comment_status":"closed","ping_status":"closed","sticky":false,"template":"","format":"standard","meta":{"colormag_page_container_layout":"default_layout","colormag_page_sidebar_layout":"default_layout","_jetpack_memberships_contains_paid_content":false,"footnotes":"","jetpack_publicize_message":"","jetpack_publicize_feature_enabled":true,"jetpack_social_post_already_shared":true,"jetpack_social_options":{"image_generator_settings":{"template":"highway","default_image_id":0,"font":"","enabled":false},"version":2}},"categories":[6],"tags":[],"class_list":["post-13774","post","type-post","status-publish","format-standard","has-post-thumbnail","hentry","category-columnistas"],"jetpack_publicize_connections":[],"jetpack_featured_media_url":"https:\/\/noticiasveracruz.com\/wp-content\/uploads\/2022\/04\/NV-MIGUEL-A\u0301NGEL-CRISTIANI.png","jetpack_sharing_enabled":true,"publishpress_future_action":{"enabled":false,"date":"2026-05-05 14:32:54","action":"change-status","newStatus":"draft","terms":[],"taxonomy":"category","extraData":[]},"publishpress_future_workflow_manual_trigger":{"enabledWorkflows":[]},"_links":{"self":[{"href":"https:\/\/noticiasveracruz.com\/index.php\/wp-json\/wp\/v2\/posts\/13774","targetHints":{"allow":["GET"]}}],"collection":[{"href":"https:\/\/noticiasveracruz.com\/index.php\/wp-json\/wp\/v2\/posts"}],"about":[{"href":"https:\/\/noticiasveracruz.com\/index.php\/wp-json\/wp\/v2\/types\/post"}],"author":[{"embeddable":true,"href":"https:\/\/noticiasveracruz.com\/index.php\/wp-json\/wp\/v2\/users\/4"}],"replies":[{"embeddable":true,"href":"https:\/\/noticiasveracruz.com\/index.php\/wp-json\/wp\/v2\/comments?post=13774"}],"version-history":[{"count":0,"href":"https:\/\/noticiasveracruz.com\/index.php\/wp-json\/wp\/v2\/posts\/13774\/revisions"}],"wp:featuredmedia":[{"embeddable":true,"href":"https:\/\/noticiasveracruz.com\/index.php\/wp-json\/wp\/v2\/media\/3280"}],"wp:attachment":[{"href":"https:\/\/noticiasveracruz.com\/index.php\/wp-json\/wp\/v2\/media?parent=13774"}],"wp:term":[{"taxonomy":"category","embeddable":true,"href":"https:\/\/noticiasveracruz.com\/index.php\/wp-json\/wp\/v2\/categories?post=13774"},{"taxonomy":"post_tag","embeddable":true,"href":"https:\/\/noticiasveracruz.com\/index.php\/wp-json\/wp\/v2\/tags?post=13774"}],"curies":[{"name":"wp","href":"https:\/\/api.w.org\/{rel}","templated":true}]}}