{"id":13665,"date":"2023-03-13T08:05:45","date_gmt":"2023-03-13T14:05:45","guid":{"rendered":"https:\/\/noticiasveracruz.com\/?p=13665"},"modified":"2023-03-14T08:05:54","modified_gmt":"2023-03-14T14:05:54","slug":"en-lunes-civico-de-tuxpan-se-conmemora-el-85-aniversario-de-la-expropiacion-petrolera","status":"publish","type":"post","link":"https:\/\/noticiasveracruz.com\/index.php\/2023\/03\/13\/en-lunes-civico-de-tuxpan-se-conmemora-el-85-aniversario-de-la-expropiacion-petrolera\/","title":{"rendered":"En lunes c\u00edvico de Tuxpan se conmemora el 85 Aniversario de la Expropiaci\u00f3n Petrolera"},"content":{"rendered":"<p class=\"p2\"><span style=\"font-size: 14pt;\"><em><strong>TUXPAN, VERACRUZ.<\/strong><\/em> <strong>Alumnas y alumnos de la Escuela Primaria \u201cVicente Guerrero\u201d<\/strong> participaron en el <strong>Lunes C\u00edvico<\/strong> que realiza el <strong>Gobierno de Tuxpan<\/strong>, en el que se record\u00f3 el <strong>85 Aniversario de la Expropiaci\u00f3n Petrolera<\/strong> que se conmemora el pr\u00f3ximo 18 de marzo. <\/span><\/p>\n<p class=\"p2\"><span style=\"font-size: 18pt;\"><strong>Los estudiantes dirigieron el Himno Nacional, expusieron las efem\u00e9rides de la semana y presentaron la poes\u00eda coral titulada \u201cEstamos aqu\u00ed\u201d.<\/strong><\/span><\/p>\n<p>&nbsp;<\/p>\n<p><img loading=\"lazy\" decoding=\"async\" class=\"aligncenter wp-image-17244 size-large\" src=\"https:\/\/politicosaldesnudo.com.mx\/wp-content\/uploads\/2023\/03\/P-EXPROPIACION-PETROLERA-1-1024x573.png\" alt=\"\" width=\"800\" height=\"448\" \/><\/p>\n<p>&nbsp;<\/p>\n<p class=\"p2\"><span style=\"font-size: 14pt;\">El acto estuvo encabezado por Jorge Arturo Garc\u00eda Robles en representaci\u00f3n del alcalde Jos\u00e9 Manuel Pozos Castro; el Teniente de Infanter\u00eda Marco Antonio Estrada Ram\u00edrez, en representaci\u00f3n de la 19\u00aa Zona Militar; Luis Demetrio L\u00f3pez Mar\u00edn, regidor comisionado en Educaci\u00f3n y Actos C\u00edvicos, as\u00ed como la regidora Maryanela Monroy Flores.<\/span><\/p>\n<p class=\"p2\"><span style=\"font-size: 14pt;\">Asimismo Mart\u00edn Guevara Ramos, contralor municipal; Juan Carpio Isidro en representaci\u00f3n de la Delegaci\u00f3n Regional de la Secretar\u00eda de Educaci\u00f3n de Veracruz (SEV) en Tuxpan y Alexandra Guadalupe Aguilar Mar, docente de la escuela \u201cVicente Guerrero\u201d. <\/span><\/p>\n<p class=\"p2\"><span style=\"font-size: 14pt;\">A este acto tambi\u00e9n asistieron personal docente y padres de familia de los alumnos que participantes, elementos de la Secretar\u00eda Armada de M\u00e9xico (Semar), Guardia Nacional, Polic\u00eda Municipal, Protecci\u00f3n Civil y Bomberos, as\u00ed como la Banda de Guerra del 39 Batall\u00f3n de Infanter\u00eda.<\/span><\/p>\n<p>&nbsp;<\/p>\n<p><img loading=\"lazy\" decoding=\"async\" class=\"aligncenter wp-image-17245 size-large\" src=\"https:\/\/politicosaldesnudo.com.mx\/wp-content\/uploads\/2023\/03\/P-EXPROPIACION-PETROLERA-2-1024x573.png\" alt=\"\" width=\"800\" height=\"448\" \/><\/p>\n<p>&nbsp;<\/p>\n<p>&nbsp;<\/p>\n<p>&nbsp;<\/p>\n<p>&nbsp;<\/p>\n<p>&nbsp;<\/p>\n<p>&nbsp;<\/p>\n<p>&nbsp;<\/p>\n","protected":false},"excerpt":{"rendered":"<p>TUXPAN, VERACRUZ. Alumnas y alumnos de la Escuela Primaria \u201cVicente Guerrero\u201d participaron en el Lunes C\u00edvico que realiza el Gobierno<\/p>\n","protected":false},"author":4,"featured_media":13668,"comment_status":"closed","ping_status":"closed","sticky":false,"template":"","format":"standard","meta":{"colormag_page_container_layout":"default_layout","colormag_page_sidebar_layout":"default_layout","_jetpack_memberships_contains_paid_content":false,"footnotes":"","jetpack_publicize_message":"","jetpack_publicize_feature_enabled":true,"jetpack_social_post_already_shared":true,"jetpack_social_options":{"image_generator_settings":{"template":"highway","default_image_id":0,"font":"","enabled":false},"version":2}},"categories":[145],"tags":[],"class_list":["post-13665","post","type-post","status-publish","format-standard","has-post-thumbnail","hentry","category-estados"],"jetpack_publicize_connections":[],"jetpack_featured_media_url":"https:\/\/noticiasveracruz.com\/wp-content\/uploads\/2023\/03\/P-EXPROPIACION-PETROLERA-3.png","jetpack_sharing_enabled":true,"publishpress_future_action":{"enabled":false,"date":"2026-05-08 19:14:49","action":"change-status","newStatus":"draft","terms":[],"taxonomy":"category","extraData":[]},"publishpress_future_workflow_manual_trigger":{"enabledWorkflows":[]},"_links":{"self":[{"href":"https:\/\/noticiasveracruz.com\/index.php\/wp-json\/wp\/v2\/posts\/13665","targetHints":{"allow":["GET"]}}],"collection":[{"href":"https:\/\/noticiasveracruz.com\/index.php\/wp-json\/wp\/v2\/posts"}],"about":[{"href":"https:\/\/noticiasveracruz.com\/index.php\/wp-json\/wp\/v2\/types\/post"}],"author":[{"embeddable":true,"href":"https:\/\/noticiasveracruz.com\/index.php\/wp-json\/wp\/v2\/users\/4"}],"replies":[{"embeddable":true,"href":"https:\/\/noticiasveracruz.com\/index.php\/wp-json\/wp\/v2\/comments?post=13665"}],"version-history":[{"count":0,"href":"https:\/\/noticiasveracruz.com\/index.php\/wp-json\/wp\/v2\/posts\/13665\/revisions"}],"wp:featuredmedia":[{"embeddable":true,"href":"https:\/\/noticiasveracruz.com\/index.php\/wp-json\/wp\/v2\/media\/13668"}],"wp:attachment":[{"href":"https:\/\/noticiasveracruz.com\/index.php\/wp-json\/wp\/v2\/media?parent=13665"}],"wp:term":[{"taxonomy":"category","embeddable":true,"href":"https:\/\/noticiasveracruz.com\/index.php\/wp-json\/wp\/v2\/categories?post=13665"},{"taxonomy":"post_tag","embeddable":true,"href":"https:\/\/noticiasveracruz.com\/index.php\/wp-json\/wp\/v2\/tags?post=13665"}],"curies":[{"name":"wp","href":"https:\/\/api.w.org\/{rel}","templated":true}]}}