{"id":13662,"date":"2023-03-13T22:00:22","date_gmt":"2023-03-14T04:00:22","guid":{"rendered":"https:\/\/noticiasveracruz.com\/?p=13662"},"modified":"2023-03-14T07:58:08","modified_gmt":"2023-03-14T13:58:08","slug":"convocan-a-tuxpenas-a-la-campana-trenzando-suenos","status":"publish","type":"post","link":"https:\/\/noticiasveracruz.com\/index.php\/2023\/03\/13\/convocan-a-tuxpenas-a-la-campana-trenzando-suenos\/","title":{"rendered":"Convocan a tuxpe\u00f1as a la campa\u00f1a \u201cTrenzando Sue\u00f1os\u201d\u00a0"},"content":{"rendered":"<p>&nbsp;<\/p>\n<p class=\"p1\"><span style=\"font-size: 14pt;\"><em><strong>TUXPAN, VERACRUZ.<\/strong> <\/em>La s\u00edndica \u00fanica Beatriz Pi\u00f1a Vergara <strong>invita a los ciudadanos a ser parte de la campa\u00f1a de donaci\u00f3n de cabello \u201cTrenzando Sue\u00f1os\u201d<\/strong>, que se llevar\u00e1 a cabo este jueves 16 y viernes 17 de marzo. <\/span><\/p>\n<p class=\"p1\"><span style=\"font-size: 18pt;\"><strong>Esta campa\u00f1a tiene como objetivo recolectar la mayor cantidad de cabello posible para la elaboraci\u00f3n de pelucas oncol\u00f3gicas, con lo que se beneficiar\u00e1 a pacientes de c\u00e1ncer que se encuentran bajo tratamientos de quimioterapia y radioterapia, los cuales les han dejado como efecto secundario la ca\u00edda de la cabellera. <\/strong><\/span><\/p>\n<p class=\"p1\"><span style=\"font-size: 14pt;\">Las personas interesadas en hacer su donaci\u00f3n deber\u00e1n asistir con el cabello limpio de 10:00 a 15:00 horas en la planta baja de la Presidencia Municipal, donde los expertos de Stylos Studio valorar\u00e1n si el largo y las condiciones cumplen con los requerimientos necesarios. <\/span><\/p>\n<p class=\"p1\"><span style=\"font-size: 14pt;\">Los donantes ser\u00e1n invitados a participar en la capacitaci\u00f3n para la preparaci\u00f3n de las pelucas oncol\u00f3gicas. <\/span><\/p>\n<p class=\"p1\"><span style=\"font-size: 18pt;\"><strong>Asiste y forma parte de esta noble causa.<\/strong><\/span><\/p>\n<p>&nbsp;<\/p>\n<p><img loading=\"lazy\" decoding=\"async\" class=\"aligncenter wp-image-17239\" src=\"https:\/\/politicosaldesnudo.com.mx\/wp-content\/uploads\/2023\/03\/P-CAMPANA-TRENZANDO-SUENOS-1-244x300.jpeg\" alt=\"\" width=\"600\" height=\"738\" \/><\/p>\n<p>&nbsp;<\/p>\n<p>&nbsp;<\/p>\n<p>&nbsp;<\/p>\n<p>&nbsp;<\/p>\n<p>&nbsp;<\/p>\n<p>&nbsp;<\/p>\n","protected":false},"excerpt":{"rendered":"<p>&nbsp; TUXPAN, VERACRUZ. La s\u00edndica \u00fanica Beatriz Pi\u00f1a Vergara invita a los ciudadanos a ser parte de la campa\u00f1a de<\/p>\n","protected":false},"author":4,"featured_media":13663,"comment_status":"closed","ping_status":"closed","sticky":false,"template":"","format":"standard","meta":{"colormag_page_container_layout":"default_layout","colormag_page_sidebar_layout":"default_layout","_jetpack_memberships_contains_paid_content":false,"footnotes":"","jetpack_publicize_message":"","jetpack_publicize_feature_enabled":true,"jetpack_social_post_already_shared":true,"jetpack_social_options":{"image_generator_settings":{"template":"highway","default_image_id":0,"font":"","enabled":false},"version":2}},"categories":[145],"tags":[],"class_list":["post-13662","post","type-post","status-publish","format-standard","has-post-thumbnail","hentry","category-estados"],"jetpack_publicize_connections":[],"jetpack_featured_media_url":"https:\/\/noticiasveracruz.com\/wp-content\/uploads\/2023\/03\/P-CAMPANA-TRENZANDO-SUENOS-2.png","jetpack_sharing_enabled":true,"publishpress_future_action":{"enabled":false,"date":"2026-05-08 21:43:53","action":"change-status","newStatus":"draft","terms":[],"taxonomy":"category","extraData":[]},"publishpress_future_workflow_manual_trigger":{"enabledWorkflows":[]},"_links":{"self":[{"href":"https:\/\/noticiasveracruz.com\/index.php\/wp-json\/wp\/v2\/posts\/13662","targetHints":{"allow":["GET"]}}],"collection":[{"href":"https:\/\/noticiasveracruz.com\/index.php\/wp-json\/wp\/v2\/posts"}],"about":[{"href":"https:\/\/noticiasveracruz.com\/index.php\/wp-json\/wp\/v2\/types\/post"}],"author":[{"embeddable":true,"href":"https:\/\/noticiasveracruz.com\/index.php\/wp-json\/wp\/v2\/users\/4"}],"replies":[{"embeddable":true,"href":"https:\/\/noticiasveracruz.com\/index.php\/wp-json\/wp\/v2\/comments?post=13662"}],"version-history":[{"count":0,"href":"https:\/\/noticiasveracruz.com\/index.php\/wp-json\/wp\/v2\/posts\/13662\/revisions"}],"wp:featuredmedia":[{"embeddable":true,"href":"https:\/\/noticiasveracruz.com\/index.php\/wp-json\/wp\/v2\/media\/13663"}],"wp:attachment":[{"href":"https:\/\/noticiasveracruz.com\/index.php\/wp-json\/wp\/v2\/media?parent=13662"}],"wp:term":[{"taxonomy":"category","embeddable":true,"href":"https:\/\/noticiasveracruz.com\/index.php\/wp-json\/wp\/v2\/categories?post=13662"},{"taxonomy":"post_tag","embeddable":true,"href":"https:\/\/noticiasveracruz.com\/index.php\/wp-json\/wp\/v2\/tags?post=13662"}],"curies":[{"name":"wp","href":"https:\/\/api.w.org\/{rel}","templated":true}]}}