{"id":13642,"date":"2023-03-13T12:06:24","date_gmt":"2023-03-13T18:06:24","guid":{"rendered":"https:\/\/noticiasveracruz.com\/?p=13642"},"modified":"2023-03-13T12:06:43","modified_gmt":"2023-03-13T18:06:43","slug":"presidente-dea-debe-explicar-su-actuacion-en-mexico-en-sexenio-de-calderon","status":"publish","type":"post","link":"https:\/\/noticiasveracruz.com\/index.php\/2023\/03\/13\/presidente-dea-debe-explicar-su-actuacion-en-mexico-en-sexenio-de-calderon\/","title":{"rendered":"Presidente: DEA debe explicar su actuaci\u00f3n en M\u00e9xico en sexenio de Felipe Calder\u00f3n"},"content":{"rendered":"<p class=\"p1\"><span style=\"font-size: 14pt;\"><em><strong>CIUDAD DE M\u00c9XICO.<\/strong> <\/em>En la conferencia matutina, el presidente de M\u00e9xico, <strong>Andr\u00e9s Manuel L\u00f3pez Obrador<\/strong> indic\u00f3 que la <strong>Administraci\u00f3n de Control de Drogas<\/strong> (DEA, por sus siglas en ingl\u00e9s) del <strong>gobierno de Estados Unidos<\/strong> debe explicar al pa\u00eds mexicano su actuar junto a<strong> Genaro Garc\u00eda Luna<\/strong>, ex secretario de Seguridad P\u00fablica durante el sexenio de <strong>Felipe Calder\u00f3n<\/strong>.<\/span><\/p>\n<p class=\"p1\"><span style=\"font-size: 18pt;\"><strong>As\u00ed, Andr\u00e9s Manuel L\u00f3pez Obrador a\u00f1adi\u00f3 que a un titular de la DEA en M\u00e9xico se le retir\u00f3 del cargo por tener v\u00ednculos con grupos criminales. Aclar\u00f3 que su administraci\u00f3n colabora junto a Washington para la seguridad y el combate al crimen, pero desde el respeto y sin intervencionismo.<\/strong><\/span><\/p>\n<p>&nbsp;<\/p>\n<blockquote>\n<p class=\"p1\"><span style=\"font-size: 14pt;\">Tenemos que mantener nuestra relaci\u00f3n, es muy importante la cooperaci\u00f3n con Estados Unidos, pero sin subordinaci\u00f3n. S\u00ed, se tratara de decir: \u2018a ver que la DEA nos diga lo qu\u00e9 tenemos que hacer en M\u00e9xico\u2019, eso es una intromisi\u00f3n a la vida interna del pa\u00eds, es permitir que pisoteen nuestra soberan\u00eda. Pero no s\u00f3lo es eso: \u00bfC\u00f3mo confiar en la DEA? \u00bfLo han hecho muy bien? \u00bfC\u00f3mo no se dieron cuenta de lo de Garc\u00eda Luna, tanto tiempo? Ellos nos deben una explicaci\u00f3n. Ojal\u00e1 y antes de que Garc\u00eda Luna pueda convertirse en testigo protegido, que ellos sostengan qu\u00e9 sab\u00edan de Garc\u00eda Luna y qu\u00e9 sab\u00edan tambi\u00e9n de los jefes de Garc\u00eda Luna. \u00bfPor qu\u00e9 se han quedado callados? Y adem\u00e1s, este \u00faltimo asunto del jefe de la DEA en M\u00e9xico. \u00bfQu\u00e9 pas\u00f3? \u00bfPor qu\u00e9 no nos informan?\u201d<\/span><\/p>\n<\/blockquote>\n<p>&nbsp;<\/p>\n<p class=\"p1\"><span style=\"font-size: 18pt;\"><strong>Andr\u00e9s Manuel L\u00f3pez Obrador retom\u00f3 una publicaci\u00f3n en Twitter del Partido Acci\u00f3n Nacional (PAN) donde se le hizo la recomendaci\u00f3n de colaborar con la DEA ante el \u201crotundo fracaso en seguridad\u201d. De acuerdo con el mandatario, esta agencia estuvo en alianza con Garc\u00eda Luna.<\/strong><\/span><\/p>\n<p>&nbsp;<\/p>\n<blockquote>\n<p class=\"p1\"><span style=\"font-size: 14pt;\">Ese se\u00f1or posiblemente va a hablar, porque va a buscar que le reduzcan los a\u00f1os de c\u00e1rcel y va a decir lo que pues es obvio, es de sentido com\u00fan, de juicio pr\u00e1ctico de que \u00e9l informaba a sus jefes, a (Vicente) Fox y a Calder\u00f3n, y que tambi\u00e9n ten\u00eda vinculaci\u00f3n con la DEA, y trabajaban de manera coordinada. Porque con la DEA y con otras agencias de Estados Unidos echaron a andar por ejemplo, y eso est\u00e1 demostrado, el operativo R\u00e1pido y furioso\u201d<\/span><\/p>\n<\/blockquote>\n<p>&nbsp;<\/p>\n<p class=\"p1\"><span style=\"font-size: 18pt;\"><strong>El presidente Andr\u00e9s Manuel L\u00f3pez Obrador se\u00f1al\u00f3 que fue as\u00ed como se le permiti\u00f3 la entrada de armas a M\u00e9xico, con las cuales se asesin\u00f3 a mexicanos y a estadounidenses; por lo tanto, \u201ceso era lo que significaba la cooperaci\u00f3n con la DEA\u201d, sentenci\u00f3. En este sentido, consider\u00f3 como una ofensa la sugerencia de Marko Cort\u00e9s, presidente del PAN sobre alienarse a la DEA.<\/strong><\/span><\/p>\n<p>&nbsp;<\/p>\n<p>&nbsp;<\/p>\n<p>&nbsp;<\/p>\n","protected":false},"excerpt":{"rendered":"<p>CIUDAD DE M\u00c9XICO. En la conferencia matutina, el presidente de M\u00e9xico, Andr\u00e9s Manuel L\u00f3pez Obrador indic\u00f3 que la Administraci\u00f3n de<\/p>\n","protected":false},"author":4,"featured_media":13643,"comment_status":"closed","ping_status":"closed","sticky":false,"template":"","format":"standard","meta":{"colormag_page_container_layout":"default_layout","colormag_page_sidebar_layout":"default_layout","_jetpack_memberships_contains_paid_content":false,"footnotes":"","jetpack_publicize_message":"","jetpack_publicize_feature_enabled":true,"jetpack_social_post_already_shared":true,"jetpack_social_options":{"image_generator_settings":{"template":"highway","default_image_id":0,"font":"","enabled":false},"version":2}},"categories":[4],"tags":[65,416,1081,31,74],"class_list":["post-13642","post","type-post","status-publish","format-standard","has-post-thumbnail","hentry","category-nacional","tag-andres-manuel-lopez-obrador","tag-dea","tag-felipe-calderon","tag-mexico","tag-pan"],"jetpack_publicize_connections":[],"jetpack_featured_media_url":"https:\/\/noticiasveracruz.com\/wp-content\/uploads\/2023\/03\/P-AMLO-DEA.png","jetpack_sharing_enabled":true,"publishpress_future_action":{"enabled":false,"date":"2026-05-08 20:58:57","action":"change-status","newStatus":"draft","terms":[],"taxonomy":"category","extraData":[]},"publishpress_future_workflow_manual_trigger":{"enabledWorkflows":[]},"_links":{"self":[{"href":"https:\/\/noticiasveracruz.com\/index.php\/wp-json\/wp\/v2\/posts\/13642","targetHints":{"allow":["GET"]}}],"collection":[{"href":"https:\/\/noticiasveracruz.com\/index.php\/wp-json\/wp\/v2\/posts"}],"about":[{"href":"https:\/\/noticiasveracruz.com\/index.php\/wp-json\/wp\/v2\/types\/post"}],"author":[{"embeddable":true,"href":"https:\/\/noticiasveracruz.com\/index.php\/wp-json\/wp\/v2\/users\/4"}],"replies":[{"embeddable":true,"href":"https:\/\/noticiasveracruz.com\/index.php\/wp-json\/wp\/v2\/comments?post=13642"}],"version-history":[{"count":0,"href":"https:\/\/noticiasveracruz.com\/index.php\/wp-json\/wp\/v2\/posts\/13642\/revisions"}],"wp:featuredmedia":[{"embeddable":true,"href":"https:\/\/noticiasveracruz.com\/index.php\/wp-json\/wp\/v2\/media\/13643"}],"wp:attachment":[{"href":"https:\/\/noticiasveracruz.com\/index.php\/wp-json\/wp\/v2\/media?parent=13642"}],"wp:term":[{"taxonomy":"category","embeddable":true,"href":"https:\/\/noticiasveracruz.com\/index.php\/wp-json\/wp\/v2\/categories?post=13642"},{"taxonomy":"post_tag","embeddable":true,"href":"https:\/\/noticiasveracruz.com\/index.php\/wp-json\/wp\/v2\/tags?post=13642"}],"curies":[{"name":"wp","href":"https:\/\/api.w.org\/{rel}","templated":true}]}}