{"id":13606,"date":"2023-03-13T00:20:35","date_gmt":"2023-03-13T06:20:35","guid":{"rendered":"https:\/\/noticiasveracruz.com\/?p=13606"},"modified":"2023-03-12T23:06:58","modified_gmt":"2023-03-13T05:06:58","slug":"esa-vividora-burocracia-dorada","status":"publish","type":"post","link":"https:\/\/noticiasveracruz.com\/index.php\/2023\/03\/13\/esa-vividora-burocracia-dorada\/","title":{"rendered":"Esa vividora burocracia dorada"},"content":{"rendered":"<p>&nbsp;<\/p>\n<p class=\"p1\"><span style=\"font-size: 18pt;\"><b>Por Francisco Blanco Calder\u00f3n<\/b><\/span><\/p>\n<p>&nbsp;<\/p>\n<p class=\"p1\"><span style=\"font-size: 18pt;\">Segunda Parte<\/span><\/p>\n<p class=\"p1\"><span style=\"font-size: 18pt;\"><strong>El llamado Plan B de la Reforma Electoral ha sido objeto de una serie de ataques y de una estrategia claramente dise\u00f1ada desde la oposici\u00f3n construida a base de falsedades, afirm\u00f3 el secretario de Gobernaci\u00f3n, Ad\u00e1n Augusto L\u00f3pez Hern\u00e1ndez: \u201cb\u00e1sicamente, es la eliminaci\u00f3n de los privilegios de la burocracia dorada\u201d, pues se suprime el seguro de gastos m\u00e9dicos mayores y desaparecen dos fideicomisos que est\u00e1n en la opacidad y los gastos superfluos de esa burocracia alimentada del gasto p\u00fablico de los mexicanos.<\/strong><\/span><\/p>\n<p class=\"p1\"><span style=\"font-size: 14pt;\">No es cierto que se le quiten facultades al INE o al Tribunal Electoral, por el contrario, desaparecen las facultades que ten\u00edan las juntas o las vocal\u00edas locales y se concentran todas en un solo procedimiento sancionador, que ser\u00e1 regulado por la direcci\u00f3n respectiva del INE, las 16 direcciones del INE se compactan en siete y se reduce el n\u00famero de vocales de juntas locales de cinco a tres. Al respecto, quienes ocupan el puesto de vocal tienen un ingreso mensual que ronda entre 50 y 70 mil pesos mensuales, aunque no haya proceso electoral, ellos manten\u00edan durante todo el a\u00f1o sus privilegios, am\u00e9n del seguro de gastos m\u00e9dicos y otra serie de prestaciones administrativas. Cuando m\u00e1s del 90 por ciento de los trabajadores del INE no perciben salarios mayores a los siete mil pesos mensuales, sin prebendas como el fondo de ahorro, los gastos m\u00e9dicos privados ni jubilaciones dignas. No se les brinda alimentaci\u00f3n en sus funciones, ni traslados, pagos de vivienda o cubrir colegiaturas a sus hijos. Todo a esa burocracia dorada<span class=\"Apple-converted-space\">\u00a0 <\/span>c\u00f3mplice de los partidos que los impusieron, al financiamiento de las grandes corporaciones de dentro y fuera del pa\u00eds y al respaldo<span class=\"Apple-converted-space\">\u00a0 <\/span>por los medios de comunicaci\u00f3n convencionales.<\/span><\/p>\n<p class=\"p1\"><span style=\"font-size: 18pt; color: #e42d33;\"><strong>Recordemos que recientemente bajo la presidencia de Lorenzo C\u00f3rdova, el Instituto Nacional Electoral (INE) autoriz\u00f3 un seguro m\u00e9dico de gastos m\u00e9dicos mayores con un costo de 295 millones de pesos, del cual saldr\u00e1n beneficiados tanto \u00e9l, como otros altos funcionarios del \u00f3rgano electoral, con cobertura hasta 2025, a pesar de que su funci\u00f3n al frente del INE termina en 2023.<span class=\"Apple-converted-space\">\u00a0 <\/span>Los consejeros Lorenzo C\u00f3rdova y<span class=\"Apple-converted-space\">\u00a0 <\/span>Ciro Murayama<span class=\"Apple-converted-space\">\u00a0 <\/span>terminan sus funciones al frente del organismo electoral el tres de abril del 2023. La empresa beneficiada es Seguros Atlas.<\/strong><\/span><\/p>\n<p>&nbsp;<\/p>\n<p><img loading=\"lazy\" decoding=\"async\" class=\"aligncenter wp-image-17166 size-large\" src=\"https:\/\/politicosaldesnudo.com.mx\/wp-content\/uploads\/2023\/03\/P-INE-VIVIDORES-1024x573.png\" alt=\"\" width=\"800\" height=\"448\" \/><\/p>\n<p>&nbsp;<\/p>\n<p class=\"p1\"><span style=\"font-size: 14pt;\">\u201cEl punto es que la derecha se niega a que le modifiquen un mil\u00edmetro el jugoso negocio por ella armado durante el r\u00e9gimen neoliberal. Ahora, con el nuevo gobierno, de la nada han surgido asociaciones, grupos y ciudadanos libres inconformes con las modificaciones legales en materia de energ\u00eda, la cancelaci\u00f3n del NAIM, Dos Bocas, Tren Maya, compra de medicamentos en el exterior, revocaci\u00f3n de mandato, la consulta popular y much\u00edsimos casos m\u00e1s, casi todos ligados al sucio circuito pol\u00edtico-econ\u00f3mico-judicial-medi\u00e1tico que pretende constituirse en el verdadero poder en el pa\u00eds y desechar el emanado del voto popular. Toca el turno a las modificaciones contenidas en el Plan B, y como en esta materia no hay amparos entonces la derecha recurre al juicio para la protecci\u00f3n de los derechos pol\u00edtico-electorales del ciudadano (este es el t\u00e9rmino legal) y lo que se le ofrezca. Eso s\u00ed, exige rapidez o lentitud, seg\u00fan sea el caso\u201d. (M\u00e9xico SA, Carlos Fern\u00e1ndez Vega. La Jornada)<\/span><\/p>\n<p>&nbsp;<\/p>\n<p class=\"p1\"><span style=\"font-size: 18pt; color: #e42d33;\"><b>EL PLAN DE DEFENSA<\/b><\/span><\/p>\n<p class=\"p1\"><span style=\"font-size: 14pt;\">Una andanada de comentarios y opiniones<span class=\"Apple-converted-space\">\u00a0 <\/span>sobre el caso mexicano en peri\u00f3dicos como el <i>New York Times <\/i>o el <i>Washington Post<\/i>, apoyados desde M\u00e9xico por <i>Reforma<\/i>, <i>El Universal<\/i>, <i>El Financiero<\/i>, los dirigentes de los partidos del Vamos M\u00e9xico, PRI, PAN y PRD, sus legisladores, jerarcas religiosos, empresarios nacionales y extranjeros y sobre todo con el respaldo jur\u00eddico de jueces y magistrados de los tribunales de Justicia y Electoral de la Naci\u00f3n. <\/span><\/p>\n<p class=\"p1\"><span style=\"font-size: 18pt;\"><strong>El Lawfare en potencia que se exhibi\u00f3 recientemente en el Foro -Espa\u00f1a a debate- realizado en Madrid bajo la conducci\u00f3n de ex presidente espa\u00f1ol Jos\u00e9 Mar\u00eda Aznar, junto a representantes de la extrema derecha de Per\u00fa, Bolivia, Argentina y Brasil y de alfileres los expresidentes de M\u00e9xico, Felipe Calder\u00f3n y Ernesto Zedillo, con la evidente ausencia de Vicente Fox dada su incapacidad verbal y mental.<\/strong><\/span><\/p>\n<p class=\"p1\"><span style=\"font-size: 18pt;\"><strong>La guerra judicial, estrenada recientemente en Am\u00e9rica del Sur,<span class=\"Apple-converted-space\">\u00a0 <\/span>se posesiona ahora en M\u00e9xico contra Andr\u00e9s Manuel L\u00f3pez Obrador. Guerra judicial alimentada por sus c\u00f3mplices y financiadores en partidos, diputados y senadores, jueces y magistrados, curas y due\u00f1os, junto a sus analistas por contrato, en radio, televisi\u00f3n y prensa. <\/strong><\/span><\/p>\n<p class=\"p1\"><span style=\"font-size: 14pt;\">Derecha, alimentada de quienes quieren conservar sus privilegios perdidos, enloquecida para someter el poder pol\u00edtico al econ\u00f3mico, como sucedi\u00f3 en el periodo neoliberal. Ultraderecha domesticada por el capital, mustia, hip\u00f3crita e incompetente que pretende recuperar al \u201cM\u00e9xico de sus amores\u201d sin ideales, solo intereses, sin plan ni proyecto de Naci\u00f3n solo recuperar lo perdido y lo m\u00e1s grave sin liderazgos que puedan competir en el proceso que se avecina en el 2024.<\/span><\/p>\n<p class=\"p1\"><span style=\"font-size: 18pt;\"><strong>Derecha que recurre a Estados Unidos, como se hiciera anta\u00f1o con los imperios europeos y recurren al gobierno moderno imperial, legisladores y peri\u00f3dicos para quejarse y pedir otra intervenci\u00f3n armada para sofocar la visi\u00f3n popular de la 4T.<\/strong><\/span><\/p>\n<p class=\"p1\"><span style=\"font-size: 18pt; color: #e42d33;\"><strong>El Departamento de Estado de Estados Unidos ha entrado en la pol\u00e9mica sobre la reforma a la autoridad electoral mexicana, el Instituto Nacional Electoral, el INE. El presidente Andr\u00e9s Manuel L\u00f3pez Obrador critic\u00f3 al secretario de Estado por \u201cinmiscuirse\u201d en asuntos que no le corresponden, luego de manifestar su apoyo a instituciones electorales independientes. asegurando que en M\u00e9xico hay m\u00e1s democracia que en Estados Unidos: \u201cLe digo con todo respeto al se\u00f1or Blinken, del Departamento de Estado, que hay m\u00e1s democracia actualmente en M\u00e9xico que en Estados Unidos y que en vez de estarse metiendo, actuando de manera injerencista en nuestros asuntos\u201d.<\/strong><\/span><\/p>\n<p class=\"p1\"><span style=\"font-size: 14pt;\">Lo m\u00e1s reciente: Blanca Lobo Dom\u00ednguez, jueza D\u00e9cima Segunda de Distrito en Materia Administrativa concedi\u00f3 la suspensi\u00f3n definitiva al amparo promovido por Edmundo Jacobo Molina como secretario ejecutivo del INE desde hace cerca de 14 a\u00f1os, de los 30 que cobra en el Instituto. <\/span><\/p>\n<p class=\"p1\"><span style=\"font-size: 14pt;\">\u201cUna nueva reflexi\u00f3n\u201d alimentada de moches y prebendas, logr\u00f3 que la jueza moviera de temporal a definitiva la suspensi\u00f3n. Jueces al servicio del capital y del crimen organizado o de cuello blanco, que es lo mismo y se suman las m\u00e1s de 200 impugnaciones que \u00bforganizaciones civiles? llevaron a la Suprema Corte de<span class=\"Apple-converted-space\">\u00a0 <\/span>Justicia de la Naci\u00f3n, para frenar las reformas concebidas en el Plan B de reforma electoral al INE y que pretenden los \u201cderechosos avilones\u201d preservar sus intereses.<\/span><\/p>\n<p class=\"p1\"><span style=\"font-size: 18pt;\"><strong>Guerra judicial, Lawfare en popa, en este M\u00e9xico dividido 80-20, entre pueblo y beneficiarios del neoliberalismo.<\/strong><\/span><\/p>\n<p>&nbsp;<\/p>\n<hr \/>\n<p>&nbsp;<\/p>\n<p><img loading=\"lazy\" decoding=\"async\" class=\"aligncenter wp-image-11449\" src=\"http:\/\/noticiasveracruz.com\/wp-content\/uploads\/2023\/01\/FIRMA-EDITORIAL-NV-300x37.png\" alt=\"\" width=\"1000\" height=\"122\" srcset=\"https:\/\/noticiasveracruz.com\/wp-content\/uploads\/2023\/01\/FIRMA-EDITORIAL-NV-300x37.png 300w, https:\/\/noticiasveracruz.com\/wp-content\/uploads\/2023\/01\/FIRMA-EDITORIAL-NV-1024x125.png 1024w, https:\/\/noticiasveracruz.com\/wp-content\/uploads\/2023\/01\/FIRMA-EDITORIAL-NV-768x94.png 768w, https:\/\/noticiasveracruz.com\/wp-content\/uploads\/2023\/01\/FIRMA-EDITORIAL-NV-1536x188.png 1536w, https:\/\/noticiasveracruz.com\/wp-content\/uploads\/2023\/01\/FIRMA-EDITORIAL-NV-2048x250.png 2048w\" sizes=\"auto, (max-width: 1000px) 100vw, 1000px\" \/><\/p>\n<p>&nbsp;<\/p>\n<p>&nbsp;<\/p>\n<p>&nbsp;<\/p>\n<p>&nbsp;<\/p>\n<p>&nbsp;<\/p>\n<p>&nbsp;<\/p>\n","protected":false},"excerpt":{"rendered":"<p>&nbsp; Por Francisco Blanco Calder\u00f3n &nbsp; Segunda Parte El llamado Plan B de la Reforma Electoral ha sido objeto de<\/p>\n","protected":false},"author":4,"featured_media":3566,"comment_status":"closed","ping_status":"closed","sticky":false,"template":"","format":"standard","meta":{"colormag_page_container_layout":"default_layout","colormag_page_sidebar_layout":"default_layout","_jetpack_memberships_contains_paid_content":false,"footnotes":"","jetpack_publicize_message":"","jetpack_publicize_feature_enabled":true,"jetpack_social_post_already_shared":true,"jetpack_social_options":{"image_generator_settings":{"template":"highway","default_image_id":0,"font":"","enabled":false},"version":2}},"categories":[6],"tags":[66,1161,31,2055,518],"class_list":["post-13606","post","type-post","status-publish","format-standard","has-post-thumbnail","hentry","category-columnistas","tag-ine","tag-lawfare","tag-mexico","tag-plan-b","tag-reforma-electoral"],"jetpack_publicize_connections":[],"jetpack_featured_media_url":"https:\/\/noticiasveracruz.com\/wp-content\/uploads\/2022\/04\/NV-FRANCISCO-BLANCO.png","jetpack_sharing_enabled":true,"publishpress_future_action":{"enabled":false,"date":"2026-05-08 16:42:43","action":"change-status","newStatus":"draft","terms":[],"taxonomy":"category","extraData":[]},"publishpress_future_workflow_manual_trigger":{"enabledWorkflows":[]},"_links":{"self":[{"href":"https:\/\/noticiasveracruz.com\/index.php\/wp-json\/wp\/v2\/posts\/13606","targetHints":{"allow":["GET"]}}],"collection":[{"href":"https:\/\/noticiasveracruz.com\/index.php\/wp-json\/wp\/v2\/posts"}],"about":[{"href":"https:\/\/noticiasveracruz.com\/index.php\/wp-json\/wp\/v2\/types\/post"}],"author":[{"embeddable":true,"href":"https:\/\/noticiasveracruz.com\/index.php\/wp-json\/wp\/v2\/users\/4"}],"replies":[{"embeddable":true,"href":"https:\/\/noticiasveracruz.com\/index.php\/wp-json\/wp\/v2\/comments?post=13606"}],"version-history":[{"count":0,"href":"https:\/\/noticiasveracruz.com\/index.php\/wp-json\/wp\/v2\/posts\/13606\/revisions"}],"wp:featuredmedia":[{"embeddable":true,"href":"https:\/\/noticiasveracruz.com\/index.php\/wp-json\/wp\/v2\/media\/3566"}],"wp:attachment":[{"href":"https:\/\/noticiasveracruz.com\/index.php\/wp-json\/wp\/v2\/media?parent=13606"}],"wp:term":[{"taxonomy":"category","embeddable":true,"href":"https:\/\/noticiasveracruz.com\/index.php\/wp-json\/wp\/v2\/categories?post=13606"},{"taxonomy":"post_tag","embeddable":true,"href":"https:\/\/noticiasveracruz.com\/index.php\/wp-json\/wp\/v2\/tags?post=13606"}],"curies":[{"name":"wp","href":"https:\/\/api.w.org\/{rel}","templated":true}]}}