{"id":13601,"date":"2023-03-13T00:16:44","date_gmt":"2023-03-13T06:16:44","guid":{"rendered":"https:\/\/noticiasveracruz.com\/?p=13601"},"modified":"2023-03-12T22:53:07","modified_gmt":"2023-03-13T04:53:07","slug":"cinismo-o-descaro-de-ministros-al-violar-la-constitucion","status":"publish","type":"post","link":"https:\/\/noticiasveracruz.com\/index.php\/2023\/03\/13\/cinismo-o-descaro-de-ministros-al-violar-la-constitucion\/","title":{"rendered":"Cinismo o descaro de ministros al violar la Constituci\u00f3n"},"content":{"rendered":"<p>&nbsp;<\/p>\n<p class=\"p1\"><span style=\"font-size: 18pt;\"><b>Por Jos\u00e9 Lima Cobos<\/b><\/span><\/p>\n<p class=\"p1\"><span style=\"font-size: 14pt;\">Si los ministros de la Suprema Corte de Justicia afirman que por ellos hablan sus sentencias y que se constituyen en celosos guardianes, quiere decir que no entienden, o no quieren entender lo que la Constituci\u00f3n Pol\u00edtica de los Estados Unidos Mexicanos precisa, de manera contundente \u201cque ning\u00fan servidor p\u00fablico podr\u00e1 recibir remuneraci\u00f3n por el desempe\u00f1o de su funci\u00f3n, empleo, cargo o comisi\u00f3n mayor a la establecida para el presidente de la Rep\u00fablica en el presupuesto correspondiente\u201d, luego entonces esta violaci\u00f3n es grave y motiva responsabilidad o por lo menos la devoluci\u00f3n de lo percibido indebidamente, pues son cientos de millones de pesos que se deben reintegrar, pero ya a la Hacienda P\u00fablica de otra suerte, se convierten en delincuentes legales y sin autoridad moral o jur\u00eddica para firmar ninguna sentencia.<\/span><\/p>\n<p class=\"p1\"><span style=\"font-size: 18pt;\"><strong>En el a\u00f1o del 2009 se reform\u00f3 el Art\u00edculo 127 Constitucional, sin embargo, los primeros en violentarlo fueron los ministros que a partir de esa disposici\u00f3n -o que ya ellos se hab\u00edan fijados salarios y privilegios-, ten\u00edan vamos aceptarlo un derecho adquirido, pero quienes se incorporaban, por los nuevos ten\u00edan que ajustarse que ajustarse y no agandallase como lo hicieron y al contrario de manera descomunal se elevaron sus remuneraciones y privilegios lo que es condenable, m\u00e1s a\u00fan, en clara connivencia, ampararon a<span class=\"Apple-converted-space\">\u00a0 <\/span>los organismos aut\u00f3nomos para que hicieron lo propio, ominoso ejemplo que se traslad\u00f3 a los ayuntamientos de todo el pa\u00eds, en donde existe un crisis econ\u00f3mica de suyo insalvable, por aquello, que su autonom\u00eda e independencia es carta abierta para robar.<\/strong><\/span><\/p>\n<p>&nbsp;<\/p>\n<p><img loading=\"lazy\" decoding=\"async\" class=\"aligncenter wp-image-17159 size-large\" src=\"https:\/\/politicosaldesnudo.com.mx\/wp-content\/uploads\/2023\/03\/P-MINISTRO-SCNJ-1024x573.png\" alt=\"\" width=\"800\" height=\"448\" \/><\/p>\n<p>&nbsp;<\/p>\n<p class=\"p1\"><span style=\"font-size: 18pt; color: #e42d33;\"><b>SIN RESPETAR LA LEY<\/b><\/span><\/p>\n<p class=\"p1\"><span style=\"font-size: 14pt;\">Causa escozor escuchar a quienes se dicen defensores de la Constituci\u00f3n y sus leyes que al protestar el cargo juraron hacer respetar, &#8211; Pi\u00f1a Hern\u00e1ndez y Pardo Rebolledo- cuando en la pr\u00e1ctica sucede lo contrario y se acusa un desprestigio de manera exponencial, porque la opini\u00f3n publica los critica m\u00e1s ahora en que se conocen los despilfarros que abruman ante la miseria en que se debate la naci\u00f3n,<span class=\"Apple-converted-space\">\u00a0 <\/span>por la existencia de una burocracia que lleg\u00f3 para servirse de los bienes de la naci\u00f3n, pues cuentan con un fondo de resguardo de m\u00e1s de veinte mil millones de pesos cuando deber\u00edan de regresarse al Estado, por as\u00ed disponerlo la ley federal de contabilidad y responsabilidad hacendaria que violan<span class=\"Apple-converted-space\">\u00a0 <\/span>los ministros y muchos otros angelitos que, como el INE, con el pretexto de la democracia, atracan y saquean a la naci\u00f3n.<\/span><\/p>\n<p class=\"p1\"><span style=\"font-size: 18pt;\"><strong>Si se observa que todos<span class=\"Apple-converted-space\">\u00a0 <\/span>los ministros de la Suprema Corte de Justicia de la Naci\u00f3n es producto de un dedo -el presidencial que es el \u00fanico facultado para proponerlos al Senado de la Rep\u00fablica- y que es resultado de intereses de \u201cgrupos de poder\u201d que viven de la oligarqu\u00eda criolla y de ah\u00ed se nutren, ya en el cargo est\u00e1n al servicio de ellos, olvid\u00e1ndose de la existencia de que existe un pueblo que tiene como en el porfiriato, \u201chambre y sed de justicia\u201d, pero que se niega, porque el pueblo no cuenta, solo la acumulaci\u00f3n de la riqueza en pocas manos.<\/strong><\/span><\/p>\n<p class=\"p1\"><span style=\"font-size: 14pt;\">En una revisi\u00f3n a los bienes de los once ministros del a\u00f1os 2009 a la fecha de esa reforma, se han embuchacado cientos de miles de millones de pesos que, si se aplicar\u00e1 la ley, es claro enriquecimiento ileg\u00edtimo que, si existiera verg\u00fcenza, deber\u00eda ser devuelto y castigar a los culpables, sin ning\u00fan miramiento ni contemplaciones, porque, o hay justicia para todos o no habr\u00e1 paz ni justicia para nadie.<\/span><\/p>\n<p class=\"p1\"><span style=\"font-size: 18pt;\"><strong>Se indigna a la sociedad con esas actitudes grotescas cuando, sobre todo, se presume de lo que se carece y si el buen juez por su casa en empieza, que comience el retorno de esos bienes que son del pueblo y de esa oligarqu\u00eda que es la \u00fanica causante de la violencia y las subversiones, pues si se sirve al pueblo y su subsistencia<span class=\"Apple-converted-space\">\u00a0 <\/span>deja de ser<span class=\"Apple-converted-space\">\u00a0 <\/span>cada vez m\u00e1s apremiante, se puede contar con la armon\u00eda social y el enojo se disipa, ah\u00ed est\u00e1 la prueba cuando, -se ve que un gobierno<span class=\"Apple-converted-space\">\u00a0 <\/span>se maneja con transparencia y abiertamente al servicio de las mayor\u00edas-, las mujeres que salieron a las calles a reclamar su presencia, desfogan su enojo, agrediendo y gritando pese a que el gobierno actual es totalmente feminista, mucho ha cambiado, porque en la actual administraci\u00f3n se privilegia la paridad de g\u00e9nero.<\/strong><\/span><\/p>\n<p class=\"p1\"><span style=\"font-size: 18pt; color: #e42d33;\"><strong>Las componendas y trastupijes de los de arriba, medran con los de abajo de ah\u00ed por lo menos la existencia de cerca de quinientos mil millones de pesos inutilizados que se manejan en la opacidad, cuando deber\u00eda de estar al servicio de la naci\u00f3n, es decir, la n\u00f3mina de la burocracia tiene que estar en el gobierno y no en sus dependencias p\u00fablicas que privilegia la corrupci\u00f3n, es el ahora o nunca, pero para siempre.<\/strong><\/span><\/p>\n<p class=\"p1\"><span style=\"font-size: 14pt;\">Sin embargo, por si lo anterior fuera poco, los ministros de la Suprema Corte de Justicia est\u00e1n al servicio de los grandes intereses, ah\u00ed est\u00e1 un ejemplo claro. Si el Art\u00edculo 105 Constitucional establece las acciones de inconstitucionalidad y controversias y su ley reglamentar\u00eda proh\u00edbe que se conceda la suspensi\u00f3n contra una ley el ministro P\u00e9rez Dayan, de triste memoria- pues junto con Medina Mora, Franco, Margarita Luna, Laynes y Esquivel Mossa, aprobaron el lavado de dinero con la tesis jurisprudencial que proh\u00edbe al gobierno mexicano congelar cuentas, si es que no existe una petici\u00f3n de un gobierno extranjero- concede la suspensi\u00f3n contras la leyes electorales, raz\u00f3n suficiente para exigirle responsabilidad y nada se hace, luego entonces, no nos quejemos de que dos extranjeros norteamericanos<span class=\"Apple-converted-space\">\u00a0 <\/span>pidan a su congreso que se expida una ley y que sus tropas ingresen a asesinar a los narcotraficantes, ya que la tibieza del gobierno-abrazos y no balazos, eso quieren, -,si<span class=\"Apple-converted-space\">\u00a0 <\/span>se<span class=\"Apple-converted-space\">\u00a0 <\/span>refleja<span class=\"Apple-converted-space\">\u00a0 <\/span>que, los que aplican las leyes, las violentan<span class=\"Apple-converted-space\">\u00a0 <\/span>de manera criminal, como se rese\u00f1a.<\/span><\/p>\n<p>&nbsp;<\/p>\n<hr \/>\n<p>&nbsp;<\/p>\n<p><span style=\"font-size: 18pt;\"><strong>Correo:<a href=\"mailto:limacobos@hotmail.com\"> limacobos@hotmail.com<\/a><\/strong><\/span><\/p>\n<p><span style=\"font-size: 18pt;\"><strong>Twitter: <a href=\"https:\/\/twitter.com\/limacobos1\">@limacobos1<\/a><\/strong><\/span><\/p>\n<p>&nbsp;<\/p>\n<p><img loading=\"lazy\" decoding=\"async\" class=\"aligncenter wp-image-11449\" src=\"http:\/\/noticiasveracruz.com\/wp-content\/uploads\/2023\/01\/FIRMA-EDITORIAL-NV-300x37.png\" alt=\"\" width=\"1000\" height=\"122\" srcset=\"https:\/\/noticiasveracruz.com\/wp-content\/uploads\/2023\/01\/FIRMA-EDITORIAL-NV-300x37.png 300w, https:\/\/noticiasveracruz.com\/wp-content\/uploads\/2023\/01\/FIRMA-EDITORIAL-NV-1024x125.png 1024w, https:\/\/noticiasveracruz.com\/wp-content\/uploads\/2023\/01\/FIRMA-EDITORIAL-NV-768x94.png 768w, https:\/\/noticiasveracruz.com\/wp-content\/uploads\/2023\/01\/FIRMA-EDITORIAL-NV-1536x188.png 1536w, https:\/\/noticiasveracruz.com\/wp-content\/uploads\/2023\/01\/FIRMA-EDITORIAL-NV-2048x250.png 2048w\" sizes=\"auto, (max-width: 1000px) 100vw, 1000px\" \/><\/p>\n<p>&nbsp;<\/p>\n<p>&nbsp;<\/p>\n<p>&nbsp;<\/p>\n","protected":false},"excerpt":{"rendered":"<p>&nbsp; Por Jos\u00e9 Lima Cobos Si los ministros de la Suprema Corte de Justicia afirman que por ellos hablan sus<\/p>\n","protected":false},"author":4,"featured_media":3425,"comment_status":"closed","ping_status":"closed","sticky":false,"template":"","format":"standard","meta":{"colormag_page_container_layout":"default_layout","colormag_page_sidebar_layout":"default_layout","_jetpack_memberships_contains_paid_content":false,"footnotes":"","jetpack_publicize_message":"","jetpack_publicize_feature_enabled":true,"jetpack_social_post_already_shared":true,"jetpack_social_options":{"image_generator_settings":{"template":"highway","default_image_id":0,"font":"","enabled":false},"version":2}},"categories":[6],"tags":[1004,1342,2241,502],"class_list":["post-13601","post","type-post","status-publish","format-standard","has-post-thumbnail","hentry","category-columnistas","tag-constitucion","tag-ministros","tag-nacion","tag-suprema-corte-de-justicia"],"jetpack_publicize_connections":[],"jetpack_featured_media_url":"https:\/\/noticiasveracruz.com\/wp-content\/uploads\/2022\/04\/NV-JOSE\u0301-LUIS-COBOS.png","jetpack_sharing_enabled":true,"publishpress_future_action":{"enabled":false,"date":"2026-05-08 18:13:35","action":"change-status","newStatus":"draft","terms":[],"taxonomy":"category","extraData":[]},"publishpress_future_workflow_manual_trigger":{"enabledWorkflows":[]},"_links":{"self":[{"href":"https:\/\/noticiasveracruz.com\/index.php\/wp-json\/wp\/v2\/posts\/13601","targetHints":{"allow":["GET"]}}],"collection":[{"href":"https:\/\/noticiasveracruz.com\/index.php\/wp-json\/wp\/v2\/posts"}],"about":[{"href":"https:\/\/noticiasveracruz.com\/index.php\/wp-json\/wp\/v2\/types\/post"}],"author":[{"embeddable":true,"href":"https:\/\/noticiasveracruz.com\/index.php\/wp-json\/wp\/v2\/users\/4"}],"replies":[{"embeddable":true,"href":"https:\/\/noticiasveracruz.com\/index.php\/wp-json\/wp\/v2\/comments?post=13601"}],"version-history":[{"count":0,"href":"https:\/\/noticiasveracruz.com\/index.php\/wp-json\/wp\/v2\/posts\/13601\/revisions"}],"wp:featuredmedia":[{"embeddable":true,"href":"https:\/\/noticiasveracruz.com\/index.php\/wp-json\/wp\/v2\/media\/3425"}],"wp:attachment":[{"href":"https:\/\/noticiasveracruz.com\/index.php\/wp-json\/wp\/v2\/media?parent=13601"}],"wp:term":[{"taxonomy":"category","embeddable":true,"href":"https:\/\/noticiasveracruz.com\/index.php\/wp-json\/wp\/v2\/categories?post=13601"},{"taxonomy":"post_tag","embeddable":true,"href":"https:\/\/noticiasveracruz.com\/index.php\/wp-json\/wp\/v2\/tags?post=13601"}],"curies":[{"name":"wp","href":"https:\/\/api.w.org\/{rel}","templated":true}]}}