{"id":13595,"date":"2023-03-13T00:10:04","date_gmt":"2023-03-13T06:10:04","guid":{"rendered":"https:\/\/noticiasveracruz.com\/?p=13595"},"modified":"2023-03-12T22:34:10","modified_gmt":"2023-03-13T04:34:10","slug":"el-candidato-de-alito","status":"publish","type":"post","link":"https:\/\/noticiasveracruz.com\/index.php\/2023\/03\/13\/el-candidato-de-alito\/","title":{"rendered":"El candidato de Alito"},"content":{"rendered":"<p class=\"p1\">\n<p>&nbsp;<\/p>\n<p class=\"p1\"><span style=\"font-size: 18pt;\"><b>Por Pepe Valencia<\/b><\/span><\/p>\n<p class=\"p1\"><span style=\"font-size: 14pt;\">Alejandro Moreno C\u00e1rdenas, el pol\u00e9mico presidente del PRI, no se anduvo por las ramas. Durante su visita a Xalapa, el s\u00e1bado, en la reuni\u00f3n celebrada en el sal\u00f3n Ghal con periodistas, le pregunt\u00e9 sobre los prospectos priistas a la gubernatura de Veracruz y, en la respuesta, se deshizo en elogios para el presidente municipal de Orizaba, Juan Manuel Diez Francos.<\/span><\/p>\n<p class=\"p1\"><span style=\"font-size: 14pt;\">Como no queriendo, agreg\u00f3 tambi\u00e9n el nombre de Pepe Yunes Zorrilla y, de refil\u00f3n, mencion\u00f3 a las diputadas Anil\u00fa \u00cdngran Vallines, Ariadna \u00c1ngeles Aguirre y Lorena Pi\u00f1\u00f3n Rivera. M\u00e1s adelante incluy\u00f3 en la lista a H\u00e9ctor Yunes Landa. Y admiti\u00f3 que hay otros.<\/span><\/p>\n<p class=\"p1\"><span style=\"font-size: 14pt;\">Un d\u00eda antes, en Orizaba, se hab\u00eda reunido con Juan Manuel Diez, en lo que algunos interpretaron como un predestape. Otros sugieren que el verdadero candidato de Alito es Pepe Yunes y que el alcalde orizabe\u00f1o es s\u00f3lo un distractor.<\/span><\/p>\n<p class=\"p1\"><span style=\"font-size: 14pt;\">Claro, como la alianza es con el PAN y el PRD, faltar\u00eda la opini\u00f3n de los Yunes azules, porque Julen Rementer\u00eda parece haberse resignado y ha deslizado su respaldo impl\u00edcito a Pepe Yunes o Juan Manuel Diez. Todo ello con tal de no apoyar al clan de su archienemigo, Miguel \u00c1ngel Yunes Linares.<\/span><\/p>\n<p class=\"p1\"><span style=\"font-size: 14pt;\">Acaso la candidatura recaer\u00e1 en el aspirante mejor posicionado de acuerdo a las encuestas, independientemente del partido pol\u00edtico en el que milite.<\/span><\/p>\n<p class=\"p1\"><span style=\"font-size: 14pt;\">Alito dej\u00f3 entrever que quiz\u00e1 Movimiento Ciudadano tambi\u00e9n se sume a la coalici\u00f3n opositora en vez de hacerle el caldo gordo a Morena y reiter\u00f3 la posibilidad de conquistar no s\u00f3lo la presidencia de la rep\u00fablica sino tambi\u00e9n la gubernatura de Veracruz y la mayor\u00eda en el Congreso de la Uni\u00f3n.<\/span><\/p>\n<p class=\"p1\"><span style=\"font-size: 14pt;\">En s\u00ed, aunque aparentemente el favorito de Alito sea Juan Manuel Diez, la \u00faltima palabra a\u00fan no se ha dicho. Cualquiera puede ser el candidato o la candidata, incluso alguien de la sociedad civil\u2026 mujer u hombre.<\/span><\/p>\n<p class=\"p1\"><span style=\"font-size: 14pt;\">A prop\u00f3sito de que cuatro Yunes, H\u00e9ctor, Pepe, Fernando y Miguel \u00c1ngel ans\u00edan la gubernatura del estado, ah\u00ed les va una pregunta: \u00bfY si el candidato de la coalici\u00f3n PAN-PRI-PRD no es ninguno de ellos y s\u00ed, en cambio, va una mujer? <\/span><\/p>\n<p class=\"p1\"><span style=\"font-size: 14pt;\">Ser\u00eda una formidable batalla electoral entre Patricia Lobeira, presidenta municipal de Veracruz, y Roc\u00edo Nahle Garc\u00eda, secretaria de Energ\u00eda.<\/span><\/p>\n<p class=\"p1\"><span style=\"font-size: 14pt;\">No son las \u00fanicas veracruzanas con probabilidades, aunque s\u00ed las mejor<span class=\"Apple-converted-space\">\u00a0 <\/span>ubicadas en este momento en el<span class=\"Apple-converted-space\">\u00a0 <\/span>arrancadero de la sucesi\u00f3n gubernamental.<\/span><\/p>\n<p class=\"p1\"><span style=\"font-size: 14pt;\">Este a\u00f1o se despejar\u00e1n las dudas. Hagan sus apuestas, amables lectores.<\/span><\/p>\n<p>&nbsp;<\/p>\n<hr \/>\n<p>&nbsp;<\/p>\n<p><img loading=\"lazy\" decoding=\"async\" class=\"aligncenter wp-image-11449\" src=\"http:\/\/noticiasveracruz.com\/wp-content\/uploads\/2023\/01\/FIRMA-EDITORIAL-NV-300x37.png\" alt=\"\" width=\"1000\" height=\"122\" srcset=\"https:\/\/noticiasveracruz.com\/wp-content\/uploads\/2023\/01\/FIRMA-EDITORIAL-NV-300x37.png 300w, https:\/\/noticiasveracruz.com\/wp-content\/uploads\/2023\/01\/FIRMA-EDITORIAL-NV-1024x125.png 1024w, https:\/\/noticiasveracruz.com\/wp-content\/uploads\/2023\/01\/FIRMA-EDITORIAL-NV-768x94.png 768w, https:\/\/noticiasveracruz.com\/wp-content\/uploads\/2023\/01\/FIRMA-EDITORIAL-NV-1536x188.png 1536w, https:\/\/noticiasveracruz.com\/wp-content\/uploads\/2023\/01\/FIRMA-EDITORIAL-NV-2048x250.png 2048w\" sizes=\"auto, (max-width: 1000px) 100vw, 1000px\" \/><\/p>\n<p>&nbsp;<\/p>\n<p>&nbsp;<\/p>\n<p>&nbsp;<\/p>\n<p>&nbsp;<\/p>\n<p>&nbsp;<\/p>\n<p>&nbsp;<\/p>\n<p>&nbsp;<\/p>\n","protected":false},"excerpt":{"rendered":"<p>&nbsp; Por Pepe Valencia Alejandro Moreno C\u00e1rdenas, el pol\u00e9mico presidente del PRI, no se anduvo por las ramas. Durante su<\/p>\n","protected":false},"author":4,"featured_media":3786,"comment_status":"closed","ping_status":"closed","sticky":false,"template":"","format":"standard","meta":{"colormag_page_container_layout":"default_layout","colormag_page_sidebar_layout":"default_layout","_jetpack_memberships_contains_paid_content":false,"footnotes":"","jetpack_publicize_message":"","jetpack_publicize_feature_enabled":true,"jetpack_social_post_already_shared":true,"jetpack_social_options":{"image_generator_settings":{"template":"highway","default_image_id":0,"font":"","enabled":false},"version":2}},"categories":[6],"tags":[],"class_list":["post-13595","post","type-post","status-publish","format-standard","has-post-thumbnail","hentry","category-columnistas"],"jetpack_publicize_connections":[],"jetpack_featured_media_url":"https:\/\/noticiasveracruz.com\/wp-content\/uploads\/2022\/05\/PEPE-VALENCIA.png","jetpack_sharing_enabled":true,"publishpress_future_action":{"enabled":false,"date":"2026-05-08 06:52:42","action":"change-status","newStatus":"draft","terms":[],"taxonomy":"category","extraData":[]},"publishpress_future_workflow_manual_trigger":{"enabledWorkflows":[]},"_links":{"self":[{"href":"https:\/\/noticiasveracruz.com\/index.php\/wp-json\/wp\/v2\/posts\/13595","targetHints":{"allow":["GET"]}}],"collection":[{"href":"https:\/\/noticiasveracruz.com\/index.php\/wp-json\/wp\/v2\/posts"}],"about":[{"href":"https:\/\/noticiasveracruz.com\/index.php\/wp-json\/wp\/v2\/types\/post"}],"author":[{"embeddable":true,"href":"https:\/\/noticiasveracruz.com\/index.php\/wp-json\/wp\/v2\/users\/4"}],"replies":[{"embeddable":true,"href":"https:\/\/noticiasveracruz.com\/index.php\/wp-json\/wp\/v2\/comments?post=13595"}],"version-history":[{"count":0,"href":"https:\/\/noticiasveracruz.com\/index.php\/wp-json\/wp\/v2\/posts\/13595\/revisions"}],"wp:featuredmedia":[{"embeddable":true,"href":"https:\/\/noticiasveracruz.com\/index.php\/wp-json\/wp\/v2\/media\/3786"}],"wp:attachment":[{"href":"https:\/\/noticiasveracruz.com\/index.php\/wp-json\/wp\/v2\/media?parent=13595"}],"wp:term":[{"taxonomy":"category","embeddable":true,"href":"https:\/\/noticiasveracruz.com\/index.php\/wp-json\/wp\/v2\/categories?post=13595"},{"taxonomy":"post_tag","embeddable":true,"href":"https:\/\/noticiasveracruz.com\/index.php\/wp-json\/wp\/v2\/tags?post=13595"}],"curies":[{"name":"wp","href":"https:\/\/api.w.org\/{rel}","templated":true}]}}