{"id":13593,"date":"2023-03-13T00:08:34","date_gmt":"2023-03-13T06:08:34","guid":{"rendered":"https:\/\/noticiasveracruz.com\/?p=13593"},"modified":"2023-03-12T22:30:36","modified_gmt":"2023-03-13T04:30:36","slug":"el-8m-y-el-poder-de-la-mujer","status":"publish","type":"post","link":"https:\/\/noticiasveracruz.com\/index.php\/2023\/03\/13\/el-8m-y-el-poder-de-la-mujer\/","title":{"rendered":"El 8M y el poder de la mujer"},"content":{"rendered":"<p class=\"p1\">\n<p>&nbsp;<\/p>\n<p class=\"p1\"><span style=\"font-size: 18pt;\"><b>Por Ricardo Homs<\/b><\/span><\/p>\n<p class=\"p1\"><span style=\"font-size: 14pt;\">La conmemoraci\u00f3n del \u201cD\u00eda Internacional de la Mujer\u201d nos muestra una terrible realidad. Varias de las entrevistadas a lo largo de la marcha de 8 M manifiestan que siguen esperando justicia porque fueron v\u00edctimas de intentos de feminicidio y las autoridades que recibieron sus denuncias no han actuado. <\/span><\/p>\n<p class=\"p1\"><span style=\"font-size: 14pt;\">Las historias de abusos son variadas, pero todas confluyen en un solo problema: la sociedad no ha cambiado su actitud frente a la mujer. Es cierto que hoy hay m\u00e1s conciencia respecto a los derechos de la mujer. Sin embargo, estas convicciones solo se manifiestan a nivel de opiniones, pero la conducta cotidiana sigue siendo la misma: inequidad y abuso.<\/span><\/p>\n<p class=\"p1\"><span style=\"font-size: 14pt;\">Sin embargo, a\u00fan considerando todas las circunstancias que hablan a favor de un avance social, en realidad vemos que s\u00f3lo se trata de respuestas socialmente correctas, pero que no reflejan la actitud real, -anclada en el inconsciente-, que ocasionalmente, -ante un est\u00edmulo de gran significado-, puede detonar una acci\u00f3n violenta. <\/span><\/p>\n<p class=\"p1\"><span style=\"font-size: 14pt;\">Es el mismo caso de la discriminaci\u00f3n \u00e9tnica en M\u00e9xico. Por condicionamientos educativos en nuestro pa\u00eds oficialmente no existe discriminaci\u00f3n racial, ni de clase. Sin embargo, es tolerada y nuestra vida cotidiana nos muestra que el racismo est\u00e1 arraigado en el inconsciente colectivo.<\/span><\/p>\n<p class=\"p1\"><span style=\"font-size: 14pt;\">Igual que la pigmentocracia est\u00e1 presente en las oportunidades laborales, la aceptaci\u00f3n social y muchas de las vinculaciones entre los mexicanos, la discriminaci\u00f3n por g\u00e9nero est\u00e1 presente en todas las dimensiones de la vida cotidiana; hay estudios que muestran que las mujeres ganan 28 por ciento menos que los hombres, desarrollando las mismas actividades.<\/span><\/p>\n<p class=\"p1\"><span style=\"font-size: 14pt;\">En los \u201cusos y costumbres\u201d a\u00fan vigentes en las estructuras sociales de comunidades ind\u00edgenas est\u00e1 arraigada no s\u00f3lo la discriminaci\u00f3n hacia la mujer, sino el abuso, la violencia y el sentido de propiedad, como si fuese objeto.<\/span><\/p>\n<p class=\"p1\"><span style=\"font-size: 14pt;\">Hoy en la era de las redes sociales y la televisi\u00f3n la sociedad mexicana se asombra de esta realidad cotidiana para un importante sector de la sociedad mexicana.<\/span><\/p>\n<p class=\"p1\"><span style=\"font-size: 14pt;\">Sin embargo, realizar el cambio de mentalidad y la asimilaci\u00f3n de nuevos valores no s\u00f3lo sociales, -sino tambi\u00e9n morales-, quiz\u00e1 represente esperar la evoluci\u00f3n de varias generaciones.<\/span><\/p>\n<p class=\"p1\"><span style=\"font-size: 14pt;\">Sin embargo, adem\u00e1s de los cambios sociales requeridos, hay acciones inmediatas, -de tipo jur\u00eddico-, que pueden instrumentarse.<\/span><\/p>\n<p class=\"p1\"><span style=\"font-size: 14pt;\">Una parte de este problema lo estimula la impunidad. <\/span><\/p>\n<p class=\"p1\"><span style=\"font-size: 14pt;\">Los ministerios p\u00fablicos, -que son la instancia que recibe las denuncias-, generalmente no dan importancia a la violencia en contra de la mujer y archivan los expedientes. Desestiman la violencia dom\u00e9stica como un asunto no grave. No consideran la posibilidad de que la agresi\u00f3n suba de nivel y culmine en un asesinato. <\/span><\/p>\n<p class=\"p1\"><span style=\"font-size: 14pt;\">Otras veces quienes reciben las denuncias en los ministerios p\u00fablicos se esfuerzan por convencer a las v\u00edctimas que no denuncien y mejor negocien con sus agresores.<\/span><\/p>\n<p class=\"p1\"><span style=\"font-size: 14pt;\">No nos confundamos, las agencias de los ministerios p\u00fablicos no dependen del Poder Judicial, -que es encabezado por quien preside la SCJN y la Judicatura Federal-, sino que son parte de las fiscal\u00edas, tanto de cada uno de los estados, como en el caso federal, de la FGR, hoy muy cercana al Poder Ejecutivo. <\/span><\/p>\n<p class=\"p1\"><span style=\"font-size: 14pt;\">La atenci\u00f3n inmediata de la violencia dom\u00e9stica por parte de las autoridades tendr\u00eda un efecto preventivo, -disuasivo-, que evitar\u00eda que la agresividad evolucionase hasta el asesinato, como sucede.<\/span><\/p>\n<p class=\"p1\"><span style=\"font-size: 14pt;\">Por tanto, es urgente castigar la indolencia y falta de seguimiento por parte de funcionarios p\u00fablicos a cargo de perseguir el delito y brindar seguridad. S\u00f3lo penalizando la irresponsabilidad de las autoridades podremos disminuir este grave y sensible problema.\u00a0<\/span><\/p>\n<p>&nbsp;<\/p>\n<p class=\"p1\"><span style=\"font-size: 18pt;\"><strong>\u00bfA usted qu\u00e9 le parece?<\/strong><\/span><\/p>\n<p>&nbsp;<\/p>\n<hr \/>\n<p>&nbsp;<\/p>\n<p class=\"p1\"><span style=\"font-size: 18pt;\"><strong>Facebook:<a href=\"https:\/\/www.facebook.com\/Ricardo.Homs1\">@Ricardo.Homs1<\/a><\/strong><\/span><\/p>\n<p class=\"p1\"><span style=\"font-size: 18pt;\"><strong>Twitter:\u00a0<\/strong><a href=\"https:\/\/twitter.com\/homsricardo\"><strong>@homsricardo<\/strong><\/a><\/span><\/p>\n<p class=\"p1\"><span style=\"font-size: 18pt;\"><strong>Linkedin:\u00a0<a href=\"https:\/\/www.linkedin.com\/in\/ricardo-homs-3920449\/?originalSubdomain=mx\">RicardoHoms<\/a><\/strong><\/span><\/p>\n<p class=\"p1\"><span style=\"font-size: 18pt;\"><a href=\"https:\/\/ricardohoms.com\/\"><strong>www.ricardohoms.com<\/strong><\/a><\/span><\/p>\n<p>&nbsp;<\/p>\n<p><img loading=\"lazy\" decoding=\"async\" class=\"aligncenter wp-image-11449\" src=\"http:\/\/noticiasveracruz.com\/wp-content\/uploads\/2023\/01\/FIRMA-EDITORIAL-NV-300x37.png\" alt=\"\" width=\"1000\" height=\"122\" srcset=\"https:\/\/noticiasveracruz.com\/wp-content\/uploads\/2023\/01\/FIRMA-EDITORIAL-NV-300x37.png 300w, https:\/\/noticiasveracruz.com\/wp-content\/uploads\/2023\/01\/FIRMA-EDITORIAL-NV-1024x125.png 1024w, https:\/\/noticiasveracruz.com\/wp-content\/uploads\/2023\/01\/FIRMA-EDITORIAL-NV-768x94.png 768w, https:\/\/noticiasveracruz.com\/wp-content\/uploads\/2023\/01\/FIRMA-EDITORIAL-NV-1536x188.png 1536w, https:\/\/noticiasveracruz.com\/wp-content\/uploads\/2023\/01\/FIRMA-EDITORIAL-NV-2048x250.png 2048w\" sizes=\"auto, (max-width: 1000px) 100vw, 1000px\" \/><\/p>\n<p>&nbsp;<\/p>\n<p>&nbsp;<\/p>\n<p>&nbsp;<\/p>\n<p>&nbsp;<\/p>\n","protected":false},"excerpt":{"rendered":"<p>&nbsp; Por Ricardo Homs La conmemoraci\u00f3n del \u201cD\u00eda Internacional de la Mujer\u201d nos muestra una terrible realidad. Varias de las<\/p>\n","protected":false},"author":4,"featured_media":3190,"comment_status":"closed","ping_status":"closed","sticky":false,"template":"","format":"standard","meta":{"colormag_page_container_layout":"default_layout","colormag_page_sidebar_layout":"default_layout","_jetpack_memberships_contains_paid_content":false,"footnotes":"","jetpack_publicize_message":"","jetpack_publicize_feature_enabled":true,"jetpack_social_post_already_shared":true,"jetpack_social_options":{"image_generator_settings":{"template":"highway","default_image_id":0,"font":"","enabled":false},"version":2}},"categories":[6],"tags":[],"class_list":["post-13593","post","type-post","status-publish","format-standard","has-post-thumbnail","hentry","category-columnistas"],"jetpack_publicize_connections":[],"jetpack_featured_media_url":"https:\/\/noticiasveracruz.com\/wp-content\/uploads\/2022\/04\/NV-RICARDO-HOMS.png","jetpack_sharing_enabled":true,"publishpress_future_action":{"enabled":false,"date":"2026-05-08 05:56:09","action":"change-status","newStatus":"draft","terms":[],"taxonomy":"category","extraData":[]},"publishpress_future_workflow_manual_trigger":{"enabledWorkflows":[]},"_links":{"self":[{"href":"https:\/\/noticiasveracruz.com\/index.php\/wp-json\/wp\/v2\/posts\/13593","targetHints":{"allow":["GET"]}}],"collection":[{"href":"https:\/\/noticiasveracruz.com\/index.php\/wp-json\/wp\/v2\/posts"}],"about":[{"href":"https:\/\/noticiasveracruz.com\/index.php\/wp-json\/wp\/v2\/types\/post"}],"author":[{"embeddable":true,"href":"https:\/\/noticiasveracruz.com\/index.php\/wp-json\/wp\/v2\/users\/4"}],"replies":[{"embeddable":true,"href":"https:\/\/noticiasveracruz.com\/index.php\/wp-json\/wp\/v2\/comments?post=13593"}],"version-history":[{"count":0,"href":"https:\/\/noticiasveracruz.com\/index.php\/wp-json\/wp\/v2\/posts\/13593\/revisions"}],"wp:featuredmedia":[{"embeddable":true,"href":"https:\/\/noticiasveracruz.com\/index.php\/wp-json\/wp\/v2\/media\/3190"}],"wp:attachment":[{"href":"https:\/\/noticiasveracruz.com\/index.php\/wp-json\/wp\/v2\/media?parent=13593"}],"wp:term":[{"taxonomy":"category","embeddable":true,"href":"https:\/\/noticiasveracruz.com\/index.php\/wp-json\/wp\/v2\/categories?post=13593"},{"taxonomy":"post_tag","embeddable":true,"href":"https:\/\/noticiasveracruz.com\/index.php\/wp-json\/wp\/v2\/tags?post=13593"}],"curies":[{"name":"wp","href":"https:\/\/api.w.org\/{rel}","templated":true}]}}