{"id":13591,"date":"2023-03-13T00:06:46","date_gmt":"2023-03-13T06:06:46","guid":{"rendered":"https:\/\/noticiasveracruz.com\/?p=13591"},"modified":"2023-03-12T22:28:07","modified_gmt":"2023-03-13T04:28:07","slug":"requiem-a-antonio-chedraui-mafud","status":"publish","type":"post","link":"https:\/\/noticiasveracruz.com\/index.php\/2023\/03\/13\/requiem-a-antonio-chedraui-mafud\/","title":{"rendered":"R\u00e9quiem a Antonio Chedraui Mafud\u00a0"},"content":{"rendered":"<p class=\"p1\">\n<p>&nbsp;<\/p>\n<p class=\"p1\"><span style=\"font-size: 18pt;\"><b>Por Ra\u00fal L\u00f3pez G\u00f3mez<\/b><\/span><\/p>\n<p class=\"p1\"><span style=\"font-size: 14pt;\">En el d\u00eda a d\u00eda en la zona conurbada de Veracruz y Boca del R\u00edo, don Antonio Chedraui Mafud \u201cTony\u201d fue reconocido por la gente como un hombre sencillo, s\u00ed del pueblo.<\/span><\/p>\n<p class=\"p1\"><span style=\"font-size: 14pt;\">Por eso, como un gran empresario exitoso, camin\u00f3 sin problemas por todo lugar, sin necesidad de seguridad personal y por el estilo toda su familia apreciada y estimada en estos lares.<\/span><\/p>\n<p class=\"p1\"><span style=\"font-size: 14pt;\">Hizo del negocio de la papeler\u00eda todo un emporio en el pa\u00eds por su don para las ventas.<\/span><\/p>\n<p class=\"p1\"><span style=\"font-size: 14pt;\">Se convirti\u00f3 en el n\u00famero uno en su giro y sin aspavientos alcanz\u00f3 el mayor de los \u00e9xitos en sus negocios por los precios accesibles a toda la poblaci\u00f3n.<\/span><\/p>\n<p class=\"p1\"><span style=\"font-size: 14pt;\">En alg\u00fan tiempo apoy\u00f3 al Consejo Consultivo de la Ciudad en los a\u00f1os ochentas en el puerto de Veracruz, pero como ciudadano comprometido porque nunca particip\u00f3 en pol\u00edtica.<\/span><\/p>\n<p class=\"p1\"><span style=\"font-size: 14pt;\">Fue un Impulsor del b\u00e9isbol profesional y tambi\u00e9n de la lucha en contra de las adicciones con la fundaci\u00f3n de una sociedad denominada \u201cSe t\u00fa Amigo\u201d.<\/span><\/p>\n<p class=\"p1\"><span style=\"font-size: 14pt;\">Fue de los personajes a los que se les tiene presente por sus valores humanos y su honestidad.<\/span><\/p>\n<p class=\"p1\"><span style=\"font-size: 14pt;\">Siempre ser\u00e1 recordado como un hombre fuera de serie al que jam\u00e1s se le escuch\u00f3 nunca tener un problema con algo o con alguien.<\/span><\/p>\n<p class=\"p1\"><span style=\"font-size: 14pt;\">Su temple fue siempre el de una persona seria que al hablar ve\u00eda a los ojos de la gente y su voz con sus ojos expresivos en forma t\u00e1cita daba una confianza de amistad y de transparencia c\u00e1lida.<\/span><\/p>\n<p class=\"p1\"><span style=\"font-size: 14pt;\">En la sencillez de hombre de pueblo, se le recuerda por las noches llegar s\u00f3lo, a degustar unos tacos en la calle de Col\u00f3n y Grijalva, como todos los clientes de pie con una categor\u00eda del hombre de pueblo como todos, pero con una gran diferencia la gente lo admir\u00f3 y respet\u00f3 por su humildad. <\/span><\/p>\n<p class=\"p1\"><span style=\"font-size: 14pt;\">En la c\u00e1lida despedida de Tony Chedraui, cientos de expresiones sinceras de mucha gente desde el coraz\u00f3n a trav\u00e9s de las redes sociales, fluyeron como nunca con palabras de reconocimiento y de agradecimiento para el ser humano excepcional, que deja profunda huella como un veracruzano que recibi\u00f3 el afecto de la poblaci\u00f3n en general.<\/span><\/p>\n<p class=\"p1\"><span style=\"font-size: 14pt;\">Tony Chedraui, y el legado insuperable que construy\u00f3 como hombre de empresa, como persona y un ciudadano ejemplar, sin precedente en la historia de Veracruz. <\/span><\/p>\n<p class=\"p1\"><span style=\"font-size: 14pt;\">La solidaridad con sus familiares y amistades. QEPD. As\u00ed las cosas.<\/span><\/p>\n<p>&nbsp;<\/p>\n<hr \/>\n<p>&nbsp;<\/p>\n<p><img loading=\"lazy\" decoding=\"async\" class=\"aligncenter wp-image-11449\" src=\"http:\/\/noticiasveracruz.com\/wp-content\/uploads\/2023\/01\/FIRMA-EDITORIAL-NV-300x37.png\" alt=\"\" width=\"1000\" height=\"122\" srcset=\"https:\/\/noticiasveracruz.com\/wp-content\/uploads\/2023\/01\/FIRMA-EDITORIAL-NV-300x37.png 300w, https:\/\/noticiasveracruz.com\/wp-content\/uploads\/2023\/01\/FIRMA-EDITORIAL-NV-1024x125.png 1024w, https:\/\/noticiasveracruz.com\/wp-content\/uploads\/2023\/01\/FIRMA-EDITORIAL-NV-768x94.png 768w, https:\/\/noticiasveracruz.com\/wp-content\/uploads\/2023\/01\/FIRMA-EDITORIAL-NV-1536x188.png 1536w, https:\/\/noticiasveracruz.com\/wp-content\/uploads\/2023\/01\/FIRMA-EDITORIAL-NV-2048x250.png 2048w\" sizes=\"auto, (max-width: 1000px) 100vw, 1000px\" \/><\/p>\n<p>&nbsp;<\/p>\n<p>&nbsp;<\/p>\n<p>&nbsp;<\/p>\n","protected":false},"excerpt":{"rendered":"<p>&nbsp; Por Ra\u00fal L\u00f3pez G\u00f3mez En el d\u00eda a d\u00eda en la zona conurbada de Veracruz y Boca del R\u00edo,<\/p>\n","protected":false},"author":4,"featured_media":3560,"comment_status":"closed","ping_status":"closed","sticky":false,"template":"","format":"standard","meta":{"colormag_page_container_layout":"default_layout","colormag_page_sidebar_layout":"default_layout","_jetpack_memberships_contains_paid_content":false,"footnotes":"","jetpack_publicize_message":"","jetpack_publicize_feature_enabled":true,"jetpack_social_post_already_shared":true,"jetpack_social_options":{"image_generator_settings":{"template":"highway","default_image_id":0,"font":"","enabled":false},"version":2}},"categories":[6],"tags":[],"class_list":["post-13591","post","type-post","status-publish","format-standard","has-post-thumbnail","hentry","category-columnistas"],"jetpack_publicize_connections":[],"jetpack_featured_media_url":"https:\/\/noticiasveracruz.com\/wp-content\/uploads\/2022\/04\/NV-RAU\u0301L-LO\u0301PEZ.png","jetpack_sharing_enabled":true,"publishpress_future_action":{"enabled":false,"date":"2026-05-08 05:56:09","action":"change-status","newStatus":"draft","terms":[],"taxonomy":"category","extraData":[]},"publishpress_future_workflow_manual_trigger":{"enabledWorkflows":[]},"_links":{"self":[{"href":"https:\/\/noticiasveracruz.com\/index.php\/wp-json\/wp\/v2\/posts\/13591","targetHints":{"allow":["GET"]}}],"collection":[{"href":"https:\/\/noticiasveracruz.com\/index.php\/wp-json\/wp\/v2\/posts"}],"about":[{"href":"https:\/\/noticiasveracruz.com\/index.php\/wp-json\/wp\/v2\/types\/post"}],"author":[{"embeddable":true,"href":"https:\/\/noticiasveracruz.com\/index.php\/wp-json\/wp\/v2\/users\/4"}],"replies":[{"embeddable":true,"href":"https:\/\/noticiasveracruz.com\/index.php\/wp-json\/wp\/v2\/comments?post=13591"}],"version-history":[{"count":0,"href":"https:\/\/noticiasveracruz.com\/index.php\/wp-json\/wp\/v2\/posts\/13591\/revisions"}],"wp:featuredmedia":[{"embeddable":true,"href":"https:\/\/noticiasveracruz.com\/index.php\/wp-json\/wp\/v2\/media\/3560"}],"wp:attachment":[{"href":"https:\/\/noticiasveracruz.com\/index.php\/wp-json\/wp\/v2\/media?parent=13591"}],"wp:term":[{"taxonomy":"category","embeddable":true,"href":"https:\/\/noticiasveracruz.com\/index.php\/wp-json\/wp\/v2\/categories?post=13591"},{"taxonomy":"post_tag","embeddable":true,"href":"https:\/\/noticiasveracruz.com\/index.php\/wp-json\/wp\/v2\/tags?post=13591"}],"curies":[{"name":"wp","href":"https:\/\/api.w.org\/{rel}","templated":true}]}}