{"id":13585,"date":"2023-03-13T00:00:54","date_gmt":"2023-03-13T06:00:54","guid":{"rendered":"https:\/\/noticiasveracruz.com\/?p=13585"},"modified":"2023-03-12T22:18:06","modified_gmt":"2023-03-13T04:18:06","slug":"caos-en-francia","status":"publish","type":"post","link":"https:\/\/noticiasveracruz.com\/index.php\/2023\/03\/13\/caos-en-francia\/","title":{"rendered":"Caos en Francia"},"content":{"rendered":"<p class=\"p1\">\n<p>&nbsp;<\/p>\n<p class=\"p1\"><span style=\"font-size: 18pt;\"><b>Por Jessica Woolrich<\/b><\/span><\/p>\n<p class=\"p1\"><span style=\"font-size: 14pt;\">El gobierno del Presidente franc\u00e9s Emmanuel Macron ha sido uno de los m\u00e1s pol\u00e9micos de los \u00faltimos tiempos, provocando que cada tanto las franceses salgan a las calles a manifestarse,<span class=\"Apple-converted-space\">\u00a0 <\/span>primero por el alto costo de vida en la naci\u00f3n europea, despu\u00e9s por los ataques en un centro kurdo, entre muchas otras protestas. Sin embargo ninguna se iguala a las que han inundado las calles de diversas ciudades francesas causadas por la reforma de pensiones, al grado que el transporte p\u00fablico no funciona en su totalidad y las escuelas permanecen cerradas. <\/span><\/p>\n<p class=\"p1\"><span style=\"font-size: 18pt;\"><strong>Es que si bien esta fue una de las promesas m\u00e1s importantes durante su campa\u00f1a para la reelecci\u00f3n, y la mayor parte de los franceses apoya ciertas modificaciones a la ley, los cambios impulsados por Macron tienen el rechazo del 61% de la poblaci\u00f3n, e incluso el 58% apoya una huelga nacional.<\/strong><\/span><\/p>\n<p class=\"p1\"><span style=\"font-size: 14pt;\">Es que para muchos las modificaciones que ya han sido aprobadas por el Senado, no son favorables para el pueblo, que no est\u00e1 cerrado a los cambios, pero s\u00ed a lo dr\u00e1stico de \u00e9stos, ya que lo aprobado, a decir de muchos, perjudica enormemente a los trabajadores, porque la edad de jubilaci\u00f3n se ha retrasado hasta los 62 a\u00f1os y adem\u00e1s se debe de haber trabajado por 43 a\u00f1os para poder ser candidato al cobro de una pensi\u00f3n completa. Lo cual preocupa a quienes no laboraron tantos a\u00f1os pero por su edad ya no est\u00e1n en condiciones de seguir haci\u00e9ndolo.<\/span><\/p>\n<p>&nbsp;<\/p>\n<p><img loading=\"lazy\" decoding=\"async\" class=\"aligncenter wp-image-17140 size-large\" src=\"https:\/\/politicosaldesnudo.com.mx\/wp-content\/uploads\/2023\/03\/P-MARCHA-FRANCIA-1024x573.png\" alt=\"\" width=\"800\" height=\"448\" \/><\/p>\n<p>&nbsp;<\/p>\n<p class=\"p1\"><span style=\"font-size: 14pt;\">Adem\u00e1s, muchos que ya estaban pr\u00f3ximos a jubilarse y ahora tendr\u00e1n que esperar para hacerlo, los cambios les parecen desastrosos. Ya que si bien hay algunas modificaciones que s\u00ed son apoyadas por el pueblo, como el aumento del monto de la pensi\u00f3n, en general se sienten preocupados porque el gobierno parece no escuchar la voz popular, a\u00fan cuando es la gran mayor\u00eda que exige ajustes a la reforma. Pero Macron, fiel a su manera de gobernar, parece solamente centrarse en s\u00ed mismo sin escuchar a su pueblo, lo que ha generado un enorme divisionismo en un pa\u00eds que como se encuentra completamente polarizado entre izquierda y derecha, y que conforme al panorama actual, parece que eso no va a cambiar, porque las protestas contin\u00faan y a decir de diversos sindicatos, \u00e9stas no solo proseguir\u00e1n, sino que incluso pueden aumentar, lo que podr\u00eda poner en riesgo la econom\u00eda de una naci\u00f3n que hoy no pasa por su mejor momento. <\/span><\/p>\n<p class=\"p1\"><span style=\"font-size: 18pt;\"><strong>Por lo que ser\u00eda bueno que el presidente llevara a la pr\u00e1ctica lo dicho por Ezequiel Zamora, quien dijo que; \u201cHablar siempre con el pueblo, escuchar siempre al pueblo\u201d, y quiz\u00e1s as\u00ed las calles de Francia dejen de estar inundadas por el descontento.<\/strong><\/span><\/p>\n<p>&nbsp;<\/p>\n<hr \/>\n<p>&nbsp;<\/p>\n<p><img loading=\"lazy\" decoding=\"async\" class=\"aligncenter wp-image-11449\" src=\"http:\/\/noticiasveracruz.com\/wp-content\/uploads\/2023\/01\/FIRMA-EDITORIAL-NV-300x37.png\" alt=\"\" width=\"1000\" height=\"122\" srcset=\"https:\/\/noticiasveracruz.com\/wp-content\/uploads\/2023\/01\/FIRMA-EDITORIAL-NV-300x37.png 300w, https:\/\/noticiasveracruz.com\/wp-content\/uploads\/2023\/01\/FIRMA-EDITORIAL-NV-1024x125.png 1024w, https:\/\/noticiasveracruz.com\/wp-content\/uploads\/2023\/01\/FIRMA-EDITORIAL-NV-768x94.png 768w, https:\/\/noticiasveracruz.com\/wp-content\/uploads\/2023\/01\/FIRMA-EDITORIAL-NV-1536x188.png 1536w, https:\/\/noticiasveracruz.com\/wp-content\/uploads\/2023\/01\/FIRMA-EDITORIAL-NV-2048x250.png 2048w\" sizes=\"auto, (max-width: 1000px) 100vw, 1000px\" \/><\/p>\n<p>&nbsp;<\/p>\n<p>&nbsp;<\/p>\n<p>&nbsp;<\/p>\n<p>&nbsp;<\/p>\n","protected":false},"excerpt":{"rendered":"<p>&nbsp; Por Jessica Woolrich El gobierno del Presidente franc\u00e9s Emmanuel Macron ha sido uno de los m\u00e1s pol\u00e9micos de los<\/p>\n","protected":false},"author":4,"featured_media":10716,"comment_status":"closed","ping_status":"closed","sticky":false,"template":"","format":"standard","meta":{"colormag_page_container_layout":"default_layout","colormag_page_sidebar_layout":"default_layout","_jetpack_memberships_contains_paid_content":false,"footnotes":"","jetpack_publicize_message":"","jetpack_publicize_feature_enabled":true,"jetpack_social_post_already_shared":true,"jetpack_social_options":{"image_generator_settings":{"template":"highway","default_image_id":0,"font":"","enabled":false},"version":2}},"categories":[6],"tags":[],"class_list":["post-13585","post","type-post","status-publish","format-standard","has-post-thumbnail","hentry","category-columnistas"],"jetpack_publicize_connections":[],"jetpack_featured_media_url":"https:\/\/noticiasveracruz.com\/wp-content\/uploads\/2022\/12\/P-JESSICA-WOOLRICH-NV.png","jetpack_sharing_enabled":true,"publishpress_future_action":{"enabled":false,"date":"2026-05-08 08:12:09","action":"change-status","newStatus":"draft","terms":[],"taxonomy":"category","extraData":[]},"publishpress_future_workflow_manual_trigger":{"enabledWorkflows":[]},"_links":{"self":[{"href":"https:\/\/noticiasveracruz.com\/index.php\/wp-json\/wp\/v2\/posts\/13585","targetHints":{"allow":["GET"]}}],"collection":[{"href":"https:\/\/noticiasveracruz.com\/index.php\/wp-json\/wp\/v2\/posts"}],"about":[{"href":"https:\/\/noticiasveracruz.com\/index.php\/wp-json\/wp\/v2\/types\/post"}],"author":[{"embeddable":true,"href":"https:\/\/noticiasveracruz.com\/index.php\/wp-json\/wp\/v2\/users\/4"}],"replies":[{"embeddable":true,"href":"https:\/\/noticiasveracruz.com\/index.php\/wp-json\/wp\/v2\/comments?post=13585"}],"version-history":[{"count":0,"href":"https:\/\/noticiasveracruz.com\/index.php\/wp-json\/wp\/v2\/posts\/13585\/revisions"}],"wp:featuredmedia":[{"embeddable":true,"href":"https:\/\/noticiasveracruz.com\/index.php\/wp-json\/wp\/v2\/media\/10716"}],"wp:attachment":[{"href":"https:\/\/noticiasveracruz.com\/index.php\/wp-json\/wp\/v2\/media?parent=13585"}],"wp:term":[{"taxonomy":"category","embeddable":true,"href":"https:\/\/noticiasveracruz.com\/index.php\/wp-json\/wp\/v2\/categories?post=13585"},{"taxonomy":"post_tag","embeddable":true,"href":"https:\/\/noticiasveracruz.com\/index.php\/wp-json\/wp\/v2\/tags?post=13585"}],"curies":[{"name":"wp","href":"https:\/\/api.w.org\/{rel}","templated":true}]}}