{"id":13403,"date":"2023-03-06T00:51:58","date_gmt":"2023-03-06T06:51:58","guid":{"rendered":"https:\/\/noticiasveracruz.com\/?p=13403"},"modified":"2023-03-06T00:51:58","modified_gmt":"2023-03-06T06:51:58","slug":"pib-de-china-crecera-5-en-2023-creara-12-millones-de-empleos","status":"publish","type":"post","link":"https:\/\/noticiasveracruz.com\/index.php\/2023\/03\/06\/pib-de-china-crecera-5-en-2023-creara-12-millones-de-empleos\/","title":{"rendered":"PIB de China crecer\u00e1 5% en 2023, crear\u00e1 12 millones de empleos"},"content":{"rendered":"<p class=\"p1\">\n<p>&nbsp;<\/p>\n<p class=\"p1\"><span style=\"font-size: 14pt;\"><em><strong>PEK\u00cdN, CHINA.<\/strong><\/em> El<strong> Producto Interior Bruto<\/strong> (PIB) de <strong>China crecer\u00e1 un 5%<\/strong> en 2023, seg\u00fan el <strong>plan econ\u00f3mico de desarrollo del pa\u00eds<\/strong>, publicado el 5 de marzo.<\/span><\/p>\n<p>&nbsp;<\/p>\n<blockquote>\n<p class=\"p1\"><span style=\"font-size: 14pt;\">El crecimiento del PIB de China ascender\u00e1 a 5%\u201d, se\u00f1ala el documento divulgado en la sesi\u00f3n anual de la Asamblea Popular Nacional (APN).<\/span><\/p>\n<\/blockquote>\n<p>&nbsp;<\/p>\n<p class=\"p1\"><span style=\"font-size: 18pt;\"><strong>Seg\u00fan el plan econ\u00f3mico, el d\u00e9ficit del presupuesto se mantendr\u00e1 al nivel del 3%, lo que supone dos d\u00e9cimas m\u00e1s que en 2022.<\/strong><\/span><\/p>\n<p class=\"p1\"><span style=\"font-size: 14pt;\">En tanto, la inflaci\u00f3n se pronostica que rondar\u00e1 el 3% este a\u00f1o, una previsi\u00f3n similar a la del a\u00f1o anterior, aunque finalmente el gigante asi\u00e1tico cerr\u00f3 el 2022 con una inflaci\u00f3n de 2%.<\/span><\/p>\n<p class=\"p1\"><span style=\"font-size: 18pt;\"><strong>El documento proyecta tambi\u00e9n que el desempleo no superar\u00e1 el 5.5% y se crear\u00e1n unos 12 millones de nuevos empleos.<\/strong><\/span><\/p>\n<p>&nbsp;<\/p>\n<p><img loading=\"lazy\" decoding=\"async\" class=\"aligncenter wp-image-16886 size-large\" src=\"https:\/\/politicosaldesnudo.com.mx\/wp-content\/uploads\/2023\/03\/P-CHINA-APN-1-1024x573.png\" alt=\"\" width=\"800\" height=\"448\" \/><\/p>\n<p>&nbsp;<\/p>\n<p class=\"p1\"><span style=\"font-size: 18pt; color: #e42d33;\"><b>MAYOR GASTO MILITAR<\/b><\/span><\/p>\n<p class=\"p1\"><strong><span style=\"font-size: 18pt;\">El 5 de marzo, en China empez\u00f3 la reuni\u00f3n parlamentaria conocida como\u00a0Dos sesiones. Le atribuyen a esta reuni\u00f3n una importancia crucial, ya que a lo largo de su labor se toman decisiones fundamentales para el futuro desarrollo del pa\u00eds. La reuni\u00f3n de la Asamblea Popular Nacional, el m\u00e1ximo \u00f3rgano legislativo de China, en la que participan m\u00e1s de 3,000 diputados concluir\u00e1 sus labores el pr\u00f3ximo 13 de marzo.<\/span><\/strong><\/p>\n<p class=\"p1\"><span style=\"font-size: 14pt;\">Por otro lado, el Gobierno de China prev\u00e9 incrementar 7.2% el gasto militar en 2023 hasta unos 224.800 millones de d\u00f3lares, seg\u00fan el proyecto de presupuesto del Gobierno, publicado este 5 de marzo.<\/span><\/p>\n<blockquote><p>&nbsp;<\/p>\n<p class=\"p1\"><span style=\"font-size: 14pt;\">Los gastos en la defensa nacional ascender\u00e1n a 1553,7 billones de yuanes, lo que supone un aumento de 7.2%\u201d, se\u00f1ala el documento.<\/span><\/p>\n<\/blockquote>\n<p>&nbsp;<\/p>\n<p class=\"p1\"><span style=\"font-size: 18pt;\"><strong>El 4 de marzo, el portavoz del evento Wang Chao declar\u00f3 que China elevaba su presupuesto de defensa para responder a los desaf\u00edos a su seguridad\u00a0y cumplir sus compromisos de pa\u00eds grande.\u00a0La modernizaci\u00f3n de las fuerzas armadas, indic\u00f3, no representa una amenaza para ning\u00fan pa\u00eds.<\/strong><\/span><\/p>\n<p class=\"p1\"><span style=\"font-size: 14pt;\">China incrementa anualmente su presupuesto de defensa y actualmente es el segundo m\u00e1s elevado del mundo despu\u00e9s de Estados Unidos.<\/span><\/p>\n<p>&nbsp;<\/p>\n<p>&nbsp;<\/p>\n<p>&nbsp;<\/p>\n","protected":false},"excerpt":{"rendered":"<p>&nbsp; PEK\u00cdN, CHINA. El Producto Interior Bruto (PIB) de China crecer\u00e1 un 5% en 2023, seg\u00fan el plan econ\u00f3mico de<\/p>\n","protected":false},"author":4,"featured_media":13405,"comment_status":"closed","ping_status":"closed","sticky":false,"template":"","format":"standard","meta":{"colormag_page_container_layout":"default_layout","colormag_page_sidebar_layout":"default_layout","_jetpack_memberships_contains_paid_content":false,"footnotes":"","jetpack_publicize_message":"","jetpack_publicize_feature_enabled":true,"jetpack_social_post_already_shared":true,"jetpack_social_options":{"image_generator_settings":{"template":"highway","default_image_id":0,"font":"","enabled":false},"version":2}},"categories":[355],"tags":[17,2198,527],"class_list":["post-13403","post","type-post","status-publish","format-standard","has-post-thumbnail","hentry","category-internacional","tag-china","tag-gasto-militar","tag-pib"],"jetpack_publicize_connections":[],"jetpack_featured_media_url":"https:\/\/noticiasveracruz.com\/wp-content\/uploads\/2023\/03\/P-CHINA-APN-2.png","jetpack_sharing_enabled":true,"publishpress_future_action":{"enabled":false,"date":"2026-05-07 22:38:01","action":"change-status","newStatus":"draft","terms":[],"taxonomy":"category","extraData":[]},"publishpress_future_workflow_manual_trigger":{"enabledWorkflows":[]},"_links":{"self":[{"href":"https:\/\/noticiasveracruz.com\/index.php\/wp-json\/wp\/v2\/posts\/13403","targetHints":{"allow":["GET"]}}],"collection":[{"href":"https:\/\/noticiasveracruz.com\/index.php\/wp-json\/wp\/v2\/posts"}],"about":[{"href":"https:\/\/noticiasveracruz.com\/index.php\/wp-json\/wp\/v2\/types\/post"}],"author":[{"embeddable":true,"href":"https:\/\/noticiasveracruz.com\/index.php\/wp-json\/wp\/v2\/users\/4"}],"replies":[{"embeddable":true,"href":"https:\/\/noticiasveracruz.com\/index.php\/wp-json\/wp\/v2\/comments?post=13403"}],"version-history":[{"count":0,"href":"https:\/\/noticiasveracruz.com\/index.php\/wp-json\/wp\/v2\/posts\/13403\/revisions"}],"wp:featuredmedia":[{"embeddable":true,"href":"https:\/\/noticiasveracruz.com\/index.php\/wp-json\/wp\/v2\/media\/13405"}],"wp:attachment":[{"href":"https:\/\/noticiasveracruz.com\/index.php\/wp-json\/wp\/v2\/media?parent=13403"}],"wp:term":[{"taxonomy":"category","embeddable":true,"href":"https:\/\/noticiasveracruz.com\/index.php\/wp-json\/wp\/v2\/categories?post=13403"},{"taxonomy":"post_tag","embeddable":true,"href":"https:\/\/noticiasveracruz.com\/index.php\/wp-json\/wp\/v2\/tags?post=13403"}],"curies":[{"name":"wp","href":"https:\/\/api.w.org\/{rel}","templated":true}]}}