{"id":13386,"date":"2023-03-06T00:20:10","date_gmt":"2023-03-06T06:20:10","guid":{"rendered":"https:\/\/noticiasveracruz.com\/?p=13386"},"modified":"2023-03-05T23:04:38","modified_gmt":"2023-03-06T05:04:38","slug":"los-medios-en-el-control-de-conciencias","status":"publish","type":"post","link":"https:\/\/noticiasveracruz.com\/index.php\/2023\/03\/06\/los-medios-en-el-control-de-conciencias\/","title":{"rendered":"Los medios en el control de conciencias\u00a0"},"content":{"rendered":"<p class=\"p1\">\n<p>&nbsp;<\/p>\n<p class=\"p1\"><span style=\"font-size: 18pt;\"><b>Por Francisco Blanco Calder\u00f3n<\/b><\/span><\/p>\n<p>&nbsp;<\/p>\n<p class=\"p1\"><span style=\"font-size: 18pt;\">Primera Parte<\/span><\/p>\n<p class=\"p1\"><span style=\"font-size: 14pt;\">El mundo de la informaci\u00f3n y de las comunicaciones ha cambiado mucho en un cuarto de siglo. Las innovaciones tecnol\u00f3gicas se han sucedido r\u00e1pidamente a partir de principios de los a\u00f1os ochenta: la microinform\u00e1tica, el cable distribuci\u00f3n, internet, etc. Las innovaciones se han extendido, pero no han comportado las transformaciones sociales, culturales, econ\u00f3micas y pol\u00edticas inherentes. De hecho, el Informe MacBride no se ha equivocado, ha sido arrinconado. El acceso a internet, all\u00ed donde se ha expandido, abre nuevas posibilidades de difusi\u00f3n y de intercambios. <\/span><\/p>\n<p class=\"p1\"><span style=\"font-size: 18pt;\"><strong>La Cumbre Mundial sobre la Sociedad de la Informaci\u00f3n organizada por la ONU ha permitido apreciar el alcance de la profundidad de este desequilibrio. Pero, en conjunto, el diagn\u00f3stico aportado por el Informe MacBride conserva a\u00fan toda su actualidad. La diferencia entre los pa\u00edses ricos y los pobres, lejos de suprimirse, se ha agravado a\u00fan m\u00e1s con la difusi\u00f3n de las nuevas tecnolog\u00edas. Que ahora se hable de brecha digital de foso num\u00e9rico, m\u00e1s que de intercambios desiguales, no cambia mucho la cuesti\u00f3n.<\/strong><\/span><\/p>\n<p>&nbsp;<\/p>\n<p class=\"p1\"><span style=\"font-size: 18pt; color: #e42d33;\"><b>MANIPULACI\u00d3N FINANCIADA<\/b><\/span><\/p>\n<p class=\"p1\"><span style=\"font-size: 14pt;\">En momentos como estos en que se vive el pa\u00eds son determinantes en el control de conciencias en forma total. \u00bfQui\u00e9n mueve a los medios? \u00bfCon qu\u00e9 fines se manipulan a las masas? \u00bfEn la mira los sectores populares? \u00bfA qu\u00e9 obedecen esos intereses de control? Todas estas interrogantes obedecen a un inter\u00e9s vital: preservar los privilegios de una minor\u00eda que ha vivido por la explotaci\u00f3n de los recursos naturales y energ\u00e9ticos del pa\u00eds, ha sido sometido al libre mercado, que se ha regido por la corrupci\u00f3n, la impunidad y sobre todo por el control de conciencias de las clases medias bajas y populares a trav\u00e9s de los medios de comunicaci\u00f3n, la realidad religiosa que adormece esas conciencias y sobre todo por las acciones pol\u00edticas de gobiernos entreguistas a los grandes capitales, de adentro y de afuera. <\/span><\/p>\n<p class=\"p1\"><span style=\"font-size: 14pt;\">Eso se vivi\u00f3 intensamente en la movilizaci\u00f3n ciudadana del pasado domingo 26 de febrero.<\/span><\/p>\n<p class=\"p1\"><span style=\"font-size: 18pt;\"><strong>Movilizaci\u00f3n rosa y blanco, clase mediera con financiamiento de grupos empresariales, medi\u00e1ticos, religiosos y ex gubernamentales en un juego de mentira tras mentira: en su convocatoria, en su realizaci\u00f3n, en el resultado del Z\u00f3calo lleno, en medios nacionales convencionales, respaldadas por c\u00ednicos comentarios de conductores, analistas, reporteros de radio, televisi\u00f3n y prensa escrita.<\/strong><\/span><\/p>\n<p class=\"p1\"><span style=\"font-size: 14pt;\">Enunciados como los del INE no se toca, Calder\u00f3n y Garc\u00eda Luna no se tocan, Cabeza de Vaca no se toca, la democracia est\u00e1 en peligro, las elecciones del 2024 ser\u00e1n controladas por un gobierno dictatorial, las instituciones nacionales deben prevalecer y sobrevivir esta hecatombe del Plan B, propuesto por AMLO. Falacias totales respaldadas de intereses evidentes de esas minor\u00edas saciadas de poder.<\/span><\/p>\n<p>&nbsp;<\/p>\n<p><img loading=\"lazy\" decoding=\"async\" class=\"aligncenter wp-image-16867 size-large\" src=\"https:\/\/politicosaldesnudo.com.mx\/wp-content\/uploads\/2023\/03\/P-OPOSICION-INE-1024x573.png\" alt=\"\" width=\"800\" height=\"448\" \/><\/p>\n<p>&nbsp;<\/p>\n<p class=\"p1\"><span style=\"font-size: 18pt;\"><strong>Sandeces, manipuleo medi\u00e1tico, control de conciencias, ahora que la clase mediera se suman a ellos, como sucedi\u00f3 en la Guerra Cristera. La corrupci\u00f3n, ante todo, que quiere regresar al control del pa\u00eds. Aspiran al regreso de los Brujos. Anhelan que regrese en modelo de naci\u00f3n que ellos confeccionaron durante los m\u00e1s de seis sexenios, durante m\u00e1s de 36 a\u00f1os para preservar a una minor\u00eda en el poder que controle todo, que se beneficie de todo, que se continue la extracci\u00f3n de recursos, que se entreguen a las grandes empresas lo que pertenecen a todos los mexicanos.<\/strong><\/span><\/p>\n<p class=\"p1\"><span style=\"font-size: 14pt;\">Uno de los convocantes en abierto fue el ex presidente Felipe Calder\u00f3n, refugiado en Madrid por obra y gracia de Jos\u00e9 Mar\u00eda Aznar, ex presidente de Espa\u00f1a y actual dirigente visible de la ultraderecha espa\u00f1ola, comandada por Santiago Abascal de Vox. Calder\u00f3n ofreci\u00f3 sumarse a la marcha, pero\u2026pero: \u201c\u00bfPor qu\u00e9 no vino Calder\u00f3n a la marcha? Pues, porque estaba en un fiest\u00f3n extraordinario en Madrid, nada menos que con Aznar (ex presidente del Gobierno espa\u00f1ol) y ahorita seguramente tiene un dolor de cabeza que no le va a permitir participar en marchas durante mucho tiempo\u201d (<em>Carlos Ortiz Tejeda. La Jornada<\/em>).<\/span><\/p>\n<p>&nbsp;<\/p>\n<p class=\"p1\"><span style=\"font-size: 18pt; color: #e42d33;\"><b>DEFENSORA DE PRIVILEGIOS<\/b><\/span><\/p>\n<p class=\"p1\"><span style=\"font-size: 14pt;\">Oposici\u00f3n sin proyecto de pa\u00eds centrado solo en defensa del Instituto Nacional Electoral que seg\u00fan ellos ser\u00e1 destruido, cuando lo \u00fanico que persigue en controlar el dispendio de una minor\u00eda dirigente que somete las elecciones a los intereses de los partidos, los mismos<span class=\"Apple-converted-space\">\u00a0 <\/span>que los impusieron, en aniquilar los fondos de los fideicomisos que desv\u00edan millonarios recursos financieros del erario p\u00fablico, la anulaci\u00f3n de prebendas como el fondo del ahorro, los gastos m\u00e9dicos en instituciones privadas, y sueldos y sobresueldos que rebasan m\u00e1s del medio mill\u00f3n de pesos mensuales, cuando las decenas de miles de trabajadores del Instituto perciben salarios que fluct\u00faan entre tres a cinco mil pesos cada mes, as\u00ed como la masiva participaci\u00f3n ciudadana en el manejo de las casillas, que en forma honor\u00edfica, sin compensaci\u00f3n econ\u00f3mica, atienden cada proceso electoral. Los partidos pol\u00edticos, legisladores, magistrados, jueces, medios de comunicaci\u00f3n y hasta jerarcas de la iglesia romana unidos en esta confrontaci\u00f3n opositora que intenta anular la posibilidad de que Morena y la 4T contin\u00faen hacia su consolidaci\u00f3n en el 2024.<span class=\"Apple-converted-space\">\u00a0 <\/span>Por amparos se logra el retiro de mas del 73% de los fondos en las cuentas bancarias de Garc\u00eda Luna, por amparos se ha intentado frenar el avance del Tren Maya principalmente en la quinta etapa, por amparos dan libertad a Rosario Robles autora y beneficiaria directa de la estafa maestra, por amparos retiran la orden de aprehensi\u00f3n a Cabeza de Vaca, ex gobernador de Tamaulipas, por amparos pretenden frenar la aplicaci\u00f3n del Plan B en la reforma electoral.<\/span><\/p>\n<p class=\"p1\"><span style=\"font-size: 14pt;\">Aplicaci\u00f3n de la ley sin justicia, meta de la guerra medi\u00e1tica actual contra la transformaci\u00f3n del pa\u00eds.<\/span><\/p>\n<p>&nbsp;<\/p>\n<hr \/>\n<p>&nbsp;<\/p>\n<p><img loading=\"lazy\" decoding=\"async\" class=\"aligncenter wp-image-11449\" src=\"http:\/\/noticiasveracruz.com\/wp-content\/uploads\/2023\/01\/FIRMA-EDITORIAL-NV-300x37.png\" alt=\"\" width=\"1000\" height=\"122\" srcset=\"https:\/\/noticiasveracruz.com\/wp-content\/uploads\/2023\/01\/FIRMA-EDITORIAL-NV-300x37.png 300w, https:\/\/noticiasveracruz.com\/wp-content\/uploads\/2023\/01\/FIRMA-EDITORIAL-NV-1024x125.png 1024w, https:\/\/noticiasveracruz.com\/wp-content\/uploads\/2023\/01\/FIRMA-EDITORIAL-NV-768x94.png 768w, https:\/\/noticiasveracruz.com\/wp-content\/uploads\/2023\/01\/FIRMA-EDITORIAL-NV-1536x188.png 1536w, https:\/\/noticiasveracruz.com\/wp-content\/uploads\/2023\/01\/FIRMA-EDITORIAL-NV-2048x250.png 2048w\" sizes=\"auto, (max-width: 1000px) 100vw, 1000px\" \/><\/p>\n<p>&nbsp;<\/p>\n<p>&nbsp;<\/p>\n<p>&nbsp;<\/p>\n<p>&nbsp;<\/p>\n<p>&nbsp;<\/p>\n","protected":false},"excerpt":{"rendered":"<p>&nbsp; Por Francisco Blanco Calder\u00f3n &nbsp; Primera Parte El mundo de la informaci\u00f3n y de las comunicaciones ha cambiado mucho<\/p>\n","protected":false},"author":4,"featured_media":3566,"comment_status":"closed","ping_status":"closed","sticky":false,"template":"","format":"standard","meta":{"colormag_page_container_layout":"default_layout","colormag_page_sidebar_layout":"default_layout","_jetpack_memberships_contains_paid_content":false,"footnotes":"","jetpack_publicize_message":"","jetpack_publicize_feature_enabled":true,"jetpack_social_post_already_shared":true,"jetpack_social_options":{"image_generator_settings":{"template":"highway","default_image_id":0,"font":"","enabled":false},"version":2}},"categories":[6],"tags":[1081,66,2195,31,385],"class_list":["post-13386","post","type-post","status-publish","format-standard","has-post-thumbnail","hentry","category-columnistas","tag-felipe-calderon","tag-ine","tag-manipulacion","tag-mexico","tag-oposicion"],"jetpack_publicize_connections":[],"jetpack_featured_media_url":"https:\/\/noticiasveracruz.com\/wp-content\/uploads\/2022\/04\/NV-FRANCISCO-BLANCO.png","jetpack_sharing_enabled":true,"publishpress_future_action":{"enabled":false,"date":"2026-05-07 20:56:23","action":"change-status","newStatus":"draft","terms":[],"taxonomy":"category","extraData":[]},"publishpress_future_workflow_manual_trigger":{"enabledWorkflows":[]},"_links":{"self":[{"href":"https:\/\/noticiasveracruz.com\/index.php\/wp-json\/wp\/v2\/posts\/13386","targetHints":{"allow":["GET"]}}],"collection":[{"href":"https:\/\/noticiasveracruz.com\/index.php\/wp-json\/wp\/v2\/posts"}],"about":[{"href":"https:\/\/noticiasveracruz.com\/index.php\/wp-json\/wp\/v2\/types\/post"}],"author":[{"embeddable":true,"href":"https:\/\/noticiasveracruz.com\/index.php\/wp-json\/wp\/v2\/users\/4"}],"replies":[{"embeddable":true,"href":"https:\/\/noticiasveracruz.com\/index.php\/wp-json\/wp\/v2\/comments?post=13386"}],"version-history":[{"count":0,"href":"https:\/\/noticiasveracruz.com\/index.php\/wp-json\/wp\/v2\/posts\/13386\/revisions"}],"wp:featuredmedia":[{"embeddable":true,"href":"https:\/\/noticiasveracruz.com\/index.php\/wp-json\/wp\/v2\/media\/3566"}],"wp:attachment":[{"href":"https:\/\/noticiasveracruz.com\/index.php\/wp-json\/wp\/v2\/media?parent=13386"}],"wp:term":[{"taxonomy":"category","embeddable":true,"href":"https:\/\/noticiasveracruz.com\/index.php\/wp-json\/wp\/v2\/categories?post=13386"},{"taxonomy":"post_tag","embeddable":true,"href":"https:\/\/noticiasveracruz.com\/index.php\/wp-json\/wp\/v2\/tags?post=13386"}],"curies":[{"name":"wp","href":"https:\/\/api.w.org\/{rel}","templated":true}]}}