{"id":13376,"date":"2023-03-06T00:12:20","date_gmt":"2023-03-06T06:12:20","guid":{"rendered":"https:\/\/noticiasveracruz.com\/?p=13376"},"modified":"2023-03-05T22:33:46","modified_gmt":"2023-03-06T04:33:46","slug":"la-educacion-publica-y-la-privada-bajo-asedio","status":"publish","type":"post","link":"https:\/\/noticiasveracruz.com\/index.php\/2023\/03\/06\/la-educacion-publica-y-la-privada-bajo-asedio\/","title":{"rendered":"La educaci\u00f3n p\u00fablica y la privada bajo asedio"},"content":{"rendered":"<p class=\"p1\">\n<p>&nbsp;<\/p>\n<p class=\"p1\"><span style=\"font-size: 18pt;\"><b>Por Ricardo Homs<\/b><\/span><\/p>\n<p class=\"p1\"><span style=\"font-size: 14pt;\">Las declaraciones de Marx Arriaga, -director de materiales educativos de la SEP-, quien tiene la encomienda de la 4T de ideologizar los libros de texto, est\u00e1n rebasando los l\u00edmites. Cree que ya estamos en un estado totalitario, donde el gobierno es el eje de la vida de M\u00e9xico.<\/span><\/p>\n<p class=\"p1\"><span style=\"font-size: 14pt;\">\u201cLos empresarios deben sacar las manos de la educaci\u00f3n del pa\u00eds para que impere la visi\u00f3n de la izquierda\u201d, es lo que Marx Arriaga plante\u00f3 como una prioridad, en un seminario organizado por Conacyt de forma virtual el 22 de febrero, coordinado por Sady Arturo Loaiza, venezolano formado pol\u00edticamente en el r\u00e9gimen de Nicol\u00e1s Maduro.<\/span><\/p>\n<p class=\"p1\"><span style=\"font-size: 14pt;\">La esencia del planteamiento de Arriaga es destruir la educaci\u00f3n privada y dejar vigente s\u00f3lo la educaci\u00f3n que proporciona el estado, la cual ya llevar\u00e1 el sello de la ideolog\u00eda de izquierda.<\/span><\/p>\n<p class=\"p1\"><span style=\"font-size: 14pt;\">Parece ser que la sociedad olvida que nuestra Constituci\u00f3n define en el art\u00edculo tercero que la educaci\u00f3n debe ser laica y gratuita. <\/span><\/p>\n<p class=\"p1\"><span style=\"font-size: 14pt;\">La Ley General de Educaci\u00f3n, en su Art\u00edculo 7\/ V, publicada en el Diario Oficial de la Federaci\u00f3n el 30 de septiembre del 2019, reitera que la educaci\u00f3n debe ser: \u201claica, al mantenerse por completo ajena a cualquier doctrina religiosa\u201d. La esencia del esp\u00edritu del concepto \u201claica\u201d, -definido por nuestra Constituci\u00f3n-, es mucho m\u00e1s amplio en su significado, que el \u00e1mbito religioso. Define la libertad de elecci\u00f3n personal de todos los mexicanos en lo vinculado con creencias, ideas y valores morales que garantiza nuestra Constituci\u00f3n a todos los ciudadanos y no pueden imponerse desde el Estado.<\/span><\/p>\n<p class=\"p1\"><span style=\"font-size: 14pt;\">Nuestra Constituci\u00f3n s\u00f3lo define a la educaci\u00f3n p\u00fablica, -que est\u00e1 a cargo del Estado Mexicano-, y<span class=\"Apple-converted-space\">\u00a0 <\/span>es gratuita. Por tanto, -al no mencionar a la educaci\u00f3n privada-, respeta el derecho de una familia a decidir la orientaci\u00f3n moral de la educaci\u00f3n de los hijos<\/span><\/p>\n<p class=\"p1\"><span style=\"font-size: 14pt;\">Por ello, al decretar Marx Arriaga el fin de la educaci\u00f3n privada est\u00e1 contradiciendo a nuestra Constituci\u00f3n.<\/span><\/p>\n<p class=\"p1\"><span style=\"font-size: 14pt;\">El tema de la educaci\u00f3n es un asunto de libertades y nadie desde el Estado Mexicano tiene el derecho de imponer su ideolog\u00eda y menos a\u00fan, plasmando ideolog\u00edas extranjeras en los libros de texto oficiales.<\/span><\/p>\n<p class=\"p1\"><span style=\"font-size: 14pt;\">Lo que pretende el Art\u00edculo Tercero de nuestra Constituci\u00f3n es limitar al Estado Mexicano en la orientaci\u00f3n de la pol\u00edtica educativa, para que no realice actividades de proselitismo ideol\u00f3gico, lo cual es el camino manipulador que lleva a las dictaduras.<\/span><\/p>\n<p class=\"p1\"><span style=\"font-size: 14pt;\">Es evidente que detr\u00e1s de este proyecto ideol\u00f3gico que se est\u00e1 gestando dentro de la SEP, est\u00e1 la entrega de nuestro pa\u00eds al movimiento bolivariano del castro-chavismo como parte del proyecto de la 4T.<\/span><\/p>\n<p class=\"p1\"><span style=\"font-size: 14pt;\">Es urgente frenar a Marx Arriaga y al venezolano Sady Arturo Loaiza en este proyecto destructivo.<\/span><\/p>\n<p class=\"p1\"><span style=\"font-size: 14pt;\">El camino m\u00e1s efectivo ser\u00e1 el jur\u00eddico a partir de demostrar su inconstitucionalidad.<\/span><\/p>\n<p>&nbsp;<\/p>\n<p class=\"p1\"><span style=\"font-size: 18pt;\"><strong>\u00bfA usted qu\u00e9 le parece?<\/strong><\/span><\/p>\n<p>&nbsp;<\/p>\n<hr \/>\n<p>&nbsp;<\/p>\n<p class=\"p1\"><span style=\"font-size: 18pt;\"><strong>Facebook:<a href=\"https:\/\/www.facebook.com\/Ricardo.Homs1\">@Ricardo.Homs1<\/a><\/strong><\/span><\/p>\n<p class=\"p1\"><span style=\"font-size: 18pt;\"><strong>Twitter:\u00a0<\/strong><a href=\"https:\/\/twitter.com\/homsricardo\"><strong>@homsricardo<\/strong><\/a><\/span><\/p>\n<p class=\"p1\"><span style=\"font-size: 18pt;\"><strong>Linkedin:\u00a0<a href=\"https:\/\/www.linkedin.com\/in\/ricardo-homs-3920449\/?originalSubdomain=mx\">RicardoHoms<\/a><\/strong><\/span><\/p>\n<p class=\"p1\"><span style=\"font-size: 18pt;\"><a href=\"https:\/\/ricardohoms.com\/\"><strong>www.ricardohoms.com<\/strong><\/a><\/span><\/p>\n<p>&nbsp;<\/p>\n<p><img loading=\"lazy\" decoding=\"async\" class=\"aligncenter wp-image-11449\" src=\"http:\/\/noticiasveracruz.com\/wp-content\/uploads\/2023\/01\/FIRMA-EDITORIAL-NV-300x37.png\" alt=\"\" width=\"1000\" height=\"122\" srcset=\"https:\/\/noticiasveracruz.com\/wp-content\/uploads\/2023\/01\/FIRMA-EDITORIAL-NV-300x37.png 300w, https:\/\/noticiasveracruz.com\/wp-content\/uploads\/2023\/01\/FIRMA-EDITORIAL-NV-1024x125.png 1024w, https:\/\/noticiasveracruz.com\/wp-content\/uploads\/2023\/01\/FIRMA-EDITORIAL-NV-768x94.png 768w, https:\/\/noticiasveracruz.com\/wp-content\/uploads\/2023\/01\/FIRMA-EDITORIAL-NV-1536x188.png 1536w, https:\/\/noticiasveracruz.com\/wp-content\/uploads\/2023\/01\/FIRMA-EDITORIAL-NV-2048x250.png 2048w\" sizes=\"auto, (max-width: 1000px) 100vw, 1000px\" \/><\/p>\n<p>&nbsp;<\/p>\n<p>&nbsp;<\/p>\n<p>&nbsp;<\/p>\n<p>&nbsp;<\/p>\n","protected":false},"excerpt":{"rendered":"<p>&nbsp; Por Ricardo Homs Las declaraciones de Marx Arriaga, -director de materiales educativos de la SEP-, quien tiene la encomienda<\/p>\n","protected":false},"author":4,"featured_media":3190,"comment_status":"closed","ping_status":"closed","sticky":false,"template":"","format":"standard","meta":{"colormag_page_container_layout":"default_layout","colormag_page_sidebar_layout":"default_layout","_jetpack_memberships_contains_paid_content":false,"footnotes":"","jetpack_publicize_message":"","jetpack_publicize_feature_enabled":true,"jetpack_social_post_already_shared":true,"jetpack_social_options":{"image_generator_settings":{"template":"highway","default_image_id":0,"font":"","enabled":false},"version":2}},"categories":[6],"tags":[],"class_list":["post-13376","post","type-post","status-publish","format-standard","has-post-thumbnail","hentry","category-columnistas"],"jetpack_publicize_connections":[],"jetpack_featured_media_url":"https:\/\/noticiasveracruz.com\/wp-content\/uploads\/2022\/04\/NV-RICARDO-HOMS.png","jetpack_sharing_enabled":true,"publishpress_future_action":{"enabled":false,"date":"2026-05-08 00:22:39","action":"change-status","newStatus":"draft","terms":[],"taxonomy":"category","extraData":[]},"publishpress_future_workflow_manual_trigger":{"enabledWorkflows":[]},"_links":{"self":[{"href":"https:\/\/noticiasveracruz.com\/index.php\/wp-json\/wp\/v2\/posts\/13376","targetHints":{"allow":["GET"]}}],"collection":[{"href":"https:\/\/noticiasveracruz.com\/index.php\/wp-json\/wp\/v2\/posts"}],"about":[{"href":"https:\/\/noticiasveracruz.com\/index.php\/wp-json\/wp\/v2\/types\/post"}],"author":[{"embeddable":true,"href":"https:\/\/noticiasveracruz.com\/index.php\/wp-json\/wp\/v2\/users\/4"}],"replies":[{"embeddable":true,"href":"https:\/\/noticiasveracruz.com\/index.php\/wp-json\/wp\/v2\/comments?post=13376"}],"version-history":[{"count":0,"href":"https:\/\/noticiasveracruz.com\/index.php\/wp-json\/wp\/v2\/posts\/13376\/revisions"}],"wp:featuredmedia":[{"embeddable":true,"href":"https:\/\/noticiasveracruz.com\/index.php\/wp-json\/wp\/v2\/media\/3190"}],"wp:attachment":[{"href":"https:\/\/noticiasveracruz.com\/index.php\/wp-json\/wp\/v2\/media?parent=13376"}],"wp:term":[{"taxonomy":"category","embeddable":true,"href":"https:\/\/noticiasveracruz.com\/index.php\/wp-json\/wp\/v2\/categories?post=13376"},{"taxonomy":"post_tag","embeddable":true,"href":"https:\/\/noticiasveracruz.com\/index.php\/wp-json\/wp\/v2\/tags?post=13376"}],"curies":[{"name":"wp","href":"https:\/\/api.w.org\/{rel}","templated":true}]}}