{"id":13374,"date":"2023-03-06T00:10:38","date_gmt":"2023-03-06T06:10:38","guid":{"rendered":"https:\/\/noticiasveracruz.com\/?p=13374"},"modified":"2023-03-05T22:31:47","modified_gmt":"2023-03-06T04:31:47","slug":"sgl-impulso-al-cafe-y-al-deporte-de-veracruz","status":"publish","type":"post","link":"https:\/\/noticiasveracruz.com\/index.php\/2023\/03\/06\/sgl-impulso-al-cafe-y-al-deporte-de-veracruz\/","title":{"rendered":"SGL: impulso al caf\u00e9 y al deporte de Veracruz"},"content":{"rendered":"<p class=\"p1\">\n<p>&nbsp;<\/p>\n<p class=\"p1\"><span style=\"font-size: 18pt;\"><b>Por Ra\u00fal L\u00f3pez G\u00f3mez<\/b><\/span><\/p>\n<p class=\"p1\"><span style=\"font-size: 14pt;\">El diputado federal veracruzano, Sergio Guti\u00e9rrez Luna, sigue haciendo historia, y todo lo posible para ayudar a los productores de esta entidad.<\/span><\/p>\n<p class=\"p1\"><span style=\"font-size: 14pt;\">Por eso sostuvo en estos lares, una reuni\u00f3n de trabajo con cafeticultores de la donde se estableci\u00f3 una alianza para colocar nuevamente en la c\u00faspide del mercado asi\u00e1tico al arom\u00e1tico veracruzano.<\/span><\/p>\n<p class=\"p1\"><span style=\"font-size: 14pt;\">Esta es una de las tareas inmediatas, para concretar la venta directa en el mercado chino.<\/span><\/p>\n<p class=\"p1\"><span style=\"font-size: 14pt;\">En el encuentro participaron los integrantes de la Asociaci\u00f3n Nacional de Productores de Caf\u00e9 de M\u00e9xico, dirigidos a nivel nacional por el veracruzano Nicol\u00e1s Cort\u00e9s Cruz, quien dijo que son aliados incondicionales de la continuidad de la Transformaci\u00f3n y del movimiento \u00abSigueL\u00f3pez\u00bb, est\u00e1n firmes para lo que viene. Andale.<\/span><\/p>\n<p class=\"p1\"><span style=\"font-size: 14pt;\">Guti\u00e9rrez Luna, mantiene una agenda permanente de comunicaci\u00f3n con peque\u00f1os y medianos cafeticultores de diferentes regiones de la entidad, que tienen presencia nacional e internacional por la calidad del caf\u00e9, que aqu\u00ed se produce .<\/span><\/p>\n<p class=\"p1\"><span style=\"font-size: 14pt;\">Presentes, dirigentes y productores de las regiones de Atoyac, C\u00f3rdoba, Paso del Macho, Tepatlaxco, Coetzala, Amatl\u00e1n, Yanga, Fort\u00edn de las Flores, Tezonapa, Omealca, Cuichapa, Huatusco, Comapa, Zentla, Tenampa, Zongolica, Mixtla de Altamirano, Los Reyes, Papantla, Coyutla, Coahuitl\u00e1n, Coatepec, Jilotepec, Naolinco, Xalapa, Misantla, Tlapacoyan, Atzalan y Jalacingo, principalmente.<\/span><\/p>\n<p class=\"p1\"><span style=\"font-size: 14pt;\">Tambi\u00e9n, exitosos deportistas<span class=\"Apple-converted-space\">\u00a0 <\/span>y profesionales de toda la entidad se integraron al movimiento \u201cSigue L\u00f3pez\u201d y con el coordinador estatal del movimiento, Sergio Guti\u00e9rrez Luna.<\/span><\/p>\n<p class=\"p1\"><span style=\"font-size: 14pt;\">Realizar\u00e1n, un despliegue<span class=\"Apple-converted-space\">\u00a0 <\/span>intenso para que ni\u00f1os y j\u00f3venes sigan la ruta correcta, la del estudio y el deporte.<\/span><\/p>\n<p class=\"p1\"><span style=\"font-size: 14pt;\">Al crecimiento de \u201cSigue L\u00f3pez\u201d, que acompa\u00f1a y defiende al presidente Andr\u00e9s Manuel L\u00f3pez Obrador, se suma el Consejo Estatal del Deporte coordinado por Silviano Delgado Valladolid y en la de Organizaci\u00f3n, Paola Delgado Aguilar.<\/span><\/p>\n<p class=\"p1\"><span style=\"font-size: 14pt;\">Participan como consejeros Leodegario Mortera D\u00edaz, Andr\u00e9s Ballesteros Guzm\u00e1n, Edgar Melit\u00f3n Hern\u00e1ndez y Brittany Sainz Ochoa. <\/span><\/p>\n<p class=\"p1\"><span style=\"font-size: 14pt;\">Se integran en las coordinaciones regionales,<span class=\"Apple-converted-space\">\u00a0 <\/span>Salvador Castellanos L\u00f3pez para la norte; Carlos Alberto Aranzabal Rodr\u00edguez, en las Altas Monta\u00f1as; Mayra Lizzzet Garc\u00eda G\u00f3mez, en la centro y Eduardo C\u00f3rdova Jim\u00e9nez, para la sur.<\/span><\/p>\n<p class=\"p1\"><span style=\"font-size: 14pt;\">Con todo el \u00e1nimo y disposici\u00f3n asumen los coordinaciones distritales de<span class=\"Apple-converted-space\">\u00a0 <\/span>Poza Rica, Ernesto M\u00e1rquez V\u00e1zquez; Papantla, Luis Antonio P\u00e9rez P\u00e9rez; Emiliano Zapata, Bernardo Jim\u00e9nez P\u00e9rez; Veracruz, Osvaldo Segura Vargas; C\u00f3rdoba, V\u00edctor Manuel Vitorias C\u00e1rdenas.<\/span><\/p>\n<p class=\"p1\"><span style=\"font-size: 14pt;\">En<span class=\"Apple-converted-space\">\u00a0 <\/span>Orizaba, Sergio Murga Sosa; Cosamaloapan, Jorge Humberto Cano, en su representaci\u00f3n asisti\u00f3 Gladys Casta\u00f1eda; Acayucan, Jos\u00e9 Aguilar Zurita; Minatitl\u00e1n, Alex Oliva Melgarejo y en Coatzacoalcos, Rafael Torres Enr\u00edquez.<\/span><\/p>\n<p class=\"p1\"><span style=\"font-size: 14pt;\">En cada espacio deportivo, en conjunto y en lo individual, los deportistas, los expertos en educaci\u00f3n f\u00edsica, los que han mostrado talento para dirigir t\u00e9cnica y sicol\u00f3gicamente, sin distingo a veracruzanas y veracruzanos, tienen la encomienda de orientar a ni\u00f1as, ni\u00f1os y j\u00f3venes, a la ruta del estudio y el deporte.<\/span><\/p>\n<p class=\"p1\"><span style=\"font-size: 14pt;\">De esta forma \u201cestaremos salvando a una persona del camino de la delincuencia; tendr\u00e1n el camino del bienestar personal y de su entorno social\u201d.<\/span><\/p>\n<p class=\"p1\"><span style=\"font-size: 14pt;\">\u2018Hoy los<span class=\"Apple-converted-space\">\u00a0 <\/span>recibimos con entusiasmo, \u201cAgusto\u201d, con su tiempo y talento para que \u201cSigaL\u00f3pez\u201d con m\u00e1s fuerza y energ\u00eda, dijo Sergio Guti\u00e9rrez Luna.<\/span><\/p>\n<p class=\"p1\"><span style=\"font-size: 14pt;\">El talento, la habilidad, la destreza de deportistas, t\u00e9cnicos, profesores y promotores se suman al \u00e1nimo de Veracruz que trabaja para que lo alcanzado por el presidente L\u00f3pez Obrador llegue a m\u00e1s familias que lo necesitan y para seguir ese trabajo, junto al Pueblo, se necesita al hombre del sureste, amigo y hermano, del fundador de la Cuarta Transformaci\u00f3n, Ad\u00e1n Augusto.<\/span><\/p>\n<p class=\"p1\"><span style=\"font-size: 14pt;\">Los integrantes del Consejo Estatal del Deporte tomaron protesta, y asumieron el compromiso de llevar la bandera \u201cSigueL\u00f3pez\u201d a cada rama deportiva, a la activaci\u00f3n f\u00edsica cotidiana, a la educaci\u00f3n f\u00edsica, al deporte escolar y el paral\u00edmpico.<\/span><\/p>\n<p class=\"p1\"><span style=\"font-size: 14pt;\">Asumieron que al darle seguimiento a la Transformaci\u00f3n, se toma al deporte y la cultura f\u00edsica como ingredientes esenciales para la cohesi\u00f3n de familias, vecinos y amigos que buscan el bienestar de todos.<\/span><\/p>\n<p class=\"p1\"><span style=\"font-size: 14pt;\">El diputado federal veracruzano, puntualiz\u00f3 que la pr\u00e1ctica de la cultura f\u00edsica y el deporte contribuyen a una vida saludable, al mejor desempe\u00f1o escolar y, en general, a mejores niveles de<span class=\"Apple-converted-space\">\u00a0 <\/span>bienestar objetivo fundamental de la Transformaci\u00f3n y del expansivo y fuerte movimiento \u201cSigueL\u00f3pez\u201d.<\/span><\/p>\n<p class=\"p1\"><span style=\"font-size: 14pt;\">En otro asunto, el IMSS, exhorta a evitar obesidad.<\/span><\/p>\n<p class=\"p1\"><span style=\"font-size: 14pt;\">A partir de ahora todos esbeltos, ya el Instituto Mexicano del Seguro Social en Veracruz Norte, recomienda a la derechohabiencia, a visitar los M\u00f3dulos PrevenIMSS, para realizarse el chequeo de peso y talla, al menos una vez al a\u00f1o con el objetivo de prevenir y disminuir la obesidad. <\/span><\/p>\n<p class=\"p1\"><span style=\"font-size: 14pt;\">La m\u00e9dica familiar de la Unidad de Medicina Familiar (UMF) No. 66, Diana Ang\u00e9lica G\u00f3mez Dur\u00e1n, coment\u00f3: \u201ces importante el crear o mantener una cultura de salud en peque\u00f1os y grandes como el hacer uso de los<span class=\"Apple-converted-space\">\u00a0 <\/span>m\u00f3dulos PrevenIMSS, en donde el personal de Enfermer\u00eda mide la estatura de las y los derechohabientes, se les informa si su peso es normal o el paciente tiene sobrepeso u obesidad, de esta manera se les puede otorgar orientaci\u00f3n alimentaria.\u201d<\/span><\/p>\n<p class=\"p1\"><span style=\"font-size: 14pt;\">La obesidad puede detonar m\u00faltiples enfermedades como: la diabetes, hipertensi\u00f3n e inclusive algunos tipos de c\u00e1ncer como el de mama y de colon.<\/span><\/p>\n<p class=\"p1\"><span style=\"font-size: 14pt;\">El sobrepeso condiciona problemas de articulaciones en rodillas, da\u00f1o en p\u00e1ncreas e h\u00edgado, as\u00ed como complicaciones de coraz\u00f3n, esto debido al exceso de grasa y azucares. <\/span><\/p>\n<p class=\"p1\"><span style=\"font-size: 14pt;\">\u201cLa actividad f\u00edsica es una muy buena herramienta de control del peso, ya que al encontrarnos en constante movimiento, nuestro organismo ocupa las reservas de energ\u00eda necesarias y ayuda a crear una buena condici\u00f3n f\u00edsica\u201d, explic\u00f3 G\u00f3mez Dur\u00e1n. <\/span><\/p>\n<p class=\"p1\"><span style=\"font-size: 14pt;\">La especialista,<span class=\"Apple-converted-space\">\u00a0 <\/span>invita presentarse en los m\u00f3dulos PrevenIMSS una vez al a\u00f1o para llevar un control de peso y talla, adem\u00e1s de<span class=\"Apple-converted-space\">\u00a0 <\/span>acercarse al personal de Nutrici\u00f3n para aprender h\u00e1bitos saludables del buen comer. <\/span><\/p>\n<p class=\"p1\"><span style=\"font-size: 14pt;\">Y como dir\u00eda el fil\u00f3sofo de Tepito, Armando Ram\u00edrez,<span class=\"Apple-converted-space\">\u00a0 <\/span>que tanto es tantito, por eso la recomendaci\u00f3n es a mantener h\u00e1bitos alimenticios sanos, sacar a pasear al perro con fines de obligar la caminata, ir al gimnasio cuando se pueda y salir a pasear al bulevar costero aunque sea a tomar el fresco y en forma continua ir ganando a la formaci\u00f3n de h\u00e1bitos m\u00e1s sanos que eviten riesgos posteriores a la salud por la vida sedentaria y el problema de salud p\u00fablica de la obesidad en ni\u00f1os, j\u00f3venes y adultos. <\/span><\/p>\n<p>&nbsp;<\/p>\n<p class=\"p1\"><span style=\"font-size: 18pt;\"><strong>As\u00ed las cosas.<\/strong><\/span><\/p>\n<p>&nbsp;<\/p>\n<hr \/>\n<p>&nbsp;<\/p>\n<p><img loading=\"lazy\" decoding=\"async\" class=\"aligncenter wp-image-11449\" src=\"http:\/\/noticiasveracruz.com\/wp-content\/uploads\/2023\/01\/FIRMA-EDITORIAL-NV-300x37.png\" alt=\"\" width=\"1000\" height=\"122\" srcset=\"https:\/\/noticiasveracruz.com\/wp-content\/uploads\/2023\/01\/FIRMA-EDITORIAL-NV-300x37.png 300w, https:\/\/noticiasveracruz.com\/wp-content\/uploads\/2023\/01\/FIRMA-EDITORIAL-NV-1024x125.png 1024w, https:\/\/noticiasveracruz.com\/wp-content\/uploads\/2023\/01\/FIRMA-EDITORIAL-NV-768x94.png 768w, https:\/\/noticiasveracruz.com\/wp-content\/uploads\/2023\/01\/FIRMA-EDITORIAL-NV-1536x188.png 1536w, https:\/\/noticiasveracruz.com\/wp-content\/uploads\/2023\/01\/FIRMA-EDITORIAL-NV-2048x250.png 2048w\" sizes=\"auto, (max-width: 1000px) 100vw, 1000px\" \/><\/p>\n<p>&nbsp;<\/p>\n<p>&nbsp;<\/p>\n<p>&nbsp;<\/p>\n<p>&nbsp;<\/p>\n","protected":false},"excerpt":{"rendered":"<p>&nbsp; Por Ra\u00fal L\u00f3pez G\u00f3mez El diputado federal veracruzano, Sergio Guti\u00e9rrez Luna, sigue haciendo historia, y todo lo posible para<\/p>\n","protected":false},"author":4,"featured_media":3560,"comment_status":"closed","ping_status":"closed","sticky":false,"template":"","format":"standard","meta":{"colormag_page_container_layout":"default_layout","colormag_page_sidebar_layout":"default_layout","_jetpack_memberships_contains_paid_content":false,"footnotes":"","jetpack_publicize_message":"","jetpack_publicize_feature_enabled":true,"jetpack_social_post_already_shared":true,"jetpack_social_options":{"image_generator_settings":{"template":"highway","default_image_id":0,"font":"","enabled":false},"version":2}},"categories":[6],"tags":[],"class_list":["post-13374","post","type-post","status-publish","format-standard","has-post-thumbnail","hentry","category-columnistas"],"jetpack_publicize_connections":[],"jetpack_featured_media_url":"https:\/\/noticiasveracruz.com\/wp-content\/uploads\/2022\/04\/NV-RAU\u0301L-LO\u0301PEZ.png","jetpack_sharing_enabled":true,"publishpress_future_action":{"enabled":false,"date":"2026-05-08 01:14:02","action":"change-status","newStatus":"draft","terms":[],"taxonomy":"category","extraData":[]},"publishpress_future_workflow_manual_trigger":{"enabledWorkflows":[]},"_links":{"self":[{"href":"https:\/\/noticiasveracruz.com\/index.php\/wp-json\/wp\/v2\/posts\/13374","targetHints":{"allow":["GET"]}}],"collection":[{"href":"https:\/\/noticiasveracruz.com\/index.php\/wp-json\/wp\/v2\/posts"}],"about":[{"href":"https:\/\/noticiasveracruz.com\/index.php\/wp-json\/wp\/v2\/types\/post"}],"author":[{"embeddable":true,"href":"https:\/\/noticiasveracruz.com\/index.php\/wp-json\/wp\/v2\/users\/4"}],"replies":[{"embeddable":true,"href":"https:\/\/noticiasveracruz.com\/index.php\/wp-json\/wp\/v2\/comments?post=13374"}],"version-history":[{"count":0,"href":"https:\/\/noticiasveracruz.com\/index.php\/wp-json\/wp\/v2\/posts\/13374\/revisions"}],"wp:featuredmedia":[{"embeddable":true,"href":"https:\/\/noticiasveracruz.com\/index.php\/wp-json\/wp\/v2\/media\/3560"}],"wp:attachment":[{"href":"https:\/\/noticiasveracruz.com\/index.php\/wp-json\/wp\/v2\/media?parent=13374"}],"wp:term":[{"taxonomy":"category","embeddable":true,"href":"https:\/\/noticiasveracruz.com\/index.php\/wp-json\/wp\/v2\/categories?post=13374"},{"taxonomy":"post_tag","embeddable":true,"href":"https:\/\/noticiasveracruz.com\/index.php\/wp-json\/wp\/v2\/tags?post=13374"}],"curies":[{"name":"wp","href":"https:\/\/api.w.org\/{rel}","templated":true}]}}