{"id":13351,"date":"2023-03-04T08:51:15","date_gmt":"2023-03-04T14:51:15","guid":{"rendered":"https:\/\/noticiasveracruz.com\/?p=13351"},"modified":"2023-03-04T08:56:46","modified_gmt":"2023-03-04T14:56:46","slug":"comite-y-gobierno-presentan-carnaval-tuxpan-2023-que-siga-la-alegria","status":"publish","type":"post","link":"https:\/\/noticiasveracruz.com\/index.php\/2023\/03\/04\/comite-y-gobierno-presentan-carnaval-tuxpan-2023-que-siga-la-alegria\/","title":{"rendered":"Aut\u00e9ntica fiesta del pueblo, Comit\u00e9 y gobierno presentan Carnaval Tuxpan 2023: \u00a1Que siga la alegr\u00eda!"},"content":{"rendered":"<p>&nbsp;<\/p>\n<p class=\"p1\"><span style=\"font-size: 14pt;\"><em><strong>TUXPAN, VERACRUZ.<\/strong> <\/em>El<strong> gobierno presenta el Comit\u00e9 Central del Carnaval Tuxpan 2023: \u00a1Que siga la alegr\u00eda!<\/strong>, integrado por un grupo de personas con ideas innovadoras y entusiastas que buscan realizar el mejor carnaval de Tuxpan.\u00a0<\/span><\/p>\n<p class=\"p1\"><span style=\"font-size: 18pt;\"><strong>El comit\u00e9 qued\u00f3 conformado por Mar\u00eda Salom\u00e9 Noguera Torres como presidenta, Carlos Mondrag\u00f3n, Tesorero; Giovana Mar\u00eda Ces\u00edn, responsable de Relaciones P\u00fablicas; Sabik Salazar Molar, responsable de Log\u00edstica; Vianney Navarro, Ricardo P\u00e9rez Castro, M\u00f3nica Ram\u00edrez, Margarita Gamundi Rivera y Mirza Ariadna Hern\u00e1ndez.<\/strong><\/span><\/p>\n<p class=\"p1\"><span style=\"font-size: 18pt; color: #e42d33;\"><strong>As\u00ed, el alcalde de Tuxpan, Jos\u00e9 Manuel Pozos indic\u00f3 que el Carnaval de Tuxpan es la m\u00e1s grande expresi\u00f3n de alegr\u00eda de nuestro pueblo y es una fiesta que nos une como una gran familia.<\/strong><\/span><\/p>\n<blockquote>\n<p class=\"p1\"><span style=\"font-size: 14pt;\">Es una tradici\u00f3n viva, porque cada a\u00f1o cobra vida en una explosi\u00f3n de ritmos, m\u00fasica, luces, color y desbordante entusiasmo\u201d<\/span><\/p>\n<\/blockquote>\n<p>&nbsp;<\/p>\n<p><img loading=\"lazy\" decoding=\"async\" class=\"aligncenter wp-image-16830 size-large\" src=\"https:\/\/politicosaldesnudo.com.mx\/wp-content\/uploads\/2023\/03\/P-CARNAVAL-TUXPAN-2023-4-1024x573.png\" alt=\"\" width=\"800\" height=\"448\" \/><\/p>\n<p>&nbsp;<\/p>\n<p class=\"p1\"><span style=\"font-size: 18pt;\"><strong>Jos\u00e9 Manuel Pozos agradeci\u00f3 al Comit\u00e9 Central del Carnaval por su compromiso y dedicaci\u00f3n con este evento, \u201cNuestro carnaval es una aut\u00e9ntica fiesta del pueblo\u2026Lo organizan personas talentosas, creativas y capaces de lograr que perdure y trascienda como algo grandioso\u201d.<\/strong><\/span><\/p>\n<p>&nbsp;<\/p>\n<blockquote>\n<p class=\"p1\"><span style=\"font-size: 14pt;\">Sin duda es el mejor equipo para superar todas las expectativas y logros alcanzados en 2022, y hoy tenemos el gran compromiso de colocar a Tuxpan en el selecto grupo de los mejores carnavales del pa\u00eds\u201d, el alcalde Jos\u00e9 Manuel Pozos<\/span><\/p>\n<\/blockquote>\n<p>&nbsp;<\/p>\n<p class=\"p1\"><span style=\"font-size: 14pt;\">Asimismo, Jos\u00e9 Manuel Pozos asegur\u00f3 que se tendr\u00e1 un elenco art\u00edstico de primera que se presentar\u00e1 en los pr\u00f3ximos d\u00edas, y que har\u00e1n que estas fiestas sean inolvidables; por lo que agradeci\u00f3 al gobernador Cuitl\u00e1huac Garc\u00eda Jim\u00e9nez su respaldo para llevar este carnaval a otro nivel. <\/span><\/p>\n<p class=\"p1\"><span style=\"font-size: 18pt;\"><strong>Esta ser\u00e1 la edici\u00f3n 126 del Carnaval, y es tan grande el entusiasmo que existe, que nos va a motivar a todos a disfrutar con alegr\u00eda, ser\u00e1 un carnaval muy inclusivo, donde participen todos\u2026 En Tuxpan estamos todos listos para \u201cQue siga la alegr\u00eda\u201d<\/strong><\/span><\/p>\n<p>&nbsp;<\/p>\n<p><img loading=\"lazy\" decoding=\"async\" class=\"aligncenter wp-image-16829 size-large\" src=\"https:\/\/politicosaldesnudo.com.mx\/wp-content\/uploads\/2023\/03\/P-CARNAVAL-TUXPAN-2023-3-1024x573.png\" alt=\"\" width=\"800\" height=\"448\" \/><\/p>\n<p>&nbsp;<\/p>\n<p>&nbsp;<\/p>\n<p class=\"p1\"><span style=\"font-size: 18pt; color: #e42d33;\"><strong>EL CARNAVAL<\/strong><\/span><\/p>\n<p class=\"p1\"><span style=\"font-size: 18pt;\"><strong>Mar\u00eda Salom\u00e9 Noguera anunci\u00f3 que el carnaval se realizar\u00e1 del 4 al 8 de mayo y agradeci\u00f3 al Gobierno Municipal por haber regresado, desde el a\u00f1o pasado, la organizaci\u00f3n de esta festividad a los ciudadanos tuxpe\u00f1os.<\/strong><\/span><\/p>\n<p>&nbsp;<\/p>\n<blockquote>\n<p class=\"p1\"><span style=\"font-size: 14pt;\">Ha sido un gran acierto, ya que antes ven\u00edan personas de fuera que no conoc\u00edan nuestras tradiciones ni a nuestra gente\u201d, dijo Mar\u00eda Salom\u00e9 Noguera<\/span><\/p>\n<\/blockquote>\n<p>&nbsp;<\/p>\n<p class=\"p1\"><span style=\"font-size: 18pt;\"><strong>Adem\u00e1s Mar\u00eda Salom\u00e9 Noguera inform\u00f3 que para la Corte Real se abrir\u00e1 la convocatoria gratuita para que cualquier tuxpe\u00f1o se inscriba y participe a trav\u00e9s de la organizaci\u00f3n de eventos y la recaudaci\u00f3n de votos, donde un peso ser\u00e1 un voto. La Reina del Carnaval, el Rey de la Alegr\u00eda y los Reyes Infantiles ser\u00e1n quienes logren obtener m\u00e1s votos. <\/strong><\/span><\/p>\n<p class=\"p1\"><span style=\"font-size: 18pt;\"><strong>La convocatoria para la inscripci\u00f3n de Reyes del Carnaval se publicar\u00e1 este d\u00eda, finalizando el registro el pr\u00f3ximo 15 de marzo mientras que, para participar por el disfraz m\u00e1s original, comparsas y carros aleg\u00f3ricos la convocatoria abrir\u00e1 el pr\u00f3ximo lunes.<\/strong><\/span><\/p>\n<p class=\"p1\"><span style=\"font-size: 14pt;\">Por otra parte, el DIF municipal definir\u00e1 el m\u00e9todo de selecci\u00f3n de reyes con discapacidad y adultos mayores. <\/span><\/p>\n<p>&nbsp;<\/p>\n<p><img loading=\"lazy\" decoding=\"async\" class=\"aligncenter wp-image-16828 size-large\" src=\"https:\/\/politicosaldesnudo.com.mx\/wp-content\/uploads\/2023\/03\/P-CARNAVAL-TUXPAN-2023-2-1024x573.png\" alt=\"\" width=\"800\" height=\"448\" \/><\/p>\n<p>&nbsp;<\/p>\n<p class=\"p1\"><span style=\"font-size: 14pt;\">Estuvieron presentes en el evento Pamela Morales Huesca, presidenta del DIF Tuxpan; Luciano Folgueras Pioli, regidor comisionado en Turismo; Francisco Villanueva, director municipal de Turismo; V\u00edctor Casta\u00f1eda, Ra\u00fal Serrallonga y Rosita Lazo de la Vega.<\/span><\/p>\n<p class=\"p1\"><span style=\"font-size: 14pt;\">La s\u00edndica Beatriz Pi\u00f1a Vergara, las regidoras y regidores Mar\u00eda del Pilar Mart\u00ednez Matesanz, Juan G\u00f3mez Garc\u00eda, Lucero Res\u00e9ndis Ambrocio, Luis Demetrio L\u00f3pez Mar\u00edn, Axel Bernal Herrera y el diputado local por el Tercer Distrito, Genaro Ib\u00e1\u00f1ez Mart\u00ednez; as\u00ed como el bastonero real Charly Bas\u00e1\u00f1ez.<\/span><\/p>\n<p>&nbsp;<\/p>\n<p>&nbsp;<\/p>\n<p>&nbsp;<\/p>\n<p>&nbsp;<\/p>\n<p>&nbsp;<\/p>\n<p>&nbsp;<\/p>\n","protected":false},"excerpt":{"rendered":"<p>&nbsp; TUXPAN, VERACRUZ. El gobierno presenta el Comit\u00e9 Central del Carnaval Tuxpan 2023: \u00a1Que siga la alegr\u00eda!, integrado por un<\/p>\n","protected":false},"author":4,"featured_media":13352,"comment_status":"closed","ping_status":"closed","sticky":false,"template":"","format":"standard","meta":{"colormag_page_container_layout":"default_layout","colormag_page_sidebar_layout":"default_layout","_jetpack_memberships_contains_paid_content":false,"footnotes":"","jetpack_publicize_message":"","jetpack_publicize_feature_enabled":true,"jetpack_social_post_already_shared":true,"jetpack_social_options":{"image_generator_settings":{"template":"highway","default_image_id":0,"font":"","enabled":false},"version":2}},"categories":[356],"tags":[2187,701,2189,2188,72,73],"class_list":["post-13351","post","type-post","status-publish","format-standard","has-post-thumbnail","hentry","category-veracruz","tag-carnaval-de-tuxpan","tag-jose-manuel-pozos","tag-maria-salome-noguera","tag-que-siga-la-alegria","tag-tuxpan","tag-veracruz"],"jetpack_publicize_connections":[],"jetpack_featured_media_url":"https:\/\/noticiasveracruz.com\/wp-content\/uploads\/2023\/03\/P-CARNAVAL-TUXPAN-2023-1.png","jetpack_sharing_enabled":true,"publishpress_future_action":{"enabled":false,"date":"2026-05-07 11:37:37","action":"change-status","newStatus":"draft","terms":[],"taxonomy":"category","extraData":[]},"publishpress_future_workflow_manual_trigger":{"enabledWorkflows":[]},"_links":{"self":[{"href":"https:\/\/noticiasveracruz.com\/index.php\/wp-json\/wp\/v2\/posts\/13351","targetHints":{"allow":["GET"]}}],"collection":[{"href":"https:\/\/noticiasveracruz.com\/index.php\/wp-json\/wp\/v2\/posts"}],"about":[{"href":"https:\/\/noticiasveracruz.com\/index.php\/wp-json\/wp\/v2\/types\/post"}],"author":[{"embeddable":true,"href":"https:\/\/noticiasveracruz.com\/index.php\/wp-json\/wp\/v2\/users\/4"}],"replies":[{"embeddable":true,"href":"https:\/\/noticiasveracruz.com\/index.php\/wp-json\/wp\/v2\/comments?post=13351"}],"version-history":[{"count":0,"href":"https:\/\/noticiasveracruz.com\/index.php\/wp-json\/wp\/v2\/posts\/13351\/revisions"}],"wp:featuredmedia":[{"embeddable":true,"href":"https:\/\/noticiasveracruz.com\/index.php\/wp-json\/wp\/v2\/media\/13352"}],"wp:attachment":[{"href":"https:\/\/noticiasveracruz.com\/index.php\/wp-json\/wp\/v2\/media?parent=13351"}],"wp:term":[{"taxonomy":"category","embeddable":true,"href":"https:\/\/noticiasveracruz.com\/index.php\/wp-json\/wp\/v2\/categories?post=13351"},{"taxonomy":"post_tag","embeddable":true,"href":"https:\/\/noticiasveracruz.com\/index.php\/wp-json\/wp\/v2\/tags?post=13351"}],"curies":[{"name":"wp","href":"https:\/\/api.w.org\/{rel}","templated":true}]}}