{"id":13230,"date":"2023-02-28T05:43:17","date_gmt":"2023-02-28T11:43:17","guid":{"rendered":"https:\/\/noticiasveracruz.com\/?p=13230"},"modified":"2023-02-28T05:43:38","modified_gmt":"2023-02-28T11:43:38","slug":"absolutismo-cuatrotero","status":"publish","type":"post","link":"https:\/\/noticiasveracruz.com\/index.php\/2023\/02\/28\/absolutismo-cuatrotero\/","title":{"rendered":"Absolutismo cuatrotero"},"content":{"rendered":"<p>&nbsp;<\/p>\n<p>&nbsp;<\/p>\n<p class=\"p2\"><span style=\"font-size: 18pt;\"><strong>Por Luis Ram\u00edrez Baqueiro<\/strong><\/span><\/p>\n<p>&nbsp;<\/p>\n<p class=\"p2\" style=\"text-align: center;\"><em><span style=\"font-size: 18pt;\"><strong>\u201cLa obra pol\u00edtica m\u00e1s dif\u00edcil es obtener la confianza antes que el \u00e9xito\u201d <\/strong><\/span><\/em><\/p>\n<p class=\"p2\" style=\"text-align: center;\"><span style=\"font-size: 18pt;\">\u2013 Napole\u00f3n Bonaparte \u2013<\/span><\/p>\n<p>&nbsp;<\/p>\n<p class=\"p2\"><span style=\"font-size: 14pt;\">Es grave que en nuestro pa\u00eds la m\u00e1xima autoridad del Poder Ejecutivo act\u00fae bajo una visi\u00f3n absolutista de las cosas, evidenciando que la incapacidad argumentativa obnubila la raz\u00f3n, llevando el discurso oficial a la polarizaci\u00f3n social.<\/span><\/p>\n<p class=\"p2\"><span style=\"font-size: 14pt;\">Dos hechos evidencian dicha afirmaci\u00f3n.<\/span><\/p>\n<p class=\"p2\"><span style=\"font-size: 14pt;\">La primera, la respuesta de un presidente tras la manifestaci\u00f3n social pac\u00edfica m\u00e1s conglomerada de la historia del pa\u00eds, en el que el argumento de quienes salieron a la calle fue defender el derecho de todas y todos los mexicanos a elegir a su pr\u00f3xima autoridad federal, sin menoscabo de las instituciones garantes de la democracia en el pa\u00eds.<\/span><\/p>\n<p class=\"p2\"><span style=\"font-size: 14pt;\">El atentado que pretende infligir el presidente Andr\u00e9s Manuel L\u00f3pez Obrador a trav\u00e9s del famoso Plan B, al Instituto Nacional Electoral (INE), al recortar costos de operaci\u00f3n para dejar al organismo con tan solo el 20% de su capacidad operativa, constri\u00f1e contra la misma instituci\u00f3n que le ha reconocido todos sus triunfos desde 2018.<\/span><\/p>\n<p class=\"p2\"><span style=\"font-size: 14pt;\">La falaz y demag\u00f3gica fundamentaci\u00f3n basada en que detr\u00e1s de las expresiones ciudadanas est\u00e1 el PRIAN resulta verdaderamente absurda e il\u00f3gica, pues en el fondo el presidente y sus secuaces no han comprendido que el mensaje de fondo fue el despertar de la sociedad cansada de la pol\u00edticos falsarios y demag\u00f3gicos, que confrontan a la sociedad entre dos bandos, los que est\u00e1n conmigo o los que est\u00e1n contra m\u00ed.<\/span><\/p>\n<p class=\"p2\"><span style=\"font-size: 14pt;\">La concentraci\u00f3n masiva de m\u00e1s de 500 mil almas en el z\u00f3calo capitalino y m\u00e1s de dos millones y medio en las 102 ciudades donde se manifestaron en defensa del INE, evidencia, que aquella clase media, -calificada de aspiracionista, por el propio presidente- esa misma que le llev\u00f3 al poder desencantada por el actuar corruptor del anterior r\u00e9gimen, hoy esa misma clase media, alza la voz, ante la evidente falta de cumplimiento de sus promesas de campa\u00f1a.<\/span><\/p>\n<p class=\"p2\"><span style=\"font-size: 14pt;\">Ese segmento poblaci\u00f3n harto de mentiras y de falsas verdades, la cual repite sin reparo todas las ma\u00f1anas y que le env\u00edan un mensaje fort\u00edsimo ante su negativa a reconocer que el poder desgasta y que el mismo no es eterno.<\/span><\/p>\n<p class=\"p2\"><span style=\"font-size: 14pt;\">Otra evidencia de esa monocrom\u00eda visionaria para atender los temas nacionales, la vemos con la oportunidad de instalar en Monterrey, Nuevo Le\u00f3n a la f\u00e1brica de autom\u00f3viles el\u00e9ctricos empresa Tesla, la cual se podr\u00eda ir por el ca\u00f1o, ante la cerraz\u00f3n de ofrecer los permisos federales para su instalaci\u00f3n.<\/span><\/p>\n<p class=\"p2\"><span style=\"font-size: 14pt;\">Y es que el presidente absolutista cual emperador o monarca, pretende hacer que todos \u2013incluidos empresarios- inclinen la cabeza cuales lacayos, no se\u00f1or presidente, as\u00ed no es la cosa, pues los empresarios quienes son los generadores de la riqueza y los empleos lo \u00fanico que demandan de su gobierno \u2013como de cualquier gobierno- es certeza jur\u00eddica y seguridad para sus inversiones.<\/span><\/p>\n<p class=\"p2\"><span style=\"font-size: 14pt;\">A ver si el empresario sudafricano, Elon Musk no termina por mandar la posible inversi\u00f3n a otra naci\u00f3n bananera de Centroam\u00e9rica o de As\u00eda.<\/span><\/p>\n<p>&nbsp;<\/p>\n<p class=\"p1\"><span style=\"font-size: 18pt;\"><strong>Al tiempo.<\/strong><\/span><\/p>\n<p>&nbsp;<\/p>\n<hr \/>\n<p>&nbsp;<\/p>\n<p class=\"p1\"><span style=\"font-size: 18pt;\"><strong>Correo: <a href=\"mailto:astrolabiopoliticomx@gmail.com\">astrolabiopoliticomx@gmail.com<\/a><\/strong><\/span><\/p>\n<p class=\"p1\"><span style=\"font-size: 18pt;\"><strong>Twitter: <a href=\"http:\/\/www.twitter.com\/LuisBaqueiro_mx\">@LuisBaqueiro_mx<\/a><\/strong><\/span><\/p>\n<p>&nbsp;<\/p>\n<p><img loading=\"lazy\" decoding=\"async\" class=\"aligncenter wp-image-11449\" src=\"http:\/\/noticiasveracruz.com\/wp-content\/uploads\/2023\/01\/FIRMA-EDITORIAL-NV-300x37.png\" alt=\"\" width=\"1000\" height=\"122\" srcset=\"https:\/\/noticiasveracruz.com\/wp-content\/uploads\/2023\/01\/FIRMA-EDITORIAL-NV-300x37.png 300w, https:\/\/noticiasveracruz.com\/wp-content\/uploads\/2023\/01\/FIRMA-EDITORIAL-NV-1024x125.png 1024w, https:\/\/noticiasveracruz.com\/wp-content\/uploads\/2023\/01\/FIRMA-EDITORIAL-NV-768x94.png 768w, https:\/\/noticiasveracruz.com\/wp-content\/uploads\/2023\/01\/FIRMA-EDITORIAL-NV-1536x188.png 1536w, https:\/\/noticiasveracruz.com\/wp-content\/uploads\/2023\/01\/FIRMA-EDITORIAL-NV-2048x250.png 2048w\" sizes=\"auto, (max-width: 1000px) 100vw, 1000px\" \/><\/p>\n<p>&nbsp;<\/p>\n<p>&nbsp;<\/p>\n<p>&nbsp;<\/p>\n<p>&nbsp;<\/p>\n<p>&nbsp;<\/p>\n<p>&nbsp;<\/p>\n<p>&nbsp;<\/p>\n<p>&nbsp;<\/p>\n<p>&nbsp;<\/p>\n<p>&nbsp;<\/p>\n<p>&nbsp;<\/p>\n","protected":false},"excerpt":{"rendered":"<p>&nbsp; &nbsp; Por Luis Ram\u00edrez Baqueiro &nbsp; \u201cLa obra pol\u00edtica m\u00e1s dif\u00edcil es obtener la confianza antes que el \u00e9xito\u201d<\/p>\n","protected":false},"author":4,"featured_media":3572,"comment_status":"closed","ping_status":"closed","sticky":false,"template":"","format":"standard","meta":{"colormag_page_container_layout":"default_layout","colormag_page_sidebar_layout":"default_layout","_jetpack_memberships_contains_paid_content":false,"footnotes":"","jetpack_publicize_message":"","jetpack_publicize_feature_enabled":true,"jetpack_social_post_already_shared":true,"jetpack_social_options":{"image_generator_settings":{"template":"highway","default_image_id":0,"font":"","enabled":false},"version":2}},"categories":[6],"tags":[2166],"class_list":["post-13230","post","type-post","status-publish","format-standard","has-post-thumbnail","hentry","category-columnistas","tag-lui"],"jetpack_publicize_connections":[],"jetpack_featured_media_url":"https:\/\/noticiasveracruz.com\/wp-content\/uploads\/2022\/04\/LUIS-RAMI\u0301REZ-BAQUEIRO.png","jetpack_sharing_enabled":true,"publishpress_future_action":{"enabled":false,"date":"2026-05-05 18:48:19","action":"change-status","newStatus":"draft","terms":[],"taxonomy":"category","extraData":[]},"publishpress_future_workflow_manual_trigger":{"enabledWorkflows":[]},"_links":{"self":[{"href":"https:\/\/noticiasveracruz.com\/index.php\/wp-json\/wp\/v2\/posts\/13230","targetHints":{"allow":["GET"]}}],"collection":[{"href":"https:\/\/noticiasveracruz.com\/index.php\/wp-json\/wp\/v2\/posts"}],"about":[{"href":"https:\/\/noticiasveracruz.com\/index.php\/wp-json\/wp\/v2\/types\/post"}],"author":[{"embeddable":true,"href":"https:\/\/noticiasveracruz.com\/index.php\/wp-json\/wp\/v2\/users\/4"}],"replies":[{"embeddable":true,"href":"https:\/\/noticiasveracruz.com\/index.php\/wp-json\/wp\/v2\/comments?post=13230"}],"version-history":[{"count":0,"href":"https:\/\/noticiasveracruz.com\/index.php\/wp-json\/wp\/v2\/posts\/13230\/revisions"}],"wp:featuredmedia":[{"embeddable":true,"href":"https:\/\/noticiasveracruz.com\/index.php\/wp-json\/wp\/v2\/media\/3572"}],"wp:attachment":[{"href":"https:\/\/noticiasveracruz.com\/index.php\/wp-json\/wp\/v2\/media?parent=13230"}],"wp:term":[{"taxonomy":"category","embeddable":true,"href":"https:\/\/noticiasveracruz.com\/index.php\/wp-json\/wp\/v2\/categories?post=13230"},{"taxonomy":"post_tag","embeddable":true,"href":"https:\/\/noticiasveracruz.com\/index.php\/wp-json\/wp\/v2\/tags?post=13230"}],"curies":[{"name":"wp","href":"https:\/\/api.w.org\/{rel}","templated":true}]}}