{"id":13225,"date":"2023-02-28T05:33:22","date_gmt":"2023-02-28T11:33:22","guid":{"rendered":"https:\/\/noticiasveracruz.com\/?p=13225"},"modified":"2023-02-28T05:33:22","modified_gmt":"2023-02-28T11:33:22","slug":"afinidades-y-discrepancias","status":"publish","type":"post","link":"https:\/\/noticiasveracruz.com\/index.php\/2023\/02\/28\/afinidades-y-discrepancias\/","title":{"rendered":"Afinidades y discrepancias"},"content":{"rendered":"<p class=\"p2\">\n<p>&nbsp;<\/p>\n<p class=\"p2\"><span style=\"font-size: 14pt;\"><span style=\"font-size: 18pt;\"><strong>Por Alberto Woolrich Ort\u00edz<\/strong><\/span><\/span><\/p>\n<p class=\"p2\"><span style=\"font-size: 14pt;\">En \u00e9sta Cuarta Transformaci\u00f3n de la Rep\u00fablica se transita por dos pol\u00edticas cuya co-existencia es aparentemente pacifica, muy tolerada y diametralmente opuesta. Una es la pol\u00edtica del neoliberalismo creador de la narco-pol\u00edtica, por la que se pronuncian todos los gobernantes y ex gobernantes corruptos. La otra es la pol\u00edtica de \u201cabrazos y besos\u201d a la delincuencia, o sea, la llamada pol\u00edtica de Andr\u00e9s Manuel L\u00f3pez Obrador. \u00c9sta \u00faltima se encuentra avalada por Alejandro Gertz Manero y su necedad de no investigar al narco-jurista<span class=\"Apple-converted-space\">\u00a0 <\/span>m\u00e1s c\u00e9lebre de todos los tiempos. <\/span><\/p>\n<p class=\"p2\"><span style=\"font-size: 14pt;\">Todas estas discrepancias o afinidades podr\u00edan y tienen que ser resueltas en t\u00e9rminos de la constituci\u00f3n pol\u00edtica de los Estados Unidos Mexicanos. La pregunta obligada es \u00bfHacia d\u00f3nde vamos? \u00bfHacia d\u00f3nde nos dirigen esos contrastes y coincidencias?<\/span><\/p>\n<p class=\"p2\"><span style=\"font-size: 14pt;\">Unos cuantos meses m\u00e1s y habr\u00e1 concluido la historia del neoliberalismo y de la Cuarta Transformaci\u00f3n de la naci\u00f3n. \u00c9pocas pol\u00edticas confusas e inciertas, que no lograron alcanzar la justicia que pregona nuestra carta fundamental, la que justamente se esperaba, o sea, orientar a la narco-pol\u00edtica en t\u00e9rminos de ley, para que en su momento pudiera ser sancionada. Por ello cabe una vez m\u00e1s preguntar \u00bfTantas promesas y mentiras a d\u00f3nde nos han llevado? \u00bfQu\u00e9 es lo que se ha logrado obtener? La respuesta correcta ser\u00eda: nada. <\/span><\/p>\n<p class=\"p2\"><span style=\"font-size: 14pt;\">La pol\u00edtica de ambos tiempos ha hecho de M\u00e9xico un verdadero laberinto, con intrincadas redes de corruptos y recintos de justicia en donde habita la impunidad, en donde se contradicen los designios divinos de nuestra carta republicana. Los gobernantes de ambas temporadas ello no lo entienden, confunden delitos y ahora los aplauden, lo que impide la aplicaci\u00f3n irrestricta del esp\u00edritu de nuestra suprema ley. <\/span><\/p>\n<p class=\"p2\"><span style=\"font-size: 14pt;\">M\u00e9xico se ha convertido, no en lo que debe de ser, sino en una encrucijada imparable y maligna por esas incorrectas maneras de actuar y pensar, nuestros pol\u00edticos de dichos periodos s\u00f3lo buscaron y buscan encontrar las veredas que conducen a caminar por lo absurdo y para otorgar complicidad a la delincuencia. Con esa obstinaci\u00f3n e insensatez M\u00e9xico no avanzar\u00e1. Va a perder. <\/span><\/p>\n<p class=\"p2\"><span style=\"font-size: 14pt;\">Si esos gobernantes neoliberales y actuales lo quisieran saber, se les dir\u00eda que nuestro pacto federal es el estatuto que organiza a M\u00e9xico para triunfar, en \u00e9l se expresa el sentimiento y la necesidad de sus gobernados, sus mejores ideales de justicia y el encausamiento de la soberan\u00eda \u2014del que tanto hablan en esas tribunas ma\u00f1aneras\u2014 dentro del orden y la legalidad. <\/span><\/p>\n<p class=\"p2\"><span style=\"font-size: 14pt;\">Nuestra ley suprema identifica al gobernante con el gobernado, en el momento en que ella se aplica, mostrando una di\u00e1fana conjugaci\u00f3n de intereses nacionales, asegurando y fortificando con ello, el ejercicio de nuestras instituciones y garantizando los derechos inalienables de los mexicanos para obtener justicia. <\/span><\/p>\n<p class=\"p2\"><span style=\"font-size: 14pt;\">La academia de Derecho Penal del Colegio Nacional de Abogados Foro de M\u00e9xico, invita una vez m\u00e1s a Andr\u00e9s Manuel L\u00f3pez Obrador, a evitar que M\u00e9xico siga pisando sobre terrenos movedizos y peligrosos, que pueden hundirnos en forma inevitable por inconcebibles precipicios. Se puede evitar ello aplicando correctamente otra pol\u00edtica, no la de \u201cabrazos y besos\u201d. Ley y c\u00e1rcel es lo adecuado. <\/span><\/p>\n<p>&nbsp;<\/p>\n<p class=\"p3\"><span style=\"font-size: 18pt;\"><strong>Es cuanto. <\/strong><\/span><\/p>\n<p>&nbsp;<\/p>\n<hr \/>\n<p>&nbsp;<\/p>\n<p class=\"p1\"><strong><span style=\"font-size: 18pt;\">Lic. Alberto Woolrich Ort\u00edz<\/span><\/strong><\/p>\n<p class=\"p1\"><strong><span style=\"font-size: 18pt;\">Presidente de la Academia de Derecho Penal<\/span><\/strong><\/p>\n<p class=\"p1\"><strong><span style=\"font-size: 18pt;\">del Colegio de Abogados de M\u00e9xico, A.C.<\/span><\/strong><\/p>\n<p>&nbsp;<\/p>\n<p>&nbsp;<\/p>\n<p><img loading=\"lazy\" decoding=\"async\" class=\"aligncenter wp-image-11449\" src=\"http:\/\/noticiasveracruz.com\/wp-content\/uploads\/2023\/01\/FIRMA-EDITORIAL-NV-300x37.png\" alt=\"\" width=\"1000\" height=\"122\" srcset=\"https:\/\/noticiasveracruz.com\/wp-content\/uploads\/2023\/01\/FIRMA-EDITORIAL-NV-300x37.png 300w, https:\/\/noticiasveracruz.com\/wp-content\/uploads\/2023\/01\/FIRMA-EDITORIAL-NV-1024x125.png 1024w, https:\/\/noticiasveracruz.com\/wp-content\/uploads\/2023\/01\/FIRMA-EDITORIAL-NV-768x94.png 768w, https:\/\/noticiasveracruz.com\/wp-content\/uploads\/2023\/01\/FIRMA-EDITORIAL-NV-1536x188.png 1536w, https:\/\/noticiasveracruz.com\/wp-content\/uploads\/2023\/01\/FIRMA-EDITORIAL-NV-2048x250.png 2048w\" sizes=\"auto, (max-width: 1000px) 100vw, 1000px\" \/><\/p>\n<p>&nbsp;<\/p>\n<p class=\"p1\">\n","protected":false},"excerpt":{"rendered":"<p>&nbsp; Por Alberto Woolrich Ort\u00edz En \u00e9sta Cuarta Transformaci\u00f3n de la Rep\u00fablica se transita por dos pol\u00edticas cuya co-existencia es<\/p>\n","protected":false},"author":4,"featured_media":3616,"comment_status":"closed","ping_status":"closed","sticky":false,"template":"","format":"standard","meta":{"colormag_page_container_layout":"default_layout","colormag_page_sidebar_layout":"default_layout","_jetpack_memberships_contains_paid_content":false,"footnotes":"","jetpack_publicize_message":"","jetpack_publicize_feature_enabled":true,"jetpack_social_post_already_shared":true,"jetpack_social_options":{"image_generator_settings":{"template":"highway","default_image_id":0,"font":"","enabled":false},"version":2}},"categories":[6],"tags":[],"class_list":["post-13225","post","type-post","status-publish","format-standard","has-post-thumbnail","hentry","category-columnistas"],"jetpack_publicize_connections":[],"jetpack_featured_media_url":"https:\/\/noticiasveracruz.com\/wp-content\/uploads\/2022\/04\/NV-ALBERTO-WOOLRICH-1.png","jetpack_sharing_enabled":true,"publishpress_future_action":{"enabled":false,"date":"2026-05-05 18:04:04","action":"change-status","newStatus":"draft","terms":[],"taxonomy":"category","extraData":[]},"publishpress_future_workflow_manual_trigger":{"enabledWorkflows":[]},"_links":{"self":[{"href":"https:\/\/noticiasveracruz.com\/index.php\/wp-json\/wp\/v2\/posts\/13225","targetHints":{"allow":["GET"]}}],"collection":[{"href":"https:\/\/noticiasveracruz.com\/index.php\/wp-json\/wp\/v2\/posts"}],"about":[{"href":"https:\/\/noticiasveracruz.com\/index.php\/wp-json\/wp\/v2\/types\/post"}],"author":[{"embeddable":true,"href":"https:\/\/noticiasveracruz.com\/index.php\/wp-json\/wp\/v2\/users\/4"}],"replies":[{"embeddable":true,"href":"https:\/\/noticiasveracruz.com\/index.php\/wp-json\/wp\/v2\/comments?post=13225"}],"version-history":[{"count":0,"href":"https:\/\/noticiasveracruz.com\/index.php\/wp-json\/wp\/v2\/posts\/13225\/revisions"}],"wp:featuredmedia":[{"embeddable":true,"href":"https:\/\/noticiasveracruz.com\/index.php\/wp-json\/wp\/v2\/media\/3616"}],"wp:attachment":[{"href":"https:\/\/noticiasveracruz.com\/index.php\/wp-json\/wp\/v2\/media?parent=13225"}],"wp:term":[{"taxonomy":"category","embeddable":true,"href":"https:\/\/noticiasveracruz.com\/index.php\/wp-json\/wp\/v2\/categories?post=13225"},{"taxonomy":"post_tag","embeddable":true,"href":"https:\/\/noticiasveracruz.com\/index.php\/wp-json\/wp\/v2\/tags?post=13225"}],"curies":[{"name":"wp","href":"https:\/\/api.w.org\/{rel}","templated":true}]}}