{"id":13193,"date":"2023-02-27T00:29:52","date_gmt":"2023-02-27T06:29:52","guid":{"rendered":"https:\/\/noticiasveracruz.com\/?p=13193"},"modified":"2023-02-26T22:23:56","modified_gmt":"2023-02-27T04:23:56","slug":"republica-dominicana-premia-delincuentes","status":"publish","type":"post","link":"https:\/\/noticiasveracruz.com\/index.php\/2023\/02\/27\/republica-dominicana-premia-delincuentes\/","title":{"rendered":"Rep\u00fablica Dominicana premia delincuentes"},"content":{"rendered":"<p>&nbsp;<\/p>\n<p class=\"p1\"><span style=\"font-size: 18pt;\"><b>Por Jos\u00e9 P\u00e1ramo Castro<\/b><\/span><\/p>\n<p class=\"p1\"><span style=\"font-size: 18pt;\"><strong>En Rep\u00fablica Dominicana sus actuales gobernantes de derecha, encabezados por no olvidan los tiempos del dictador Rafael Le\u00f3nidas Trujillo, quien es la inspiraci\u00f3n del empresario\u00a0Luis Abinader, elegido en julio de 2020.<\/strong><\/span><\/p>\n<p class=\"p1\"><span style=\"font-size: 14pt;\">A Abinader s\u00f3lo le importa atraer turismo y que todo parezca bonito en su pa\u00eds, aunque el orden aparente se logra a costa de la violaci\u00f3n a los derechos humanos.<\/span><\/p>\n<p class=\"p1\"><span style=\"font-size: 18pt; color: #e42d33;\"><strong>El mal trato que dan a los migrantes haitianos en su frontera es propio de animales, y la represi\u00f3n que va desde los robos, vejaciones, golpes y hasta las desapariciones es tarea de todos los d\u00edas.<\/strong><\/span><\/p>\n<p class=\"p1\"><span style=\"font-size: 18pt;\"><strong>El Grupo de Apoyo a Refugiados y Repatriados en Rep\u00fablica, detall\u00f3 que en Rep\u00fablica Dominicana los migrantes enfrentan diversos tipos de abusos y violaciones a sus derechos, sin importar si son ni\u00f1os o embarazadas. Entre los m\u00e1s frecuentes cita la separaci\u00f3n de las familias, la detenci\u00f3n de haitianos en cualquier circunstancia, la devoluci\u00f3n de ni\u00f1os sin presencia de sus padres u otro familiar, y la detenci\u00f3n de menores en hospitales o en las calles.<\/strong><\/span><\/p>\n<p class=\"p1\"><span style=\"font-size: 14pt;\">En medio de este escenario propio de siglos atr\u00e1s, donde la derecha se muestra en todo su esplendor como si se tratara de una dictadura, el l\u00edder nacional del PRI, Alejandro Moreno C\u00e1rdenas,<i>\u00a0Alito,\u00a0<\/i>por fin se reconoce de derecha y coloca en ese espacio a su decadente partido al armonizar un con r\u00e9gimen corrupto y represivo como el de Rep\u00fablica Dominicana.<\/span><\/p>\n<p>&nbsp;<\/p>\n<p><img loading=\"lazy\" decoding=\"async\" class=\"aligncenter wp-image-16604 size-large\" src=\"https:\/\/politicosaldesnudo.com.mx\/wp-content\/uploads\/2023\/02\/P-ALITO-RD-1-1024x573.png\" alt=\"\" width=\"800\" height=\"448\" \/><\/p>\n<p>&nbsp;<\/p>\n<p class=\"p1\"><span style=\"font-size: 18pt;\"><strong>Alejandro Moreno, recibi\u00f3 el\u00a0reconocimiento\u00a0del\u00a0Senado\u00a0de la Rep\u00fablica Dominicana a su destacada carrera pol\u00edtica en beneficio de M\u00e9xico, de sus ciudadanos y de la democracia en el mundo, situaci\u00f3n que pareciera un sarcasmo si los gobernantes dominicanos supieran algo de la historia y la realidad de M\u00e9xico.<\/strong><\/span><\/p>\n<p class=\"p1\"><span style=\"font-size: 18pt; color: #e42d33;\"><strong>Pero si en realidad Alejandro Moreno defendiera los principios que dice enarbolar, hubiera rechazado el reconocimiento que s\u00f3lo sirvi\u00f3 para colocar lo en la l\u00ednea de fuego de las cr\u00edticas y a su pa\u00eds anfitri\u00f3n para mostrar el salvajismo de los conservadores en el poder.<\/strong><\/span><\/p>\n<p class=\"p1\"><span style=\"font-size: 14pt;\">La detenci\u00f3n de un centenar de migrantes haitianos indocumentados en diversos puntos al este de\u00a0Rep\u00fablica Dominicana y su correspondiente encarcelamiento es para sus las autoridades una especie de trofeo.\u00a0El supervisor regional de Migraci\u00f3n, Jos\u00e9 Bienvenido, confirm\u00f3 que los migrantes fueron detenidos en zonas como B\u00e1varo, Hig\u00fcey, Bayah\u00edbe, Nisibon, Ver\u00f3n y La Romana.<\/span><\/p>\n<p class=\"p1\"><span style=\"font-size: 14pt;\">Un total 26,916 haitianos fueron deportados a su pa\u00eds durante enero pasado, a pesar de que los dos pa\u00edses firmaron un memorando de entendimiento acerca del mecanismo de repatriaci\u00f3n con pleno respeto a los derechos de los ciudadanos haitianos, pero no se cumple. Lo peor de todo es la pasividad del gobierno de Hait\u00ed, que no condena estas violaciones.<\/span><\/p>\n<p class=\"p1\"><span style=\"font-size: 18pt;\"><strong>La decadencia se re\u00fane con la decadencia, y el rancio estilo de gobernar del Partido Revolucionario Dominicano, seguidor del asesino de Rafael Leonidas Trujillo, y, por su parte le cortaron las alas a\u00a0<i>Alito<\/i>\u00a0Moreno, porque el INE decidi\u00f3 invalidar las reformas a los estatutos del PRI, con las que pretend\u00eda alargar su mandato hasta 2024.<\/strong><\/span><\/p>\n<p>&nbsp;<\/p>\n<p><img loading=\"lazy\" decoding=\"async\" class=\"aligncenter wp-image-16605 size-large\" src=\"https:\/\/politicosaldesnudo.com.mx\/wp-content\/uploads\/2023\/02\/P-ALITO-RD-2-1024x573.png\" alt=\"\" width=\"800\" height=\"448\" \/><\/p>\n<p>&nbsp;<\/p>\n<p class=\"p1\"><span style=\"font-size: 18pt;\"><strong>Los herederos de Le\u00f3nidas Trujillo \u201cEl Chivo\u201d, en Dominicana, reprimen haitianos y dominicanos pero premian delincuentes extranjeros, esa es la derecha delincuente de la regi\u00f3n.<\/strong><\/span><\/p>\n<p class=\"p1\"><span style=\"font-size: 14pt;\">La derecha en Am\u00e9rica Latina s\u00f3lo sabe gobernar represivamente, ah\u00ed est\u00e1 Per\u00fa cuya usurpadora ha asesinado a 60 peruanos, y herido a dos mil, y Ecuador, donde hay persecuci\u00f3n pol\u00edtica contra asamble\u00edstas como Viviana Veloz. El r\u00e9gimen del empresario Guillermo Lasso no aguanta mucho tiempo.<\/span><\/p>\n<p class=\"p1\"><span style=\"font-size: 14pt;\">En las pr\u00f3ximas elecciones en Paraguay, se inclinar\u00e1n por la izquierda ante la torpeza del candidato de la derecha, Santiago Pe\u00f1a, que inici\u00f3 un conflicto diplom\u00e1tico con Argentina, por insultar a sus habitantes. La torpeza caracteriza a la derecha en Am\u00e9rica Latina que se ve acorralada ante sus propios errores y su cl\u00e1sica pol\u00edtica antipopular.<\/span><\/p>\n<p>&nbsp;<\/p>\n<hr \/>\n<p>&nbsp;<\/p>\n<p><img loading=\"lazy\" decoding=\"async\" class=\"aligncenter wp-image-11449\" src=\"http:\/\/noticiasveracruz.com\/wp-content\/uploads\/2023\/01\/FIRMA-EDITORIAL-NV-300x37.png\" alt=\"\" width=\"1000\" height=\"122\" srcset=\"https:\/\/noticiasveracruz.com\/wp-content\/uploads\/2023\/01\/FIRMA-EDITORIAL-NV-300x37.png 300w, https:\/\/noticiasveracruz.com\/wp-content\/uploads\/2023\/01\/FIRMA-EDITORIAL-NV-1024x125.png 1024w, https:\/\/noticiasveracruz.com\/wp-content\/uploads\/2023\/01\/FIRMA-EDITORIAL-NV-768x94.png 768w, https:\/\/noticiasveracruz.com\/wp-content\/uploads\/2023\/01\/FIRMA-EDITORIAL-NV-1536x188.png 1536w, https:\/\/noticiasveracruz.com\/wp-content\/uploads\/2023\/01\/FIRMA-EDITORIAL-NV-2048x250.png 2048w\" sizes=\"auto, (max-width: 1000px) 100vw, 1000px\" \/><\/p>\n<p>&nbsp;<\/p>\n<p>&nbsp;<\/p>\n<p>&nbsp;<\/p>\n<p>&nbsp;<\/p>\n","protected":false},"excerpt":{"rendered":"<p>&nbsp; Por Jos\u00e9 P\u00e1ramo Castro En Rep\u00fablica Dominicana sus actuales gobernantes de derecha, encabezados por no olvidan los tiempos del<\/p>\n","protected":false},"author":4,"featured_media":3569,"comment_status":"closed","ping_status":"closed","sticky":false,"template":"","format":"standard","meta":{"colormag_page_container_layout":"default_layout","colormag_page_sidebar_layout":"default_layout","_jetpack_memberships_contains_paid_content":false,"footnotes":"","jetpack_publicize_message":"","jetpack_publicize_feature_enabled":true,"jetpack_social_post_already_shared":true,"jetpack_social_options":{"image_generator_settings":{"template":"highway","default_image_id":0,"font":"","enabled":false},"version":2}},"categories":[6],"tags":[380,1271,2164,482,194,2163,115],"class_list":["post-13193","post","type-post","status-publish","format-standard","has-post-thumbnail","hentry","category-columnistas","tag-alejandro-moreno","tag-haiti","tag-luis-abinader","tag-migrantes","tag-pri","tag-rafael-leonidas-trujillo","tag-republica-dominicana"],"jetpack_publicize_connections":[],"jetpack_featured_media_url":"https:\/\/noticiasveracruz.com\/wp-content\/uploads\/2022\/04\/NV-JOSE\u0301-PA\u0301RAMO.png","jetpack_sharing_enabled":true,"publishpress_future_action":{"enabled":false,"date":"2026-05-05 19:39:00","action":"change-status","newStatus":"draft","terms":[],"taxonomy":"category","extraData":[]},"publishpress_future_workflow_manual_trigger":{"enabledWorkflows":[]},"_links":{"self":[{"href":"https:\/\/noticiasveracruz.com\/index.php\/wp-json\/wp\/v2\/posts\/13193","targetHints":{"allow":["GET"]}}],"collection":[{"href":"https:\/\/noticiasveracruz.com\/index.php\/wp-json\/wp\/v2\/posts"}],"about":[{"href":"https:\/\/noticiasveracruz.com\/index.php\/wp-json\/wp\/v2\/types\/post"}],"author":[{"embeddable":true,"href":"https:\/\/noticiasveracruz.com\/index.php\/wp-json\/wp\/v2\/users\/4"}],"replies":[{"embeddable":true,"href":"https:\/\/noticiasveracruz.com\/index.php\/wp-json\/wp\/v2\/comments?post=13193"}],"version-history":[{"count":0,"href":"https:\/\/noticiasveracruz.com\/index.php\/wp-json\/wp\/v2\/posts\/13193\/revisions"}],"wp:featuredmedia":[{"embeddable":true,"href":"https:\/\/noticiasveracruz.com\/index.php\/wp-json\/wp\/v2\/media\/3569"}],"wp:attachment":[{"href":"https:\/\/noticiasveracruz.com\/index.php\/wp-json\/wp\/v2\/media?parent=13193"}],"wp:term":[{"taxonomy":"category","embeddable":true,"href":"https:\/\/noticiasveracruz.com\/index.php\/wp-json\/wp\/v2\/categories?post=13193"},{"taxonomy":"post_tag","embeddable":true,"href":"https:\/\/noticiasveracruz.com\/index.php\/wp-json\/wp\/v2\/tags?post=13193"}],"curies":[{"name":"wp","href":"https:\/\/api.w.org\/{rel}","templated":true}]}}