{"id":13190,"date":"2023-02-27T00:27:39","date_gmt":"2023-02-27T06:27:39","guid":{"rendered":"https:\/\/noticiasveracruz.com\/?p=13190"},"modified":"2023-02-26T22:15:42","modified_gmt":"2023-02-27T04:15:42","slug":"fox-calderon-pena-y-scjn-culpables","status":"publish","type":"post","link":"https:\/\/noticiasveracruz.com\/index.php\/2023\/02\/27\/fox-calderon-pena-y-scjn-culpables\/","title":{"rendered":"Fox, Calder\u00f3n, Pe\u00f1a y SCJN: culpables"},"content":{"rendered":"<p>&nbsp;<\/p>\n<p class=\"p1\"><span style=\"font-size: 18pt;\"><b>Por Jos\u00e9 Lima Cobos <\/b><\/span><\/p>\n<p class=\"p1\"><span style=\"font-size: 18pt;\"><strong>No pueden alegar ignorancia y menos llamarse ha robados, los ex presidentes Fox, Calder\u00f3n y Pe\u00f1a Nieto por lo que esta aconteciendo con la investigaci\u00f3n<span class=\"Apple-converted-space\">\u00a0 <\/span>del gobierno de los Estados Unidos y con los resultados alcanzados en contra de Genaro Garc\u00eda Luna que en particular se quedan cortos, porque existe tal profundidad de manera tal, que constituye un pozo muy profundo, donde tambi\u00e9n la Suprema Corte de Justicia y sus once ministros est\u00e1n involucrado por acci\u00f3n u omisi\u00f3n y el tiempo nos dar\u00e1 la raz\u00f3n.<\/strong><\/span><\/p>\n<p class=\"p1\"><span style=\"font-size: 14pt;\">Muchos cr\u00edmenes se han cometido tanto en M\u00e9xico como en Estados Unidos por el<span class=\"Apple-converted-space\">\u00a0 <\/span>entramado que representa el lavado de dinero y los tr\u00e1ficos de todos sus niveles, que se generan con las complicidades<span class=\"Apple-converted-space\">\u00a0 <\/span>de los gobiernos- legislativo, ejecutivo y judicial-,<span class=\"Apple-converted-space\">\u00a0 <\/span>en que pocos o nadie se salva, porque es una mina de oro que en tanto, no haya consecuencias, pues arrojan muchos recursos que los Estados de manera silenciosa toleran y consienten, lo que los lleva a ubicarse en un narco-gobierno o narco estado.<\/span><\/p>\n<p class=\"p1\"><span style=\"font-size: 18pt;\"><strong>En el aspecto jur\u00eddico, por ejemplo, el caso de M\u00e9xico es paradigm\u00e1tico, pues<span class=\"Apple-converted-space\">\u00a0 <\/span>la Suprema Corte de Justicia de la Naci\u00f3n mediante una tesis propiciada y alentada por el ex ministro Medina Mora -se\u00f1alado y denunciado por la Unidad de Inteligencia Financiera de realizar transferencias bancarias con recursos de procedencia, supuestamente il\u00edcita- presenta su renuncia al cargo al Presidente de la Rep\u00fablica Andr\u00e9s Manuel L\u00f3pez Obrador y en lugar de que no se le acepte, se permite que \u2013 como las sirvientas, abandone la casa-, cuando lo<span class=\"Apple-converted-space\">\u00a0 <\/span>procedente era abrir un juicio de procedencia y quitarle el fuero para que la C\u00e1mara de Diputados y Senadores cumplir\u00e1n con su deber y al no hacerlo as\u00ed, ese hecho, evidencia la existencia<span class=\"Apple-converted-space\">\u00a0 <\/span>de<span class=\"Apple-converted-space\">\u00a0 <\/span>complicidad del Estado Mexicano, luego entonces, el narco-estado se consolida, si se analiza, tambi\u00e9n, el exgobernador Cabeza de Vaca, que sin fuero, la Suprema Corte, impide que se le juzgue, ahora el ministro Gonz\u00e1lez Alc\u00e1ntara propuesto por L\u00f3pez Obrador para ocupar ese cargo, que fue quien dej\u00f3 sin efectos la \u00f3rden de captura, debe estar feliz con los seiscientos mil pesos y otros privilegios que se auto aplican, en aras de esa autonom\u00eda para el robo legal.<\/strong><\/span><\/p>\n<p class=\"p1\"><span style=\"font-size: 14pt;\">Esa tesis es una aut\u00e9ntica agresi\u00f3n contra los intereses de la naci\u00f3n fue aprobada por la segunda sala que los integran los siguientes ministros: P\u00e9rez Dayan, Franco, Luna Ramos y Yasm\u00edn Esquivel- esta propuesta por L\u00f3pez obrador- es decir, los cinco ministros y despu\u00e9s se llev\u00f3 al pleno y ahora es jurisprudencia de observancia para magistrados y jueces, es decir, la haza\u00f1a jur\u00eddica de los once ministros, sirve ahora para que las esposa de Garc\u00eda Luna y otros criminales se sientan arropados por ese suprema Corte ,que en la historia de M\u00e9xico muy pocas o ninguna resoluci\u00f3n se encamina a proteger al pueblo.<\/span><\/p>\n<p>&nbsp;<\/p>\n<p><img loading=\"lazy\" decoding=\"async\" class=\"aligncenter wp-image-16601 size-large\" src=\"https:\/\/politicosaldesnudo.com.mx\/wp-content\/uploads\/2023\/02\/P-MEDINA-MORA-AMLO-1024x573.png\" alt=\"\" width=\"800\" height=\"448\" \/><\/p>\n<p>&nbsp;<\/p>\n<p class=\"p1\"><span style=\"font-size: 18pt; color: #e42d33;\"><strong>Y m\u00e1s a\u00fan cuando Medina Mora tiene un historial ominoso y amenazante para la naci\u00f3n, pues como dijo un fiscal o senador de Estados Unidos que Garc\u00eda Luna era un traidor a M\u00e9xico, luego<span class=\"Apple-converted-space\">\u00a0 <\/span>entonces , los que propiciaron la huida del ex ministro- por acci\u00f3n u omisi\u00f3n- se encuentran en esa tesitura, pues<span class=\"Apple-converted-space\">\u00a0 <\/span>ese ministro fue propuesto para ese cargo por<span class=\"Apple-converted-space\">\u00a0 <\/span>Enrique Pe\u00f1a Nieto, cuando ya estaba marcado por haber colaborado como procurador general de la Rep\u00fablica con Vicente Fox y en la polic\u00eda judicial federal y que, existe una sentencia de la Corte Interamericana de Derechos Humanos, que a\u00fan no se cumple en todas sus formas, por la violaci\u00f3n a once mujeres en el caso del fallido aeropuerto de Texcoco, en donde est\u00e1 involucrado el entonces gobernador del Estado de M\u00e9xico Pe\u00f1a Nieto.<\/strong><\/span><\/p>\n<p class=\"p1\"><span style=\"font-size: 14pt;\">Medina Mora fue embajador de M\u00e9xico en Inglaterra y luego en Estados Unidos, &#8211; en ese entonces se conoce<span class=\"Apple-converted-space\">\u00a0 <\/span>el manejo o transferencias<span class=\"Apple-converted-space\">\u00a0 <\/span>de recursos sospechosas- , sin embargo,<span class=\"Apple-converted-space\">\u00a0 <\/span>el presidente Pe\u00f1a Nieto violando el Art\u00edculo 95 constitucional en su forma m\u00e1s amplia, -no gozaba de buena reputaci\u00f3n y no resid\u00eda en el pa\u00eds durante dos a\u00f1os anteriores a su designaci\u00f3n- fracciones IV y V- , sin que<span class=\"Apple-converted-space\">\u00a0 <\/span>se escuchara un voz de protesta y los dem\u00e1s togados, en el silencio del servilismo, como garantes, seg\u00fan manifiestan, en la defensa de ese ordenamiento que juraron<span class=\"Apple-converted-space\">\u00a0 <\/span>cumplir y hacer cumplir, emitieran una m\u00ednima que o malestar, pues la connivencia los agrupa.<\/span><\/p>\n<p class=\"p1\"><span style=\"font-size: 14pt;\">As\u00ed las cosas no hay que sorprendernos si Garc\u00eda Luna canta o no, porque ser\u00e1 un testigo de o\u00eddas y esos no nos gusta y m\u00e1s que entre la c\u00fapula, no se expide recibo o se filma, salvo por supuesto que lo haga el propio gobierno con el excelente equipo de<span class=\"Apple-converted-space\">\u00a0 <\/span>inteligencia que adquiri\u00f3 ese atracador p\u00fablico que ahora espera una sentencia por m\u00e1s de cinco delitos, que lo pueden llevar a la cadena perpetua, pero nos quejamos porque no lo hizo el actual gobierno de M\u00e9xico, cuando vemos que los dos \u00faltimos del PAN su signo es la corrupci\u00f3n que se acrecent\u00f3 con el pr\u00edista Pe\u00f1a Nieto.<\/span><\/p>\n<p class=\"p1\"><span style=\"font-size: 18pt;\"><strong>Si el cinismo llega a estos extremos, esperemos pacientemente que se sigan dando los acontecimientos y veremos que el comportamiento de criminales embozados no tiene l\u00edmites, pues hoy gritan contra el ladr\u00f3n cuando, el que no es c\u00f3mplice es complaciente, de ah\u00ed, que si apena ahora vemos que se empieza<span class=\"Apple-converted-space\">\u00a0 <\/span>a medio ver la luz al final del t\u00fanel , se tiene que actuar con urgencia contra los que aplican las decisiones de las jurisprudencia que expide la corte de la naci\u00f3n que solo tienen un prop\u00f3sito, proteger a los grandes traficantes, pues el hecho de impedir que el estado mexicano congele las cuentas de traficantes<span class=\"Apple-converted-space\">\u00a0 <\/span>de cuello blanco, solo si lo solicita un gobierno extranjero, es de la mayor gravedad y sumisi\u00f3n a las mafias que existen en el mundo y que se aprovechan de las naciones<span class=\"Apple-converted-space\">\u00a0 <\/span>pobres para saquearlas y explotarlas.<\/strong><\/span><\/p>\n<p>&nbsp;<\/p>\n<hr \/>\n<p>&nbsp;<\/p>\n<p><span style=\"font-size: 18pt;\"><strong>Correo:<a href=\"mailto:limacobos@hotmail.com\"> limacobos@hotmail.com<\/a><\/strong><\/span><\/p>\n<p><span style=\"font-size: 18pt;\"><strong>Twitter: <a href=\"https:\/\/twitter.com\/limacobos1\">@limacobos1<\/a><\/strong><\/span><\/p>\n<p>&nbsp;<\/p>\n<p><img loading=\"lazy\" decoding=\"async\" class=\"aligncenter wp-image-11449\" src=\"http:\/\/noticiasveracruz.com\/wp-content\/uploads\/2023\/01\/FIRMA-EDITORIAL-NV-300x37.png\" alt=\"\" width=\"1000\" height=\"122\" srcset=\"https:\/\/noticiasveracruz.com\/wp-content\/uploads\/2023\/01\/FIRMA-EDITORIAL-NV-300x37.png 300w, https:\/\/noticiasveracruz.com\/wp-content\/uploads\/2023\/01\/FIRMA-EDITORIAL-NV-1024x125.png 1024w, https:\/\/noticiasveracruz.com\/wp-content\/uploads\/2023\/01\/FIRMA-EDITORIAL-NV-768x94.png 768w, https:\/\/noticiasveracruz.com\/wp-content\/uploads\/2023\/01\/FIRMA-EDITORIAL-NV-1536x188.png 1536w, https:\/\/noticiasveracruz.com\/wp-content\/uploads\/2023\/01\/FIRMA-EDITORIAL-NV-2048x250.png 2048w\" sizes=\"auto, (max-width: 1000px) 100vw, 1000px\" \/><\/p>\n<p>&nbsp;<\/p>\n<p>&nbsp;<\/p>\n<p>&nbsp;<\/p>\n<p>&nbsp;<\/p>\n<p>&nbsp;<\/p>\n<p>&nbsp;<\/p>\n<p>&nbsp;<\/p>\n<p>&nbsp;<\/p>\n<p>&nbsp;<\/p>\n<p>&nbsp;<\/p>\n<p>&nbsp;<\/p>\n","protected":false},"excerpt":{"rendered":"<p>&nbsp; Por Jos\u00e9 Lima Cobos No pueden alegar ignorancia y menos llamarse ha robados, los ex presidentes Fox, Calder\u00f3n y<\/p>\n","protected":false},"author":4,"featured_media":3425,"comment_status":"closed","ping_status":"closed","sticky":false,"template":"","format":"standard","meta":{"colormag_page_container_layout":"default_layout","colormag_page_sidebar_layout":"default_layout","_jetpack_memberships_contains_paid_content":false,"footnotes":"","jetpack_publicize_message":"","jetpack_publicize_feature_enabled":true,"jetpack_social_post_already_shared":true,"jetpack_social_options":{"image_generator_settings":{"template":"highway","default_image_id":0,"font":"","enabled":false},"version":2}},"categories":[6],"tags":[2162,2161,1592,586,2099,502],"class_list":["post-13190","post","type-post","status-publish","format-standard","has-post-thumbnail","hentry","category-columnistas","tag-calderon","tag-fox","tag-genaro-garcia-luna","tag-lopez-obrador","tag-medina-mora","tag-suprema-corte-de-justicia"],"jetpack_publicize_connections":[],"jetpack_featured_media_url":"https:\/\/noticiasveracruz.com\/wp-content\/uploads\/2022\/04\/NV-JOSE\u0301-LUIS-COBOS.png","jetpack_sharing_enabled":true,"publishpress_future_action":{"enabled":false,"date":"2026-05-05 19:57:02","action":"change-status","newStatus":"draft","terms":[],"taxonomy":"category","extraData":[]},"publishpress_future_workflow_manual_trigger":{"enabledWorkflows":[]},"_links":{"self":[{"href":"https:\/\/noticiasveracruz.com\/index.php\/wp-json\/wp\/v2\/posts\/13190","targetHints":{"allow":["GET"]}}],"collection":[{"href":"https:\/\/noticiasveracruz.com\/index.php\/wp-json\/wp\/v2\/posts"}],"about":[{"href":"https:\/\/noticiasveracruz.com\/index.php\/wp-json\/wp\/v2\/types\/post"}],"author":[{"embeddable":true,"href":"https:\/\/noticiasveracruz.com\/index.php\/wp-json\/wp\/v2\/users\/4"}],"replies":[{"embeddable":true,"href":"https:\/\/noticiasveracruz.com\/index.php\/wp-json\/wp\/v2\/comments?post=13190"}],"version-history":[{"count":0,"href":"https:\/\/noticiasveracruz.com\/index.php\/wp-json\/wp\/v2\/posts\/13190\/revisions"}],"wp:featuredmedia":[{"embeddable":true,"href":"https:\/\/noticiasveracruz.com\/index.php\/wp-json\/wp\/v2\/media\/3425"}],"wp:attachment":[{"href":"https:\/\/noticiasveracruz.com\/index.php\/wp-json\/wp\/v2\/media?parent=13190"}],"wp:term":[{"taxonomy":"category","embeddable":true,"href":"https:\/\/noticiasveracruz.com\/index.php\/wp-json\/wp\/v2\/categories?post=13190"},{"taxonomy":"post_tag","embeddable":true,"href":"https:\/\/noticiasveracruz.com\/index.php\/wp-json\/wp\/v2\/tags?post=13190"}],"curies":[{"name":"wp","href":"https:\/\/api.w.org\/{rel}","templated":true}]}}