{"id":13182,"date":"2023-02-27T00:21:09","date_gmt":"2023-02-27T06:21:09","guid":{"rendered":"https:\/\/noticiasveracruz.com\/?p=13182"},"modified":"2023-02-26T22:01:25","modified_gmt":"2023-02-27T04:01:25","slug":"el-karma","status":"publish","type":"post","link":"https:\/\/noticiasveracruz.com\/index.php\/2023\/02\/27\/el-karma\/","title":{"rendered":"El karma"},"content":{"rendered":"<p>&nbsp;<\/p>\n<p class=\"p1\"><span style=\"font-size: 18pt;\"><b>Por Ricardo Homs<\/b><\/span><\/p>\n<p class=\"p1\"><span style=\"font-size: 14pt;\">El descubrimiento de que la ministra de la SCJN, -Yasm\u00edn Esquivel Mossa-, no s\u00f3lo est\u00e1 enfrentando un procedimiento acad\u00e9mico por el posible plagio de su tesis de licenciatura en la UNAM, sino que ahora el peri\u00f3dico El Pa\u00eds da a conocer en su edici\u00f3n del 24 de febrero el posible plagio de la tesis con la que la ministra obtuvo en 2009 su doctorado en la Universidad An\u00e1huac, pone una dura prueba a la reputaci\u00f3n de la ministra.<\/span><\/p>\n<p class=\"p1\"><span style=\"font-size: 14pt;\">El reportaje menciona que 209 de las 456 p\u00e1ginas de su texto titulado \u201cLos derechos fundamentales en el sistema jur\u00eddico mexicano y su defensa\u201d, se derivan de trabajos publicados por 12 autores, entre los que se cuentan un ex rector de la UNAM, un exministro de cultura de Espa\u00f1a, un expresidente del Tribunal Supremo de Espa\u00f1a, un expresidente de la Corte Interamericana de Derechos Humanos, adem\u00e1s de otros juristas mexicanos, espa\u00f1oles, italianos y alemanes.<\/span><\/p>\n<p class=\"p1\"><span style=\"font-size: 14pt;\">Aunque la ministra ha querido minimizar el hecho como una falta de cuidado a las normas editoriales al no \u201centrecomillar\u201d los textos ajenos, algunos de los agraviados, -como el abogado y acad\u00e9mico Miguel Carbonell, uno de los juristas plagiados-, ha dimensionado el hecho, como no haber dado cr\u00e9dito a los autores de las citas, lo cual significa apropiarse del trabajo ajeno y del esfuerzo de investigaci\u00f3n y estudio que hay detr\u00e1s de cada texto plagiado. <\/span><\/p>\n<p class=\"p1\"><span style=\"font-size: 14pt;\">No es lo mismo enfrentar a un abogado vulnerable como Edgar B\u00e1ez, -autor de la otra versi\u00f3n de la tesis de licenciatura-, que a estos personajes prestigiados, con credibilidad y relaciones pol\u00edticas e institucionales, que no estar\u00e1n dispuestos a regalar su esfuerzo. <\/span><\/p>\n<p class=\"p1\"><span style=\"font-size: 14pt;\">El esc\u00e1ndalo puede ser may\u00fasculo por estar involucrados personajes de alt\u00edsimo nivel gubernamental y acad\u00e9mico, nacionales y extranjeros, que es imposible que se intimiden frente al poder pol\u00edtico de la ministra.<\/span><\/p>\n<p class=\"p1\"><span style=\"font-size: 14pt;\">Podr\u00edamos conceder, que de comprobarse el plagio de la tesis de licenciatura, con benevolencia acreditar que este fue un error de juventud. Sin embargo, de comprobarse el plagio de la tesis doctoral en 2009, -o sea 22 a\u00f1os despu\u00e9s-, cuando ella ya era una funcionaria de alto nivel jer\u00e1rquico, pues el mismo a\u00f1o, -2009-, fue nombrada magistrada del Tribunal de lo Contencioso Administrativo del Distrito Federal y en 2012, -tres a\u00f1os despu\u00e9s-, presidenta de dicho tribunal, la responsabilidad es mayor y la gravedad de la falta, injustificable.<\/span><\/p>\n<p class=\"p1\"><span style=\"font-size: 14pt;\">Lo que podr\u00eda considerarse error de juventud en la licenciatura, es inaceptable en una funcionaria de alt\u00edsimo nivel, encargada de impartir justicia.<\/span><\/p>\n<p class=\"p1\"><span style=\"font-size: 14pt;\">Este nuevo esc\u00e1ndalo va a pegar en la 4T, por la cercan\u00eda de la ministra con el presidente, y a que este en su ma\u00f1anera, ante un comentario de un periodista, de modo despectivo, -a su estilo-, minimiz\u00f3 el hecho diciendo que esta informaci\u00f3n \u201cya no da nota\u201d.<\/span><\/p>\n<p class=\"p1\"><span style=\"font-size: 14pt;\">Esperemos que este caso siente el precedente de la urgente necesidad de verificar trayectorias de candidatos a cargos donde se tomen decisiones relevantes para nuestro pa\u00eds, donde la \u00e9tica y los valores morales, son fundamentales. <\/span><\/p>\n<p class=\"p1\"><span style=\"font-size: 14pt;\">La selecci\u00f3n de candidatos a consejeros del INE y los ministros de la SCJN, debe ser realizada con supervisi\u00f3n de la misma sociedad civil, para evitar que los intereses de la 4T impongan a los legisladores morenistas la aceptaci\u00f3n de candidatos a funcionarios, a personas cuyo \u00fanico m\u00e9rito sea la sumisi\u00f3n absoluta y vergonzosa al inquilino del Palacio nacional.<\/span><\/p>\n<p class=\"p1\"><span style=\"font-size: 14pt;\">Este caso de la ministra Esquivel pone de relieve que ya vivimos en el mundo de la \u201chuella digital\u201d, donde nada se puede ocultar de la mirada p\u00fablica.<\/span><\/p>\n<p class=\"p1\"><span style=\"font-size: 14pt;\">Sin embargo, quienes nos gobiernan y la clase pol\u00edtica mexicana, no entienden que el mundo cambi\u00f3 y ya no hay nada que se pueda ocultar de la mirada p\u00fablica. Por ello los pol\u00edticos de hoy han perdido credibilidad y autoridad. Todo queda registrado en la nube y lo que dijeron o hicieron hace varios a\u00f1os, qued\u00f3 almacenado en la huella digital y cualquier experto en inform\u00e1tica lo puede descubrir f\u00e1cilmente a trav\u00e9s de descifrar algoritmos.<\/span><\/p>\n<p class=\"p1\"><span style=\"font-size: 14pt;\">Por ello la parte oscura del camino hacia el poder de muchas personas p\u00fablicas hoy se est\u00e1 haciendo evidente y ello genera esc\u00e1ndalos que les restan autoridad.<\/span><\/p>\n<p class=\"p1\"><span style=\"font-size: 14pt;\">Los pol\u00edticos y gobernantes del futuro ser\u00e1n los que logren llevar una vida coherente, en lo p\u00fablico y en lo privado, para resistir la mirada de una ciudadan\u00eda empoderada que no acepta mentiras.<\/span><\/p>\n<p class=\"p1\"><span style=\"font-size: 14pt;\">El mayor capital pol\u00edtico ser\u00e1 una vida ordenada, honorable y una reputaci\u00f3n capaz de resistir cualquier investigaci\u00f3n en la memoria colectiva, alojada en la huella digital.<\/span><\/p>\n<p>&nbsp;<\/p>\n<p class=\"p1\"><span style=\"font-size: 18pt; color: #e42d33;\"><b>EL NUEVO CONFLICTO<\/b><\/span><\/p>\n<p class=\"p1\"><span style=\"font-size: 14pt;\">Que la FGR manifieste que proceder\u00e1 penalmente contra el juez Roberto Paredes Goroztieta, -quien absolvi\u00f3 a Rosario Robles por la \u201cEstafa Maestra\u201d-, e impugnar\u00e1 esta decisi\u00f3n, podr\u00eda interpretarse como una toma de postura de la FGR, sum\u00e1ndose a la confrontaci\u00f3n del Poder Ejecutivo en contra del Poder Judicial y de la nueva gesti\u00f3n de la ministra presidenta Norma Pi\u00f1a.<\/span><\/p>\n<p class=\"p1\"><span style=\"font-size: 14pt;\">Los jueces dependen de la Judicatura Federal y \u00e9sta, est\u00e1 encabezada tambi\u00e9n por la ministra Norma Pi\u00f1a.<\/span><\/p>\n<p class=\"p1\"><span style=\"font-size: 14pt;\">Habr\u00e1 que ver si el Poder Judicial deja solo al juez frente al acoso de la FGR, -como estaba sucediendo en la administraci\u00f3n del ministro presidente Zald\u00edvar-, o exige el respeto a su independencia, manifestada en la aceptaci\u00f3n de las resoluciones de los jueces. La moneda est\u00e1 en el aire.\u00a0<\/span><\/p>\n<p>&nbsp;<\/p>\n<p>&nbsp;<\/p>\n<p class=\"p1\"><span style=\"font-size: 18pt;\"><strong>\u00bfA usted qu\u00e9 le parece?<\/strong><\/span><\/p>\n<p>&nbsp;<\/p>\n<hr \/>\n<p>&nbsp;<\/p>\n<p class=\"p1\"><span style=\"font-size: 18pt;\"><strong>Facebook:<a href=\"https:\/\/www.facebook.com\/Ricardo.Homs1\">@Ricardo.Homs1<\/a><\/strong><\/span><\/p>\n<p class=\"p1\"><span style=\"font-size: 18pt;\"><strong>Twitter:\u00a0<\/strong><a href=\"https:\/\/twitter.com\/homsricardo\"><strong>@homsricardo<\/strong><\/a><\/span><\/p>\n<p class=\"p1\"><span style=\"font-size: 18pt;\"><strong>Linkedin:\u00a0<a href=\"https:\/\/www.linkedin.com\/in\/ricardo-homs-3920449\/?originalSubdomain=mx\">RicardoHoms<\/a><\/strong><\/span><\/p>\n<p class=\"p1\"><span style=\"font-size: 18pt;\"><a href=\"https:\/\/ricardohoms.com\/\"><strong>www.ricardohoms.com<\/strong><\/a><\/span><\/p>\n<p>&nbsp;<\/p>\n<p><img loading=\"lazy\" decoding=\"async\" class=\"aligncenter wp-image-11449\" src=\"http:\/\/noticiasveracruz.com\/wp-content\/uploads\/2023\/01\/FIRMA-EDITORIAL-NV-300x37.png\" alt=\"\" width=\"1000\" height=\"122\" srcset=\"https:\/\/noticiasveracruz.com\/wp-content\/uploads\/2023\/01\/FIRMA-EDITORIAL-NV-300x37.png 300w, https:\/\/noticiasveracruz.com\/wp-content\/uploads\/2023\/01\/FIRMA-EDITORIAL-NV-1024x125.png 1024w, https:\/\/noticiasveracruz.com\/wp-content\/uploads\/2023\/01\/FIRMA-EDITORIAL-NV-768x94.png 768w, https:\/\/noticiasveracruz.com\/wp-content\/uploads\/2023\/01\/FIRMA-EDITORIAL-NV-1536x188.png 1536w, https:\/\/noticiasveracruz.com\/wp-content\/uploads\/2023\/01\/FIRMA-EDITORIAL-NV-2048x250.png 2048w\" sizes=\"auto, (max-width: 1000px) 100vw, 1000px\" \/><\/p>\n<p>&nbsp;<\/p>\n<p>&nbsp;<\/p>\n<p>&nbsp;<\/p>\n<p>&nbsp;<\/p>\n<p>&nbsp;<\/p>\n<p>&nbsp;<\/p>\n<p>&nbsp;<\/p>\n","protected":false},"excerpt":{"rendered":"<p>&nbsp; Por Ricardo Homs El descubrimiento de que la ministra de la SCJN, -Yasm\u00edn Esquivel Mossa-, no s\u00f3lo est\u00e1 enfrentando<\/p>\n","protected":false},"author":4,"featured_media":3190,"comment_status":"closed","ping_status":"closed","sticky":false,"template":"","format":"standard","meta":{"colormag_page_container_layout":"default_layout","colormag_page_sidebar_layout":"default_layout","_jetpack_memberships_contains_paid_content":false,"footnotes":"","jetpack_publicize_message":"","jetpack_publicize_feature_enabled":true,"jetpack_social_post_already_shared":true,"jetpack_social_options":{"image_generator_settings":{"template":"highway","default_image_id":0,"font":"","enabled":false},"version":2}},"categories":[6],"tags":[],"class_list":["post-13182","post","type-post","status-publish","format-standard","has-post-thumbnail","hentry","category-columnistas"],"jetpack_publicize_connections":[],"jetpack_featured_media_url":"https:\/\/noticiasveracruz.com\/wp-content\/uploads\/2022\/04\/NV-RICARDO-HOMS.png","jetpack_sharing_enabled":true,"publishpress_future_action":{"enabled":false,"date":"2026-05-05 20:53:33","action":"change-status","newStatus":"draft","terms":[],"taxonomy":"category","extraData":[]},"publishpress_future_workflow_manual_trigger":{"enabledWorkflows":[]},"_links":{"self":[{"href":"https:\/\/noticiasveracruz.com\/index.php\/wp-json\/wp\/v2\/posts\/13182","targetHints":{"allow":["GET"]}}],"collection":[{"href":"https:\/\/noticiasveracruz.com\/index.php\/wp-json\/wp\/v2\/posts"}],"about":[{"href":"https:\/\/noticiasveracruz.com\/index.php\/wp-json\/wp\/v2\/types\/post"}],"author":[{"embeddable":true,"href":"https:\/\/noticiasveracruz.com\/index.php\/wp-json\/wp\/v2\/users\/4"}],"replies":[{"embeddable":true,"href":"https:\/\/noticiasveracruz.com\/index.php\/wp-json\/wp\/v2\/comments?post=13182"}],"version-history":[{"count":0,"href":"https:\/\/noticiasveracruz.com\/index.php\/wp-json\/wp\/v2\/posts\/13182\/revisions"}],"wp:featuredmedia":[{"embeddable":true,"href":"https:\/\/noticiasveracruz.com\/index.php\/wp-json\/wp\/v2\/media\/3190"}],"wp:attachment":[{"href":"https:\/\/noticiasveracruz.com\/index.php\/wp-json\/wp\/v2\/media?parent=13182"}],"wp:term":[{"taxonomy":"category","embeddable":true,"href":"https:\/\/noticiasveracruz.com\/index.php\/wp-json\/wp\/v2\/categories?post=13182"},{"taxonomy":"post_tag","embeddable":true,"href":"https:\/\/noticiasveracruz.com\/index.php\/wp-json\/wp\/v2\/tags?post=13182"}],"curies":[{"name":"wp","href":"https:\/\/api.w.org\/{rel}","templated":true}]}}