{"id":13178,"date":"2023-02-27T00:19:11","date_gmt":"2023-02-27T06:19:11","guid":{"rendered":"https:\/\/noticiasveracruz.com\/?p=13178"},"modified":"2023-02-26T21:53:34","modified_gmt":"2023-02-27T03:53:34","slug":"sombras-de-luna","status":"publish","type":"post","link":"https:\/\/noticiasveracruz.com\/index.php\/2023\/02\/27\/sombras-de-luna\/","title":{"rendered":"Sombras de Luna"},"content":{"rendered":"<p>&nbsp;<\/p>\n<p class=\"p1\"><span style=\"font-size: 18pt;\"><b>Por Zaira Rosas<\/b><\/span><\/p>\n<p class=\"p1\"><span style=\"font-size: 14pt;\">En 2019 comenz\u00f3 un cap\u00edtulo que comprobaba diversos se\u00f1alamientos al sexenio de Felipe Calder\u00f3n, su fallida estrategia de seguridad en realidad ten\u00eda un v\u00ednculo muy cercano con el narcotr\u00e1fico. Pues el encargado de la Secretar\u00eda de Seguridad P\u00fablica durante su administraci\u00f3n, Genaro Garc\u00eda Luna era detenido en Estados Unidos por cargos relacionados al tr\u00e1fico de drogas en el periodo de 2006-2012, entre los que destacaban la recepci\u00f3n de sobornos millonarios por parte del Cartel de Sinaloa, a cargo de El Chapo Guzm\u00e1n. A cambio de esos sobornos el Cartel ten\u00eda informaci\u00f3n privilegiada de investigaciones, acceso a v\u00edas seguras para el tr\u00e1fico de drogas y quiz\u00e1s protecci\u00f3n. <\/span><\/p>\n<p class=\"p1\"><span style=\"font-size: 14pt;\">Esta teor\u00eda se ha presentado en obras literarias como \u201clos corruptores\u201d, se ha plasmado en series de televisi\u00f3n como \u201cnarcos\u201d y fue repetida incansables veces por los grupos de oposici\u00f3n del Partido Acci\u00f3n Nacional, sin embargo una vez m\u00e1s la realidad de M\u00e9xico ha superado la ficci\u00f3n, no se trata s\u00f3lo de un episodio donde el h\u00e9roe se convierte en antih\u00e9roe, sino de un personaje clave en la pol\u00edtica del pa\u00eds que ha estado ligado a m\u00e1s de una figura de liderazgo en M\u00e9xico y a la par con el crimen organizado. <\/span><\/p>\n<p class=\"p1\"><span style=\"font-size: 14pt;\">M\u00e1s de tres a\u00f1os despu\u00e9s de su detenci\u00f3n, Genaro Garc\u00eda Luna es declarado culpable, esto evidentemente debilita a\u00fan m\u00e1s a la posible oposici\u00f3n del gobierno en turno, pero tambi\u00e9n es una clara se\u00f1al de alerta, no s\u00f3lo para Felipe Calder\u00f3n, quien fung\u00eda como presidente de la Rep\u00fablica en ese periodo. Es una alerta para M\u00e9xico, porque demuestra los nexos que cualquier gobierno puede tener, mediante los cuales el poder no estar\u00eda en manos del Estado, sino del crimen organizado. Si la seguridad del pa\u00eds est\u00e1 al servicio de los criminales y no de los ciudadanos, probablemente no sea el \u00fanico espacio de control y soborno donde los narcotraficantes est\u00e1n ganando espacio. <\/span><\/p>\n<p class=\"p1\"><span style=\"font-size: 14pt;\">Las declaraciones que anta\u00f1o resultaban inveros\u00edmiles se han comprobado mediante m\u00faltiples investigaciones, dejando ver que adem\u00e1s de los sobornos se logr\u00f3 un enriquecimiento il\u00edcito mediante el modus operandi favorito tambi\u00e9n del sexenio de Enrique Pe\u00f1a Nieto,<span class=\"Apple-converted-space\">\u00a0 <\/span>las empresas fantasma y contratos triangulados que sirven para que los recursos p\u00fablicos terminen en cuentas de quienes est\u00e1n en el poder, pr\u00e1ctica tan conocida que a\u00fan en algunos espacios sigue vigente, pues las licitaciones siguen favoreciendo a los allegados de gobernantes en turno. <\/span><\/p>\n<p class=\"p1\"><span style=\"font-size: 14pt;\">La condena de Genaro Garc\u00eda Luna puede ir desde 20 a\u00f1os en prisi\u00f3n hasta la cadena perpetua, a lo cual considerando toda la informaci\u00f3n que puede brindar quiz\u00e1s se sume una nueva oportunidad de negociaci\u00f3n como las que se le presentaron desde su detenci\u00f3n, mismas que rechaz\u00f3 confiando en que podr\u00edan declararlo inocente. Ahora con la sentencia encima tendr\u00e1 que replantear su postura. Tras la sentencia vendr\u00e1n otras preguntas, si el entonces Secretario de Seguridad era tan cercano a los criminales, \u00bfQui\u00e9n m\u00e1s ten\u00eda estos nexos?, \u00bfPor qu\u00e9 si se sab\u00eda de los v\u00ednculos no se le ped\u00eda la renuncia? Tal como ocurri\u00f3 con El Chapo, comenzar\u00e1n a verse nuevas redes que pongan en la mira a otros personajes. <\/span><\/p>\n<p class=\"p1\"><span style=\"font-size: 14pt;\">Mientras tanto el costo a pagar tambi\u00e9n es pol\u00edtico, si de por s\u00ed la oposici\u00f3n no se vislumbra en estos momentos, este veredicto s\u00f3lo fortalece al gobierno en turno, sin dejar de lado que tambi\u00e9n en la actualidad habr\u00eda que poner especial atenci\u00f3n desde lo local a quienes est\u00e1n gobernando nuestro Pa\u00eds y Estados, pues si lo que se consideraban teor\u00edas resultaron ciertas, hoy en d\u00eda tambi\u00e9n hay personajes en M\u00e9xico que deben explicaciones de su enriquecimiento, su presencia en videos recibiendo maletines de dinero e incluso la cercan\u00eda que puedan tener con criminales. <\/span><\/p>\n<p class=\"p1\"><span style=\"font-size: 14pt;\">La sombra sigue presente, ya que Genaro Garc\u00eda Luna no oper\u00f3 solo y algunos de los personajes vinculados a \u00e9l podr\u00edan estar al frente de la seguridad de \u00e1mbitos locales o estatales, ahora le toca al gobierno actual revisar qui\u00e9nes podr\u00edan seguir ejerciendo su poder como v\u00ednculo de protecci\u00f3n e informaci\u00f3n al crimen organizado, ya que esto tambi\u00e9n fue notorio durante el sexenio de Enrique Pe\u00f1a Nieto. Ahora no basta con discursos de pureza y compromiso, se requieren evidencias de que verdaderamente hay una lucha contra este sistema de corrupci\u00f3n y que esa lucha no sea \u00fanicamente del pa\u00eds vecino. <\/span><\/p>\n<p>&nbsp;<\/p>\n<hr \/>\n<p>&nbsp;<\/p>\n<p><span style=\"font-size: 18pt;\"><b>Correo:\u00a0<a href=\"mailto:zairosas.22@gmail.com\">zairosas.22@gmail.com<\/a><\/b><\/span><\/p>\n<p>&nbsp;<\/p>\n<p><img loading=\"lazy\" decoding=\"async\" class=\"aligncenter wp-image-11449\" src=\"http:\/\/noticiasveracruz.com\/wp-content\/uploads\/2023\/01\/FIRMA-EDITORIAL-NV-300x37.png\" alt=\"\" width=\"1000\" height=\"122\" srcset=\"https:\/\/noticiasveracruz.com\/wp-content\/uploads\/2023\/01\/FIRMA-EDITORIAL-NV-300x37.png 300w, https:\/\/noticiasveracruz.com\/wp-content\/uploads\/2023\/01\/FIRMA-EDITORIAL-NV-1024x125.png 1024w, https:\/\/noticiasveracruz.com\/wp-content\/uploads\/2023\/01\/FIRMA-EDITORIAL-NV-768x94.png 768w, https:\/\/noticiasveracruz.com\/wp-content\/uploads\/2023\/01\/FIRMA-EDITORIAL-NV-1536x188.png 1536w, https:\/\/noticiasveracruz.com\/wp-content\/uploads\/2023\/01\/FIRMA-EDITORIAL-NV-2048x250.png 2048w\" sizes=\"auto, (max-width: 1000px) 100vw, 1000px\" \/><\/p>\n<p>&nbsp;<\/p>\n<p>&nbsp;<\/p>\n<p>&nbsp;<\/p>\n<p>&nbsp;<\/p>\n","protected":false},"excerpt":{"rendered":"<p>&nbsp; Por Zaira Rosas En 2019 comenz\u00f3 un cap\u00edtulo que comprobaba diversos se\u00f1alamientos al sexenio de Felipe Calder\u00f3n, su fallida<\/p>\n","protected":false},"author":4,"featured_media":3552,"comment_status":"closed","ping_status":"closed","sticky":false,"template":"","format":"standard","meta":{"colormag_page_container_layout":"default_layout","colormag_page_sidebar_layout":"default_layout","_jetpack_memberships_contains_paid_content":false,"footnotes":"","jetpack_publicize_message":"","jetpack_publicize_feature_enabled":true,"jetpack_social_post_already_shared":true,"jetpack_social_options":{"image_generator_settings":{"template":"highway","default_image_id":0,"font":"","enabled":false},"version":2}},"categories":[6],"tags":[],"class_list":["post-13178","post","type-post","status-publish","format-standard","has-post-thumbnail","hentry","category-columnistas"],"jetpack_publicize_connections":[],"jetpack_featured_media_url":"https:\/\/noticiasveracruz.com\/wp-content\/uploads\/2022\/04\/NV-ZAIRA-ROSAS.png","jetpack_sharing_enabled":true,"publishpress_future_action":{"enabled":false,"date":"2026-05-05 21:09:03","action":"change-status","newStatus":"draft","terms":[],"taxonomy":"category","extraData":[]},"publishpress_future_workflow_manual_trigger":{"enabledWorkflows":[]},"_links":{"self":[{"href":"https:\/\/noticiasveracruz.com\/index.php\/wp-json\/wp\/v2\/posts\/13178","targetHints":{"allow":["GET"]}}],"collection":[{"href":"https:\/\/noticiasveracruz.com\/index.php\/wp-json\/wp\/v2\/posts"}],"about":[{"href":"https:\/\/noticiasveracruz.com\/index.php\/wp-json\/wp\/v2\/types\/post"}],"author":[{"embeddable":true,"href":"https:\/\/noticiasveracruz.com\/index.php\/wp-json\/wp\/v2\/users\/4"}],"replies":[{"embeddable":true,"href":"https:\/\/noticiasveracruz.com\/index.php\/wp-json\/wp\/v2\/comments?post=13178"}],"version-history":[{"count":0,"href":"https:\/\/noticiasveracruz.com\/index.php\/wp-json\/wp\/v2\/posts\/13178\/revisions"}],"wp:featuredmedia":[{"embeddable":true,"href":"https:\/\/noticiasveracruz.com\/index.php\/wp-json\/wp\/v2\/media\/3552"}],"wp:attachment":[{"href":"https:\/\/noticiasveracruz.com\/index.php\/wp-json\/wp\/v2\/media?parent=13178"}],"wp:term":[{"taxonomy":"category","embeddable":true,"href":"https:\/\/noticiasveracruz.com\/index.php\/wp-json\/wp\/v2\/categories?post=13178"},{"taxonomy":"post_tag","embeddable":true,"href":"https:\/\/noticiasveracruz.com\/index.php\/wp-json\/wp\/v2\/tags?post=13178"}],"curies":[{"name":"wp","href":"https:\/\/api.w.org\/{rel}","templated":true}]}}