{"id":13175,"date":"2023-02-27T00:17:22","date_gmt":"2023-02-27T06:17:22","guid":{"rendered":"https:\/\/noticiasveracruz.com\/?p=13175"},"modified":"2023-02-26T21:54:55","modified_gmt":"2023-02-27T03:54:55","slug":"todos-con-rocio-menos-uno","status":"publish","type":"post","link":"https:\/\/noticiasveracruz.com\/index.php\/2023\/02\/27\/todos-con-rocio-menos-uno\/","title":{"rendered":"Todos con Roc\u00edo, menos uno"},"content":{"rendered":"<p>&nbsp;<\/p>\n<p class=\"p1\"><span style=\"font-size: 18pt;\"><strong>Por Luis Ram\u00edrez Baqueiro<\/strong><\/span><\/p>\n<p>&nbsp;<\/p>\n<p>&nbsp;<\/p>\n<p style=\"font-weight: 400; text-align: center;\"><em><span style=\"font-size: 18pt;\"><strong>\u201cEl liderazgo es una oportunidad de servir; no de lucirse\u201d <\/strong><\/span><\/em><\/p>\n<p style=\"font-weight: 400; text-align: center;\"><span style=\"font-size: 18pt;\">\u2013 J. Donald Walters \u2013 <\/span><\/p>\n<p style=\"font-weight: 400;\"><strong>\u00a0<\/strong><\/p>\n<p>&nbsp;<\/p>\n<p class=\"p1\"><span style=\"font-size: 14pt;\">Vaya que, en la pol\u00edtica de nuestro querido M\u00e9xico y nuestro amado Veracruz, se dan muchas, pero muchas sorpresas y a veces esas quedan retratadas en una simple postal o fotograf\u00eda.<\/span><\/p>\n<p class=\"p1\"><span style=\"font-size: 14pt;\">Aquella frase del otrora poderos\u00edsimo l\u00edder sindical de la Confederaci\u00f3n de Trabajadores de M\u00e9xico (CTM), Fidel Vel\u00e1zquez S\u00e1nchez pesa y retumba con fuerza, \u201cel que se mueva no sale en la foto\u201d, para referirse aquellos personajes que, en momentos de sucesi\u00f3n en los tiempos del priismo hegem\u00f3nico, se organizaban y se sumaban al proyecto presidencial del tapado, el que se andaba con indefiniciones simplemente quedaba excluido.<\/span><\/p>\n<p class=\"p1\"><span style=\"font-size: 14pt;\">Una imagen publicada este fin de semana \u2013para ser preciso el s\u00e1bado- en las redes sociales del presidente de la Junta de Coordinaci\u00f3n Pol\u00edtica del Congreso, Juan Javier G\u00f3mez Cazar\u00edn evidenci\u00f3 de qu\u00e9 lado masca la iguana, como se afirma coloquialmente, confirmando la firma de lo que ahora se ha dado por llamar como el \u201cPacto de Catemaco\u201d.<\/span><\/p>\n<p class=\"p1\"><span style=\"font-size: 14pt;\">En ella se puede ver una mesa rectangular en donde departen apaciblemente con el fondo espectacular de la Laguna de Catemaco \u2013parte de las instalaciones del Hotel La Finca- al Gobernador Cuitl\u00e1huac Garc\u00eda Jim\u00e9nez, y a su c\u00edrculo m\u00e1s \u00edntimo dialogando con la secretaria de Energ\u00eda, Roc\u00edo Nahle Garc\u00eda.<\/span><\/p>\n<p class=\"p1\"><span style=\"font-size: 14pt;\">La comida o el encuentro evidentemente tuvo como finalidad afinar y acordar detalles de cara al proceso sucesorio del 2024.<\/span><\/p>\n<p>&nbsp;<\/p>\n<p><img loading=\"lazy\" decoding=\"async\" class=\"aligncenter wp-image-16586 size-large\" src=\"https:\/\/politicosaldesnudo.com.mx\/wp-content\/uploads\/2023\/02\/P-REUNION-CATEMACO-1-1024x573.png\" alt=\"\" width=\"800\" height=\"448\" \/><\/p>\n<p>&nbsp;<\/p>\n<p class=\"p1\"><span style=\"font-size: 14pt;\">En la imagen se pueden apreciar la presencia del secretario de Educaci\u00f3n, Zenyazen Escobar Garc\u00eda, Ing. Elio Hern\u00e1ndez Guti\u00e9rrez, Secretario de Infraestructura y Obras P\u00fablicas, al senador Ernesto P\u00e9rez Astorga, al secretario de Desarrollo Econ\u00f3mico y Portuario, Gustavo Nach\u00f3n Garc\u00eda, y al subsecretario de Finanzas y Planeaci\u00f3n, Eleazar Guerrero P\u00e9rez.<\/span><\/p>\n<p class=\"p1\"><span style=\"font-size: 14pt;\">La simple imagen evidencia muchas cosas, por principio de cuenta que las chequeras poderosas del Gobierno Estatal se han puesto a disposici\u00f3n de la propia Secretar\u00eda Roc\u00edo Nahle, para que a trav\u00e9s de las obras y acciones que desarrollan en las dependencias pueda encontrar respaldo y apoyo.<\/span><\/p>\n<p class=\"p1\"><span style=\"font-size: 14pt;\">A su vez, confirma que es ese selecto grupo quien operar\u00e1 a favor de la candidatura de Nahle Garc\u00eda y de ese mismo grupo habr\u00e1n de salir los candidatos a ocupar las posiciones m\u00e1s relevantes en el Senado, la C\u00e1mara de Diputados y el Congreso Local, respetando evidentemente la cuota de paridad de g\u00e9nero que la Ley obliga.<\/span><\/p>\n<p class=\"p1\"><span style=\"font-size: 14pt;\">La imagen retrata tambi\u00e9n el poder de convocatoria de Juan Javier G\u00f3mez Cazar\u00edn al darse el encuentro dentro de su terru\u00f1o de influencia pol\u00edtica, la regi\u00f3n de Los Tuxtlas.<\/span><\/p>\n<p class=\"p1\"><span style=\"font-size: 14pt;\">El gran ausente como era de esperarse, fue el secretario de Gobierno, Eric Patrocinio Cisneros Burgos, a quien la evidente rispidez de su persona en el desempe\u00f1o de sus funciones lo ha llevado a ser literalmente aislado de los proyectos por venir.<\/span><\/p>\n<p class=\"p1\"><span style=\"font-size: 14pt;\">De esta manera se confirma lo que la mayor\u00eda de columnistas y analistas se\u00f1alan, Cisneros Burgos es impresentable en el devenir pol\u00edtico de Veracruz.<\/span><\/p>\n<p class=\"p1\"><span style=\"font-size: 14pt;\">Mucho menos ser\u00eda bien recibido en la merienda de negros que tuvo lugar a la orilla de la laguna de Catemaco, por aquello de que se les pudiera traumatizar, con eso de que se victimiza un d\u00eda s\u00ed y otro tambi\u00e9n con el cuento de su dizque herencia afrodescendiente.\u00a0<\/span><\/p>\n<p>&nbsp;<\/p>\n<p class=\"p1\"><span style=\"font-size: 18pt;\"><strong>Al tiempo.<\/strong><\/span><\/p>\n<p>&nbsp;<\/p>\n<hr \/>\n<p>&nbsp;<\/p>\n<p class=\"p1\"><span style=\"font-size: 18pt;\"><strong>Correo: <a href=\"mailto:astrolabiopoliticomx@gmail.com\">astrolabiopoliticomx@gmail.com<\/a><\/strong><\/span><\/p>\n<p class=\"p1\"><span style=\"font-size: 18pt;\"><strong>Twitter: <a href=\"http:\/\/www.twitter.com\/LuisBaqueiro_mx\">@LuisBaqueiro_mx<\/a><\/strong><\/span><\/p>\n<p>&nbsp;<\/p>\n<p><img loading=\"lazy\" decoding=\"async\" class=\"aligncenter wp-image-11449\" src=\"http:\/\/noticiasveracruz.com\/wp-content\/uploads\/2023\/01\/FIRMA-EDITORIAL-NV-300x37.png\" alt=\"\" width=\"1000\" height=\"122\" srcset=\"https:\/\/noticiasveracruz.com\/wp-content\/uploads\/2023\/01\/FIRMA-EDITORIAL-NV-300x37.png 300w, https:\/\/noticiasveracruz.com\/wp-content\/uploads\/2023\/01\/FIRMA-EDITORIAL-NV-1024x125.png 1024w, https:\/\/noticiasveracruz.com\/wp-content\/uploads\/2023\/01\/FIRMA-EDITORIAL-NV-768x94.png 768w, https:\/\/noticiasveracruz.com\/wp-content\/uploads\/2023\/01\/FIRMA-EDITORIAL-NV-1536x188.png 1536w, https:\/\/noticiasveracruz.com\/wp-content\/uploads\/2023\/01\/FIRMA-EDITORIAL-NV-2048x250.png 2048w\" sizes=\"auto, (max-width: 1000px) 100vw, 1000px\" \/><\/p>\n<p>&nbsp;<\/p>\n<p>&nbsp;<\/p>\n<p>&nbsp;<\/p>\n<p>&nbsp;<\/p>\n<p>&nbsp;<\/p>\n<p>&nbsp;<\/p>\n","protected":false},"excerpt":{"rendered":"<p>&nbsp; Por Luis Ram\u00edrez Baqueiro &nbsp; &nbsp; \u201cEl liderazgo es una oportunidad de servir; no de lucirse\u201d \u2013 J. Donald<\/p>\n","protected":false},"author":4,"featured_media":3572,"comment_status":"closed","ping_status":"closed","sticky":false,"template":"","format":"standard","meta":{"colormag_page_container_layout":"default_layout","colormag_page_sidebar_layout":"default_layout","_jetpack_memberships_contains_paid_content":false,"footnotes":"","jetpack_publicize_message":"","jetpack_publicize_feature_enabled":true,"jetpack_social_post_already_shared":true,"jetpack_social_options":{"image_generator_settings":{"template":"highway","default_image_id":0,"font":"","enabled":false},"version":2}},"categories":[6],"tags":[163,73],"class_list":["post-13175","post","type-post","status-publish","format-standard","has-post-thumbnail","hentry","category-columnistas","tag-rocio-nahle","tag-veracruz"],"jetpack_publicize_connections":[],"jetpack_featured_media_url":"https:\/\/noticiasveracruz.com\/wp-content\/uploads\/2022\/04\/LUIS-RAMI\u0301REZ-BAQUEIRO.png","jetpack_sharing_enabled":true,"publishpress_future_action":{"enabled":false,"date":"2026-05-05 21:26:31","action":"change-status","newStatus":"draft","terms":[],"taxonomy":"category","extraData":[]},"publishpress_future_workflow_manual_trigger":{"enabledWorkflows":[]},"_links":{"self":[{"href":"https:\/\/noticiasveracruz.com\/index.php\/wp-json\/wp\/v2\/posts\/13175","targetHints":{"allow":["GET"]}}],"collection":[{"href":"https:\/\/noticiasveracruz.com\/index.php\/wp-json\/wp\/v2\/posts"}],"about":[{"href":"https:\/\/noticiasveracruz.com\/index.php\/wp-json\/wp\/v2\/types\/post"}],"author":[{"embeddable":true,"href":"https:\/\/noticiasveracruz.com\/index.php\/wp-json\/wp\/v2\/users\/4"}],"replies":[{"embeddable":true,"href":"https:\/\/noticiasveracruz.com\/index.php\/wp-json\/wp\/v2\/comments?post=13175"}],"version-history":[{"count":0,"href":"https:\/\/noticiasveracruz.com\/index.php\/wp-json\/wp\/v2\/posts\/13175\/revisions"}],"wp:featuredmedia":[{"embeddable":true,"href":"https:\/\/noticiasveracruz.com\/index.php\/wp-json\/wp\/v2\/media\/3572"}],"wp:attachment":[{"href":"https:\/\/noticiasveracruz.com\/index.php\/wp-json\/wp\/v2\/media?parent=13175"}],"wp:term":[{"taxonomy":"category","embeddable":true,"href":"https:\/\/noticiasveracruz.com\/index.php\/wp-json\/wp\/v2\/categories?post=13175"},{"taxonomy":"post_tag","embeddable":true,"href":"https:\/\/noticiasveracruz.com\/index.php\/wp-json\/wp\/v2\/tags?post=13175"}],"curies":[{"name":"wp","href":"https:\/\/api.w.org\/{rel}","templated":true}]}}