{"id":13041,"date":"2023-02-22T20:19:58","date_gmt":"2023-02-23T02:19:58","guid":{"rendered":"https:\/\/noticiasveracruz.com\/?p=13041"},"modified":"2023-02-22T20:19:58","modified_gmt":"2023-02-23T02:19:58","slug":"senado-aprueba-plan-b-de-la-reforma-electoral","status":"publish","type":"post","link":"https:\/\/noticiasveracruz.com\/index.php\/2023\/02\/22\/senado-aprueba-plan-b-de-la-reforma-electoral\/","title":{"rendered":"Senado aprueba Plan B de la reforma electoral"},"content":{"rendered":"<p>&nbsp;<\/p>\n<p class=\"p1\"><span style=\"font-size: 14pt;\"><em><strong>CIUDAD DE M\u00c9XICO.<\/strong><\/em> El <strong>Senado de la Rep\u00fablica aprob\u00f3 el llamado Plan B de la reforma electoral<\/strong>, en la cual <strong>qued\u00f3 eliminada la cl\u00e1usula de vida eterna de los partidos sat\u00e9lites<\/strong>. Posteriormente se turn\u00f3 al Ejecutivo Federal para su publicaci\u00f3n en el Diario Oficial de la Federaci\u00f3n.<\/span><\/p>\n<p class=\"p1\"><span style=\"font-size: 18pt;\"><strong>Con 72 votos a favor de Morena, PT, PVEM y PES, avalaron la reforma, mientras que el PAN, PRI, MC, PRD y grupo plural con 50 sufragios en contra.<\/strong><\/span><\/p>\n<p>&nbsp;<\/p>\n<p><img loading=\"lazy\" decoding=\"async\" class=\"aligncenter wp-image-16435 size-large\" src=\"https:\/\/politicosaldesnudo.com.mx\/wp-content\/uploads\/2023\/02\/P-SENADO-PLAN-B-3-1024x573.png\" alt=\"\" width=\"800\" height=\"448\" \/><\/p>\n<p>&nbsp;<\/p>\n<p class=\"p1\"><span style=\"font-size: 18pt;\"><strong>El debate gir\u00f3 en torno a la condena de Genaro Garc\u00eda Luna y dio pie a que Morena y sus aliados reprocharon al PAN su silencio ante la condena del ex secretario de Seguridad en el sexenio de Felipe Calder\u00f3n y advirtieron que en la marcha del pr\u00f3ximo domingo la oposici\u00f3n no s\u00f3lo demandar\u00e1n que el Instituto Nacional Electoral (INE) no se toque, sino tambi\u00e9n que no se toque a quien en Estados Unidos fue sentenciado por ser parte del crimen organizado.<\/strong><\/span><\/p>\n<p class=\"p1\"><span style=\"font-size: 18pt;\"><strong>Al frente de los esca\u00f1os de Morena se colocaron carteles con el logo del PAN junto a la imagen de Garc\u00eda Luna. Los morenistas colocaron adem\u00e1s en el patio y dentro del sal\u00f3n de sesiones, mantas enormes con los mensajes: El INE no se toca. Garc\u00eda Luna no se toca. Calder\u00f3n no se toca. Fox no se toca. Lorenzo no se toca\u201d. Y como remate: \u201cla marcha de la corrupci\u00f3n, la marcha de la impunidad\u201d.<\/strong><\/span><\/p>\n<p>&nbsp;<\/p>\n<p><img loading=\"lazy\" decoding=\"async\" class=\"aligncenter wp-image-16433 size-large\" src=\"https:\/\/politicosaldesnudo.com.mx\/wp-content\/uploads\/2023\/02\/P-SENADO-PLAN-B-1-1024x573.png\" alt=\"\" width=\"800\" height=\"448\" \/><\/p>\n<p>&nbsp;<\/p>\n<p class=\"p1\"><span style=\"font-size: 14pt;\">El dictamen de las Comisiones de Gobernaci\u00f3n y de Estudios Legislativos Segunda, mand\u00f3 a promulgar todo el articulado de la Ley de Instituciones y Procedimientos Electorales (Legipe), de la Ley General de Partidos Pol\u00edticos, de la Ley Org\u00e1nica del Poder Judicial de la Federaci\u00f3n y la Ley de Medios de Impugnaci\u00f3n, excepto el art\u00edculo de la llamada \u201cvida eterna\u201d.<\/span><\/p>\n<p class=\"p1\"><span style=\"font-size: 18pt;\"><strong>Se trata del Art\u00edculo 12 de la Legipe, que permite que los partidos peque\u00f1os puedan conservar el registro, cuando participen en coaliciones, aunque no logren el tres por ciento de la votaci\u00f3n, que qued\u00f3 fuera, y por tanto no tendr\u00e1 vigencia.<\/strong><\/span><\/p>\n<p class=\"p1\"><span style=\"font-size: 14pt;\">La oposici\u00f3n intent\u00f3 que se aprobara en sus t\u00e9rminos la minuta de la C\u00e1mara de Diputados y se eliminara esa cl\u00e1usula, pero Morena y sus aliados mantuvieron el dictamen de las Comisiones de Gobernaci\u00f3n y de Puntos Constitucionales, que opt\u00f3 por mandar a promulgar los art\u00edculos en los que hubo acuerdo en ambas c\u00e1maras y \u201cdejar para discusiones siguientes el 12 de la Legipe.<\/span><\/p>\n<p class=\"p1\"><span style=\"font-size: 18pt;\"><strong>Sin embargo, ese tema apenas se toc\u00f3, la discusi\u00f3n se centr\u00f3 en la reiteraci\u00f3n de PRI, PAN y MC de que la reforma pretende destruir al sistema electoral y robar elecci\u00f3n del 2024 y la respuesta de senadores de Morena fue que la oposici\u00f3n miente, ya que, advirti\u00f3 Citalli Hern\u00e1ndez, van arriba en todas las encuestas.<\/strong><\/span><\/p>\n<p>&nbsp;<\/p>\n<p><img loading=\"lazy\" decoding=\"async\" class=\"aligncenter wp-image-16434 size-large\" src=\"https:\/\/politicosaldesnudo.com.mx\/wp-content\/uploads\/2023\/02\/P-SENADO-PLAN-B-2-1024x573.png\" alt=\"\" width=\"800\" height=\"448\" \/><\/p>\n<p>&nbsp;<\/p>\n<p class=\"p1\"><span style=\"font-size: 14pt;\">Por su parte, el presidente de la Mesa Directiva de la C\u00e1mara Alta, Alejandro Armenta, remiti\u00f3 la reforma la Ley General de Instituciones y Procedimientos Electorales, la Ley General de Partidos Pol\u00edticos y la Ley Org\u00e1nica del Poder Judicial de la Federaci\u00f3n, y que expide la Ley General de Medios de Impugnaci\u00f3n en Materia Electoral al Ejecutivo Federal para su publicaci\u00f3n.<\/span><\/p>\n<p class=\"p1\"><span style=\"font-size: 18pt;\"><strong>Al respecto, a presidenta de la Comisi\u00f3n de Gobernaci\u00f3n, M\u00f3nica Fern\u00e1ndez, inform\u00f3 que, con base en el Art\u00edculo 72 constitucional, se determin\u00f3 que todos los art\u00edculos que componen la minuta, no pod\u00edan ser materia del an\u00e1lisis por parte de esta C\u00e1mara, ya que ha culminado el procedimiento legislativo para su discusi\u00f3n y aprobaci\u00f3n en el mes de diciembre del 2022.<\/strong><\/span><\/p>\n<p class=\"p1\"><span style=\"font-size: 18pt;\"><strong>Destac\u00f3 que la llamada cl\u00e1usula de vida eterna no forma parte de la reforma electoral.<\/strong><\/span><\/p>\n<p>&nbsp;<\/p>\n<p>&nbsp;<\/p>\n<p>&nbsp;<\/p>\n<p>&nbsp;<\/p>\n<p>&nbsp;<\/p>\n<p>&nbsp;<\/p>\n","protected":false},"excerpt":{"rendered":"<p>&nbsp; CIUDAD DE M\u00c9XICO. El Senado de la Rep\u00fablica aprob\u00f3 el llamado Plan B de la reforma electoral, en la<\/p>\n","protected":false},"author":4,"featured_media":13042,"comment_status":"closed","ping_status":"closed","sticky":false,"template":"","format":"standard","meta":{"colormag_page_container_layout":"default_layout","colormag_page_sidebar_layout":"default_layout","_jetpack_memberships_contains_paid_content":false,"footnotes":"","jetpack_publicize_message":"","jetpack_publicize_feature_enabled":true,"jetpack_social_post_already_shared":true,"jetpack_social_options":{"image_generator_settings":{"template":"highway","default_image_id":0,"font":"","enabled":false},"version":2}},"categories":[4],"tags":[1592,84,74,2055,518,323],"class_list":["post-13041","post","type-post","status-publish","format-standard","has-post-thumbnail","hentry","category-nacional","tag-genaro-garcia-luna","tag-morena","tag-pan","tag-plan-b","tag-reforma-electoral","tag-senado"],"jetpack_publicize_connections":[],"jetpack_featured_media_url":"https:\/\/noticiasveracruz.com\/wp-content\/uploads\/2023\/02\/P-SENADO-PLAN-B-4.png","jetpack_sharing_enabled":true,"publishpress_future_action":{"enabled":false,"date":"2026-05-08 17:33:41","action":"change-status","newStatus":"draft","terms":[],"taxonomy":"category","extraData":[]},"publishpress_future_workflow_manual_trigger":{"enabledWorkflows":[]},"_links":{"self":[{"href":"https:\/\/noticiasveracruz.com\/index.php\/wp-json\/wp\/v2\/posts\/13041","targetHints":{"allow":["GET"]}}],"collection":[{"href":"https:\/\/noticiasveracruz.com\/index.php\/wp-json\/wp\/v2\/posts"}],"about":[{"href":"https:\/\/noticiasveracruz.com\/index.php\/wp-json\/wp\/v2\/types\/post"}],"author":[{"embeddable":true,"href":"https:\/\/noticiasveracruz.com\/index.php\/wp-json\/wp\/v2\/users\/4"}],"replies":[{"embeddable":true,"href":"https:\/\/noticiasveracruz.com\/index.php\/wp-json\/wp\/v2\/comments?post=13041"}],"version-history":[{"count":0,"href":"https:\/\/noticiasveracruz.com\/index.php\/wp-json\/wp\/v2\/posts\/13041\/revisions"}],"wp:featuredmedia":[{"embeddable":true,"href":"https:\/\/noticiasveracruz.com\/index.php\/wp-json\/wp\/v2\/media\/13042"}],"wp:attachment":[{"href":"https:\/\/noticiasveracruz.com\/index.php\/wp-json\/wp\/v2\/media?parent=13041"}],"wp:term":[{"taxonomy":"category","embeddable":true,"href":"https:\/\/noticiasveracruz.com\/index.php\/wp-json\/wp\/v2\/categories?post=13041"},{"taxonomy":"post_tag","embeddable":true,"href":"https:\/\/noticiasveracruz.com\/index.php\/wp-json\/wp\/v2\/tags?post=13041"}],"curies":[{"name":"wp","href":"https:\/\/api.w.org\/{rel}","templated":true}]}}