{"id":13019,"date":"2023-02-21T15:29:43","date_gmt":"2023-02-21T21:29:43","guid":{"rendered":"https:\/\/noticiasveracruz.com\/?p=13019"},"modified":"2023-02-22T12:35:23","modified_gmt":"2023-02-22T18:35:23","slug":"inauguraran-copa-tlachtli-de-futbol-en-tuxpan","status":"publish","type":"post","link":"https:\/\/noticiasveracruz.com\/index.php\/2023\/02\/21\/inauguraran-copa-tlachtli-de-futbol-en-tuxpan\/","title":{"rendered":"Inaugurar\u00e1n Copa \u201cTlachtli\u201d de Futbol en Tuxpan"},"content":{"rendered":"<p class=\"p2\"><span style=\"font-size: 14pt;\"><em><strong>TUXPAN, VERACRUZ.<\/strong> <\/em>El pr\u00f3ximo s\u00e1bado 25 de febrero a las 03:00 hrs. se llevar\u00e1 a cabo el partido inaugural de la Copa Deportiva \u201cTlachtli\u201d de Futbol Femenil y Varonil, en el estadio municipal \u201c\u00c1lvaro Lorenzo Fern\u00e1ndez\u201d. <\/span><\/p>\n<p class=\"p2\"><span style=\"font-size: 14pt;\">Este torneo es convocado por el Gobierno del Estado de Veracruz, a trav\u00e9s de la Secretar\u00eda de Educaci\u00f3n de Veracruz, la Secretar\u00eda de Finanzas y Planeaci\u00f3n, la Secretar\u00eda de Desarrollo Social, el Instituto Veracruzano del Deporte, y el Consejo Interinstitucional Veracruzano de Educaci\u00f3n. <\/span><\/p>\n<p class=\"p2\"><span style=\"font-size: 18pt;\"><strong>Los equipos est\u00e1n conformados por jugadores de 17 a 35 a\u00f1os, tanto en la rama femenil como en la varonil, que jugar\u00e1n por zonas en 10 regiones del estado<\/strong><\/span><\/p>\n<p class=\"p2\"><span style=\"font-size: 18pt;\"><strong>Se premiar\u00e1 con 20 mil pesos a los 32 equipos que clasifiquen en la segunda fase, 30 mil pesos para cada uno de los ocho equipos semifinalistas y 12 mil pesos como premio a los mejores goleadores del torneo. <\/strong><\/span><\/p>\n<p class=\"p2\"><span style=\"font-size: 14pt;\">Asiste con tu familia y apoya al equipo de Tuxpan, la entrada es completamente gratuita.<\/span><\/p>\n<p>&nbsp;<\/p>\n<p><img loading=\"lazy\" decoding=\"async\" class=\"aligncenter wp-image-16408\" src=\"https:\/\/politicosaldesnudo.com.mx\/wp-content\/uploads\/2023\/02\/P-TORNEO-FUTBOL-1-245x300.png\" alt=\"\" width=\"600\" height=\"734\" \/><\/p>\n<p>&nbsp;<\/p>\n<p>&nbsp;<\/p>\n<p>&nbsp;<\/p>\n<p>&nbsp;<\/p>\n<p>&nbsp;<\/p>\n<p>&nbsp;<\/p>\n<p>&nbsp;<\/p>\n<p>&nbsp;<\/p>\n","protected":false},"excerpt":{"rendered":"<p>TUXPAN, VERACRUZ. El pr\u00f3ximo s\u00e1bado 25 de febrero a las 03:00 hrs. se llevar\u00e1 a cabo el partido inaugural de<\/p>\n","protected":false},"author":4,"featured_media":13021,"comment_status":"closed","ping_status":"closed","sticky":false,"template":"","format":"standard","meta":{"colormag_page_container_layout":"default_layout","colormag_page_sidebar_layout":"default_layout","_jetpack_memberships_contains_paid_content":false,"footnotes":"","jetpack_publicize_message":"","jetpack_publicize_feature_enabled":true,"jetpack_social_post_already_shared":true,"jetpack_social_options":{"image_generator_settings":{"template":"highway","default_image_id":0,"font":"","enabled":false},"version":2}},"categories":[356],"tags":[],"class_list":["post-13019","post","type-post","status-publish","format-standard","has-post-thumbnail","hentry","category-veracruz"],"jetpack_publicize_connections":[],"jetpack_featured_media_url":"https:\/\/noticiasveracruz.com\/wp-content\/uploads\/2023\/02\/P-TORNEO-FUTBOL-2.png","jetpack_sharing_enabled":true,"publishpress_future_action":{"enabled":false,"date":"2026-05-06 15:34:26","action":"change-status","newStatus":"draft","terms":[],"taxonomy":"category","extraData":[]},"publishpress_future_workflow_manual_trigger":{"enabledWorkflows":[]},"_links":{"self":[{"href":"https:\/\/noticiasveracruz.com\/index.php\/wp-json\/wp\/v2\/posts\/13019","targetHints":{"allow":["GET"]}}],"collection":[{"href":"https:\/\/noticiasveracruz.com\/index.php\/wp-json\/wp\/v2\/posts"}],"about":[{"href":"https:\/\/noticiasveracruz.com\/index.php\/wp-json\/wp\/v2\/types\/post"}],"author":[{"embeddable":true,"href":"https:\/\/noticiasveracruz.com\/index.php\/wp-json\/wp\/v2\/users\/4"}],"replies":[{"embeddable":true,"href":"https:\/\/noticiasveracruz.com\/index.php\/wp-json\/wp\/v2\/comments?post=13019"}],"version-history":[{"count":0,"href":"https:\/\/noticiasveracruz.com\/index.php\/wp-json\/wp\/v2\/posts\/13019\/revisions"}],"wp:featuredmedia":[{"embeddable":true,"href":"https:\/\/noticiasveracruz.com\/index.php\/wp-json\/wp\/v2\/media\/13021"}],"wp:attachment":[{"href":"https:\/\/noticiasveracruz.com\/index.php\/wp-json\/wp\/v2\/media?parent=13019"}],"wp:term":[{"taxonomy":"category","embeddable":true,"href":"https:\/\/noticiasveracruz.com\/index.php\/wp-json\/wp\/v2\/categories?post=13019"},{"taxonomy":"post_tag","embeddable":true,"href":"https:\/\/noticiasveracruz.com\/index.php\/wp-json\/wp\/v2\/tags?post=13019"}],"curies":[{"name":"wp","href":"https:\/\/api.w.org\/{rel}","templated":true}]}}