{"id":13016,"date":"2023-02-22T12:25:54","date_gmt":"2023-02-22T18:25:54","guid":{"rendered":"https:\/\/noticiasveracruz.com\/?p=13016"},"modified":"2023-02-22T13:22:25","modified_gmt":"2023-02-22T19:22:25","slug":"adios-femsa-bill-gates-adquiere-3-76-en-acciones-de-heineken","status":"publish","type":"post","link":"https:\/\/noticiasveracruz.com\/index.php\/2023\/02\/22\/adios-femsa-bill-gates-adquiere-3-76-en-acciones-de-heineken\/","title":{"rendered":"Adi\u00f3s Femsa, Bill Gates adquiere 3.76% en acciones de Heineken\u00a0"},"content":{"rendered":"<p class=\"p1\"><span style=\"font-size: 14pt;\"><em><strong>CIUDAD DE M\u00c9XICO.<\/strong> <\/em><strong>Bill Gates<\/strong> ha adquirido el <strong>3.76% del capital social de Heineken<\/strong>, el equivalente a un total de <strong>10.83 millones de acciones<\/strong> que hasta el momento estaban en manos del <strong>Fomento Econ\u00f3mico Mexicano (Femsa)<\/strong>, en una operaci\u00f3n que ha tenido un coste para el fundador de Microsoft de <strong>902 millones de d\u00f3lares<\/strong>.<\/span><\/p>\n<p class=\"p1\"><span style=\"font-size: 18pt;\"><strong>Esta compra llevada a cabo por el fil\u00e1ntropo tuvo lugar la pasada semana, el mismo d\u00eda en que Femsa anunci\u00f3 su salida del negocio cervecero, poniendo a la venta el 6% de los t\u00edtulos que le pertenecen de Heineken. Femsa tiene previsto vender el 14.8% de su participaci\u00f3n en un plazo de entre dos y tres a\u00f1os.<\/strong><\/span><\/p>\n<p class=\"p1\"><span style=\"font-size: 18pt;\"><strong>Del total de acciones adquiridas, 6.65 millones se compraron a t\u00edtulo personal por Bill Gates, mientras que las otras 4.18 millones de acciones fueron obtenidas a trav\u00e9s del fideicomiso de la Fundaci\u00f3n Bill &amp; Melinda Gates. Esta informaci\u00f3n ha sido divulgada esta semana por el responsable financiero de los Pa\u00edses Bajos, la Autoridad Holandesa para los Mercados Financiero (AFM, por sus siglas en neerland\u00e9s).<\/strong><\/span><\/p>\n<p class=\"p1\"><span style=\"font-size: 14pt;\">Adem\u00e1s, seg\u00fan informa Bloomberg, la Fundaci\u00f3n Bill y Melinda Gates tambi\u00e9n ha invertido en la tienda neerlandesa de comestibles en l\u00ednea Picnic BV y tiene una participaci\u00f3n del 1.34% en el productor holand\u00e9s de fertilizantes OCI NV.<\/span><\/p>\n<p class=\"p1\"><span style=\"font-size: 14pt;\">Femsa anteriormente habr\u00eda declarado que buscaba maximizar la creaci\u00f3n de valor a largo plazo y enfocarse en sus verticales clave, con mayor relevancia estrat\u00e9gica, potencial de crecimiento, fortalezas financiera y competitiva.<\/span><\/p>\n<p>&nbsp;<\/p>\n<p>&nbsp;<\/p>\n","protected":false},"excerpt":{"rendered":"<p>CIUDAD DE M\u00c9XICO. Bill Gates ha adquirido el 3.76% del capital social de Heineken, el equivalente a un total de<\/p>\n","protected":false},"author":4,"featured_media":13017,"comment_status":"closed","ping_status":"closed","sticky":false,"template":"","format":"standard","meta":{"colormag_page_container_layout":"default_layout","colormag_page_sidebar_layout":"default_layout","_jetpack_memberships_contains_paid_content":false,"footnotes":"","jetpack_publicize_message":"","jetpack_publicize_feature_enabled":true,"jetpack_social_post_already_shared":true,"jetpack_social_options":{"image_generator_settings":{"template":"highway","default_image_id":0,"font":"","enabled":false},"version":2}},"categories":[1947],"tags":[2142,2140,2141],"class_list":["post-13016","post","type-post","status-publish","format-standard","has-post-thumbnail","hentry","category-economia","tag-bill-gates","tag-femsa","tag-heineken"],"jetpack_publicize_connections":[],"jetpack_featured_media_url":"https:\/\/noticiasveracruz.com\/wp-content\/uploads\/2023\/02\/P-BILL-GATES-HEINEKEN.png","jetpack_sharing_enabled":true,"publishpress_future_action":{"enabled":false,"date":"2026-05-08 19:08:38","action":"change-status","newStatus":"draft","terms":[],"taxonomy":"category","extraData":[]},"publishpress_future_workflow_manual_trigger":{"enabledWorkflows":[]},"_links":{"self":[{"href":"https:\/\/noticiasveracruz.com\/index.php\/wp-json\/wp\/v2\/posts\/13016","targetHints":{"allow":["GET"]}}],"collection":[{"href":"https:\/\/noticiasveracruz.com\/index.php\/wp-json\/wp\/v2\/posts"}],"about":[{"href":"https:\/\/noticiasveracruz.com\/index.php\/wp-json\/wp\/v2\/types\/post"}],"author":[{"embeddable":true,"href":"https:\/\/noticiasveracruz.com\/index.php\/wp-json\/wp\/v2\/users\/4"}],"replies":[{"embeddable":true,"href":"https:\/\/noticiasveracruz.com\/index.php\/wp-json\/wp\/v2\/comments?post=13016"}],"version-history":[{"count":0,"href":"https:\/\/noticiasveracruz.com\/index.php\/wp-json\/wp\/v2\/posts\/13016\/revisions"}],"wp:featuredmedia":[{"embeddable":true,"href":"https:\/\/noticiasveracruz.com\/index.php\/wp-json\/wp\/v2\/media\/13017"}],"wp:attachment":[{"href":"https:\/\/noticiasveracruz.com\/index.php\/wp-json\/wp\/v2\/media?parent=13016"}],"wp:term":[{"taxonomy":"category","embeddable":true,"href":"https:\/\/noticiasveracruz.com\/index.php\/wp-json\/wp\/v2\/categories?post=13016"},{"taxonomy":"post_tag","embeddable":true,"href":"https:\/\/noticiasveracruz.com\/index.php\/wp-json\/wp\/v2\/tags?post=13016"}],"curies":[{"name":"wp","href":"https:\/\/api.w.org\/{rel}","templated":true}]}}