{"id":13009,"date":"2023-02-22T06:00:22","date_gmt":"2023-02-22T12:00:22","guid":{"rendered":"https:\/\/noticiasveracruz.com\/?p=13009"},"modified":"2023-02-22T07:27:47","modified_gmt":"2023-02-22T13:27:47","slug":"moral-porosa","status":"publish","type":"post","link":"https:\/\/noticiasveracruz.com\/index.php\/2023\/02\/22\/moral-porosa\/","title":{"rendered":"Moral porosa"},"content":{"rendered":"<p>&nbsp;<\/p>\n<p class=\"p1\"><span style=\"font-size: 18pt;\"><strong>Por Herlindo Robles<\/strong><\/span><\/p>\n<p class=\"p1\"><span style=\"font-size: 14pt;\">La porosa moral de los reaccionarios de Acci\u00f3n Nacional, ha quedado evidenciada por la justicia estadounidense, que a la manera anglosajona, juzg\u00f3 a qui\u00e9n envenen\u00f3 tal vez a millones de norteamericanos de toda raza, edad, sexo o nivel econ\u00f3mico sin distinci\u00f3n, dir\u00edase de manera muy democr\u00e1tica. <\/span><\/p>\n<p class=\"p1\"><span style=\"font-size: 18pt;\"><strong>Genaro Garc\u00eda Luna, el llamado \u201cSuperpolic\u00eda\u201d de los sexenios panistas, encontrado culpable de los 5 delitos que se le imputaron, espera ya la sentencia correspondiente en el vecino pa\u00eds del norte. Mientras en M\u00e9xico, un juez desbloque\u00f3 las cuentas de la esposa del convicto, ante raras coincidencias de entorno pol\u00edtico, bordadas por el respaldo de Felipe Calder\u00f3n a qui\u00e9n fue jefe de su polic\u00eda. <\/strong><\/span><\/p>\n<p class=\"p1\"><span style=\"font-size: 18pt; color: #e42d33;\"><strong>Es evidente que Calder\u00f3n debe enfrentar a la justicia mexicana, pues el denominado programa \u201cFast and Furious\u201d, ha venido desencadenando una grave secuela de muertes, aunque entre los gobiernos panistas se sufri\u00f3 la ola de \u201cdescabezados\u201d, o los \u201cdisueltos\u201d en acido. La guerra contra el narcotr\u00e1fico, se convirti\u00f3 en la guerra entre narcotraficantes, tal vez en espera de que entre ellos se terminaran extinguiendo; \u00a1todo lo contrario fue lo que sucedi\u00f3\u00a1 Pues los grupos fueron cambiando de liderazgos, cada vez m\u00e1s inhumanos en contra de la ciudadan\u00eda. <\/strong><\/span><\/p>\n<p>&nbsp;<\/p>\n<p><img loading=\"lazy\" decoding=\"async\" class=\"aligncenter wp-image-16396 size-large\" src=\"https:\/\/politicosaldesnudo.com.mx\/wp-content\/uploads\/2023\/02\/P-FELIPE-GENARO-1024x573.png\" alt=\"\" width=\"800\" height=\"448\" \/><\/p>\n<p>&nbsp;<\/p>\n<p class=\"p1\"><span style=\"font-size: 14pt;\">Ante ello, la camarilla panista, no tendr\u00e1 explicaci\u00f3n que salve su ret\u00f3rica moral, ni buscando los rincones de las sacrist\u00edas, o el respaldo del alto clero, que por cierto, fuera de su \u00e1mbito constitucional de libertad, se han pronunciado en contra de una determinaci\u00f3n jur\u00eddica, en materia electoral, conocida como \u201cPlan B\u201d. <\/span><\/p>\n<p class=\"p1\"><span style=\"font-size: 18pt;\"><strong>Ese colegio episcopal continuamente enga\u00f1ado por los panistas, con la falaz propuesta de defender desde el Congreso mexicano, el derecho a la vida, hoy se ven rotundamente traicionados, ante la fusi\u00f3n del \u201cPartido de la vida\u201d con el \u201cPartido abortista\u201d, \u00bfpues qu\u00e9 clase de \u00e9tica les asiste a los colegiados? Por ello el presidente L\u00f3pez Obrador, descalific\u00f3 su postura, ante la evidente contradicci\u00f3n con el pensamiento progresista del Papa Francisco. Por mucho que el gachup\u00edn Joaqu\u00edn L\u00f3pez, los califique como representantes del Papa, m\u00e1s parece que representan a Claudio Gonz\u00e1lez y sus intereses. <\/strong><\/span><\/p>\n<p class=\"p1\"><span style=\"font-size: 14pt;\">Afortunadamente la mayor\u00eda de los ministros de culto, son verdaderos seguidores del ejemplo del Divino Maestro, y definen su conducta con el serm\u00f3n de la monta\u00f1a. As\u00ed el panismo, pretende cubrirse con un halo de santidad, albergando grupos sectarios como \u201cEl Yunque\u201d u otros, con el \u00fanico objetivo de enga\u00f1ar al pueblo aparentando ser un Partido cat\u00f3lico, as\u00ed se ha venido desencadenando la tragedia mexicana, con un grupo de personas ambiciosas, que se apropiaron de una franquicia de Partido, como lo son los G\u00f3mez del Campo, al cual se encuentra emparentado pol\u00edticamente Jes\u00fas Ortega \u201cel libre pensador\u201d. <\/span><\/p>\n<p class=\"p1\"><span style=\"font-size: 18pt;\"><strong>A\u00fan en tiempos del prianismo, este grupo se apoder\u00f3 del Congreso mexicano y aparentaban en lo publico tener diferencias y en familia disfrutaban y disfrutan de las mieles del erario p\u00fablico. La sesi\u00f3n del martes en la C\u00e1mara de Diputados, la fat\u00eddica trinca PAN PRI PRD, abandon\u00f3 la sesi\u00f3n ante la noticia de que se declar\u00f3 culpable a Genaro Garc\u00eda Luna. Operaci\u00f3n cucaracha, podr\u00eda calificarla alg\u00fan criminalista. La justificada indignaci\u00f3n manifestada por la Diputada Julieta Ram\u00edrez desde la tribuna, dio cuenta de la \u201cgraciosa huida\u201d del presunto \u201cC\u00e1rtel pol\u00edtico\u201d.\u00a0<\/strong><\/span><\/p>\n<p class=\"p1\"><span style=\"font-size: 14pt;\">En el contexto del \u201cPlan B\u201d, el ministro P\u00e9rez Dayan, concedi\u00f3 la suspensi\u00f3n del \u201cPlan B\u201d de la reforma electoral. Bueno parece que los reaccionarios tienen mil tent\u00e1culos, est\u00e1n rabiosamente ocupados en detener el avance democr\u00e1tico y de justicia social de nuestro pa\u00eds para retener los inmorales privilegios que han venido gozando c\u00ednicamente ante el empobrecimiento del pueblo. De las buenas; Lorenzo y Murayama se van.\u00a0<\/span><\/p>\n<p>&nbsp;<\/p>\n<p>&nbsp;<\/p>\n<hr \/>\n<p>&nbsp;<\/p>\n<p><span style=\"font-size: 18pt;\"><strong>Twitter: <a href=\"https:\/\/twitter.com\/zorvha\">@zorvha<\/a><\/strong><\/span><\/p>\n<p>&nbsp;<\/p>\n<p><img loading=\"lazy\" decoding=\"async\" class=\"aligncenter wp-image-11449\" src=\"http:\/\/noticiasveracruz.com\/wp-content\/uploads\/2023\/01\/FIRMA-EDITORIAL-NV-300x37.png\" alt=\"\" width=\"1000\" height=\"122\" srcset=\"https:\/\/noticiasveracruz.com\/wp-content\/uploads\/2023\/01\/FIRMA-EDITORIAL-NV-300x37.png 300w, https:\/\/noticiasveracruz.com\/wp-content\/uploads\/2023\/01\/FIRMA-EDITORIAL-NV-1024x125.png 1024w, https:\/\/noticiasveracruz.com\/wp-content\/uploads\/2023\/01\/FIRMA-EDITORIAL-NV-768x94.png 768w, https:\/\/noticiasveracruz.com\/wp-content\/uploads\/2023\/01\/FIRMA-EDITORIAL-NV-1536x188.png 1536w, https:\/\/noticiasveracruz.com\/wp-content\/uploads\/2023\/01\/FIRMA-EDITORIAL-NV-2048x250.png 2048w\" sizes=\"auto, (max-width: 1000px) 100vw, 1000px\" \/><\/p>\n<p>&nbsp;<\/p>\n","protected":false},"excerpt":{"rendered":"<p>&nbsp; Por Herlindo Robles La porosa moral de los reaccionarios de Acci\u00f3n Nacional, ha quedado evidenciada por la justicia estadounidense,<\/p>\n","protected":false},"author":4,"featured_media":6142,"comment_status":"closed","ping_status":"closed","sticky":false,"template":"","format":"standard","meta":{"colormag_page_container_layout":"default_layout","colormag_page_sidebar_layout":"default_layout","_jetpack_memberships_contains_paid_content":false,"footnotes":"","jetpack_publicize_message":"","jetpack_publicize_feature_enabled":true,"jetpack_social_post_already_shared":true,"jetpack_social_options":{"image_generator_settings":{"template":"highway","default_image_id":0,"font":"","enabled":false},"version":2}},"categories":[6],"tags":[1081,1592,74,2055],"class_list":["post-13009","post","type-post","status-publish","format-standard","has-post-thumbnail","hentry","category-columnistas","tag-felipe-calderon","tag-genaro-garcia-luna","tag-pan","tag-plan-b"],"jetpack_publicize_connections":[],"jetpack_featured_media_url":"https:\/\/noticiasveracruz.com\/wp-content\/uploads\/2022\/07\/P-HERLINDO-ROBLES-NV.png","jetpack_sharing_enabled":true,"publishpress_future_action":{"enabled":false,"date":"2026-05-08 17:30:16","action":"change-status","newStatus":"draft","terms":[],"taxonomy":"category","extraData":[]},"publishpress_future_workflow_manual_trigger":{"enabledWorkflows":[]},"_links":{"self":[{"href":"https:\/\/noticiasveracruz.com\/index.php\/wp-json\/wp\/v2\/posts\/13009","targetHints":{"allow":["GET"]}}],"collection":[{"href":"https:\/\/noticiasveracruz.com\/index.php\/wp-json\/wp\/v2\/posts"}],"about":[{"href":"https:\/\/noticiasveracruz.com\/index.php\/wp-json\/wp\/v2\/types\/post"}],"author":[{"embeddable":true,"href":"https:\/\/noticiasveracruz.com\/index.php\/wp-json\/wp\/v2\/users\/4"}],"replies":[{"embeddable":true,"href":"https:\/\/noticiasveracruz.com\/index.php\/wp-json\/wp\/v2\/comments?post=13009"}],"version-history":[{"count":0,"href":"https:\/\/noticiasveracruz.com\/index.php\/wp-json\/wp\/v2\/posts\/13009\/revisions"}],"wp:featuredmedia":[{"embeddable":true,"href":"https:\/\/noticiasveracruz.com\/index.php\/wp-json\/wp\/v2\/media\/6142"}],"wp:attachment":[{"href":"https:\/\/noticiasveracruz.com\/index.php\/wp-json\/wp\/v2\/media?parent=13009"}],"wp:term":[{"taxonomy":"category","embeddable":true,"href":"https:\/\/noticiasveracruz.com\/index.php\/wp-json\/wp\/v2\/categories?post=13009"},{"taxonomy":"post_tag","embeddable":true,"href":"https:\/\/noticiasveracruz.com\/index.php\/wp-json\/wp\/v2\/tags?post=13009"}],"curies":[{"name":"wp","href":"https:\/\/api.w.org\/{rel}","templated":true}]}}