{"id":13002,"date":"2023-02-22T07:06:35","date_gmt":"2023-02-22T13:06:35","guid":{"rendered":"https:\/\/noticiasveracruz.com\/?p=13002"},"modified":"2023-02-22T07:06:35","modified_gmt":"2023-02-22T13:06:35","slug":"martes-negro-para-el-pan","status":"publish","type":"post","link":"https:\/\/noticiasveracruz.com\/index.php\/2023\/02\/22\/martes-negro-para-el-pan\/","title":{"rendered":"Martes negro para el PAN"},"content":{"rendered":"<p>&nbsp;<\/p>\n<p>&nbsp;<\/p>\n<p class=\"p1\"><span style=\"font-size: 18pt;\"><b>Por \u00c1ngel \u00c1lvaro Pe\u00f1a<\/b><\/span><\/p>\n<p class=\"p1\"><span style=\"font-size: 18pt;\"><strong>Los panistas se echaron de cabeza, en el m\u00e1s amplio sentido de la frase. Al darse a conocer la noticia de que el ex secretario de Seguridad de Felipe Calder\u00f3n, y director de la Agencia Federal de Investigaci\u00f3n de Vicente Fox, fue declarado culpable de los cinco cargos que fue acusado, abandonaron sus curules en la C\u00e1mara de Diputados.<\/strong><\/span><\/p>\n<p class=\"p1\"><span style=\"font-size: 18pt; color: #e42d33;\"><strong>Los cinco delitos son por los que fue declarado culpable de manera un\u00e1nime fueron:\u00a0sostener continuamente una empresa criminal, crimen organizado; conspiraci\u00f3n para distribuci\u00f3n internacional de coca\u00edna en varios kilos; conspiraci\u00f3n para posesi\u00f3n y distribuci\u00f3n de coca\u00edna;\u00a0conspiraci\u00f3n para importaci\u00f3n de coca\u00edna, culpable;\u00a0mentir en declaraciones juradas ante la autoridad.<\/strong><\/span><\/p>\n<p class=\"p1\"><span style=\"font-size: 14pt;\">Saben los panistas que hay muchos delitos de Garc\u00eda Luna, arraigados en los militantes del PAN, en todos los niveles. Seguramente coinciden con el famoso dicho que la moral es simplemente un \u00e1rbol que da moras.<\/span><\/p>\n<p class=\"p1\"><span style=\"font-size: 18pt;\"><strong>No se sabe si la salida del recinto legislativo fue para protegerse de las agresiones y burlas del resto de los diputados o para solidarizarse con el ex funcionario. Porque el silencio tiene muchas interpretaciones. S\u00f3lo que esta vez s\u00f3lo ellos saben la causa del abandono de su responsabilidad legislativa.<\/strong><\/span><\/p>\n<p class=\"p1\"><span style=\"font-size: 18pt;\"><strong>La reacci\u00f3n ten\u00eda una orden prevista, probablemente proveniente de Espa\u00f1a, porque como un resorte todos, de manera coordinada se pararon y salieron como si hubiera un sismo en el recinto.<\/strong><\/span><\/p>\n<p>&nbsp;<\/p>\n<p><img loading=\"lazy\" decoding=\"async\" class=\"aligncenter wp-image-16386 size-large\" src=\"https:\/\/politicosaldesnudo.com.mx\/wp-content\/uploads\/2023\/02\/P-PAN-GENARO-GARCIA-1-1024x573.png\" alt=\"\" width=\"800\" height=\"448\" \/><\/p>\n<p>&nbsp;<\/p>\n<p class=\"p1\"><span style=\"font-size: 18pt;\"><strong>Tanto llamo la atenci\u00f3n que el diputado federal Manuel V\u00e1zquez\u00a0pidi\u00f3,\u00a0desde tribuna,\u00a0un minuto de silencio\u00a0por la\u00a0\u00abmuerte\u00bb del PAN. Los morenistas ya ten\u00edan preparado su numerito tambi\u00e9n con letreros que dec\u00edan: \u201c\u00a1Sigue Calder\u00f3n!\u201d.<\/strong><\/span><\/p>\n<p class=\"p1\"><span style=\"font-size: 18pt; color: #e42d33;\"><strong>En el Congreso local de la Ciudad de M\u00e9xico tampoco le fue bien al PAN, ya que la Mesa Directiva determin\u00f3 dar de baja por cinco ausencias injustificadas al diputado local del PAN,\u00a0Christian Dami\u00e1n Von Roehrich de la Isla,\u00a0y llamar a su suplente para que tome posesi\u00f3n del cargo.\u00a0As\u00ed,\u00a0Von Roherich, fue declarado claramente pr\u00f3fugo de la justicia, por estar implicado en el c\u00e1rtel inmobiliario de la alcald\u00eda Benito Ju\u00e1rez, donde fue alcalde. Se queda en su lugar Federico D\u00f6ring, aquel diputado que lleg\u00f3 a la fama con un papel en la mano, por debatir leyes sentado en la taza del ba\u00f1o en una sesi\u00f3n en l\u00ednea.<\/strong><\/span><\/p>\n<p class=\"p1\"><span style=\"font-size: 14pt;\">Las declaraciones de los gobernadores panistas tampoco fueron afortunadas como sucede con Diego Sinuh\u00e9 Rodr\u00edguez, quien se dice orgulloso de que 20 j\u00f3venes guanajuatenses fueron enviados al extranjero a estudiar con apoyo de su gobierno; el problema es que no regresan ni a Guanajuato ni a M\u00e9xico. Pero eso no lo dice.<\/span><\/p>\n<p class=\"p1\"><span style=\"font-size: 18pt;\"><strong>Ese mismo d\u00eda el gobernador de panista de Quer\u00e9taro, Mauricio Kuri, nacido en Orizaba, Veracruz, revivi\u00f3 la noticia de que las presas en su estado apenas llegan al 8.6 por ciento de almacenamiento de agua, lo cual, frente a la \u00e9poca de calor, se convierte en un peligro para los habitantes de la entidad. Recordemos que hace unos meses ese partido impuls\u00f3 y aprob\u00f3, la privatizaci\u00f3n del agua en varios municipios de la entidad.<\/strong><\/span><\/p>\n<p><img loading=\"lazy\" decoding=\"async\" class=\"aligncenter wp-image-16387 size-large\" src=\"https:\/\/politicosaldesnudo.com.mx\/wp-content\/uploads\/2023\/02\/P-SANTIAGO-CREEL-1-1024x573.png\" alt=\"\" width=\"800\" height=\"448\" \/><\/p>\n<p>&nbsp;<\/p>\n<p class=\"p1\"><span style=\"font-size: 18pt; color: #e42d33;\"><strong>Este martes fue negro para los panistas porque la Sala Superior del Tribunal Electoral del Poder Judicial de la Federaci\u00f3n orden\u00f3 al INE investigar si el presidente de la C\u00e1mara de Diputados, Santiago Creel, incurri\u00f3 en actos anticipados de precampa\u00f1a o campa\u00f1a al participar en un evento realizado en Guadalajara, Jalisco.<\/strong><\/span><\/p>\n<p class=\"p1\"><span style=\"font-size: 14pt;\">El fallo de la Corte y la cadena de delitos y errores puede hacer perder al PAN y sus aliados las dos gubernaturas en juego este a\u00f1o y tendr\u00eda tambi\u00e9n consecuencias electorales para 2024.<\/span><\/p>\n<p>&nbsp;<\/p>\n<p class=\"p1\"><span style=\"font-size: 18pt; color: #e42d33;\"><b>PEGA Y CORRE<\/b><\/span><\/p>\n<p class=\"p1\"><span style=\"font-size: 14pt;\">El PRI del Estado de M\u00e9xico acusa a Morena de violencia pol\u00edtica de g\u00e9nero contra Alejandra del Moral, l\u00edder de ese partido para la gubernatura, al decir que es una persona sin moral\u2026 Esta columna se publica los lunes, mi\u00e9rcoles y viernes.<\/span><\/p>\n<p>&nbsp;<\/p>\n<p>&nbsp;<\/p>\n<p><em><span style=\"font-size: 18pt;\"><strong>Esta columna se publica los lunes, mi\u00e9rcoles y viernes<\/strong><\/span><\/em><\/p>\n<p>&nbsp;<\/p>\n<hr \/>\n<p>&nbsp;<\/p>\n<p><img loading=\"lazy\" decoding=\"async\" class=\"aligncenter wp-image-11449\" src=\"http:\/\/noticiasveracruz.com\/wp-content\/uploads\/2023\/01\/FIRMA-EDITORIAL-NV-300x37.png\" alt=\"\" width=\"1000\" height=\"122\" srcset=\"https:\/\/noticiasveracruz.com\/wp-content\/uploads\/2023\/01\/FIRMA-EDITORIAL-NV-300x37.png 300w, https:\/\/noticiasveracruz.com\/wp-content\/uploads\/2023\/01\/FIRMA-EDITORIAL-NV-1024x125.png 1024w, https:\/\/noticiasveracruz.com\/wp-content\/uploads\/2023\/01\/FIRMA-EDITORIAL-NV-768x94.png 768w, https:\/\/noticiasveracruz.com\/wp-content\/uploads\/2023\/01\/FIRMA-EDITORIAL-NV-1536x188.png 1536w, https:\/\/noticiasveracruz.com\/wp-content\/uploads\/2023\/01\/FIRMA-EDITORIAL-NV-2048x250.png 2048w\" sizes=\"auto, (max-width: 1000px) 100vw, 1000px\" \/><\/p>\n<p>&nbsp;<\/p>\n<p>&nbsp;<\/p>\n","protected":false},"excerpt":{"rendered":"<p>&nbsp; &nbsp; Por \u00c1ngel \u00c1lvaro Pe\u00f1a Los panistas se echaron de cabeza, en el m\u00e1s amplio sentido de la frase.<\/p>\n","protected":false},"author":4,"featured_media":3187,"comment_status":"closed","ping_status":"closed","sticky":false,"template":"","format":"standard","meta":{"colormag_page_container_layout":"default_layout","colormag_page_sidebar_layout":"default_layout","_jetpack_memberships_contains_paid_content":false,"footnotes":"","jetpack_publicize_message":"","jetpack_publicize_feature_enabled":true,"jetpack_social_post_already_shared":true,"jetpack_social_options":{"image_generator_settings":{"template":"highway","default_image_id":0,"font":"","enabled":false},"version":2}},"categories":[6],"tags":[1081,1592,66,74,1455,1218],"class_list":["post-13002","post","type-post","status-publish","format-standard","has-post-thumbnail","hentry","category-columnistas","tag-felipe-calderon","tag-genaro-garcia-luna","tag-ine","tag-pan","tag-santiago-creel","tag-vicente-fox"],"jetpack_publicize_connections":[],"jetpack_featured_media_url":"https:\/\/noticiasveracruz.com\/wp-content\/uploads\/2022\/04\/A\u0301NGEL-A\u0301LVARO-PEN\u0303A.png","jetpack_sharing_enabled":true,"publishpress_future_action":{"enabled":false,"date":"2026-05-08 18:13:22","action":"change-status","newStatus":"draft","terms":[],"taxonomy":"category","extraData":[]},"publishpress_future_workflow_manual_trigger":{"enabledWorkflows":[]},"_links":{"self":[{"href":"https:\/\/noticiasveracruz.com\/index.php\/wp-json\/wp\/v2\/posts\/13002","targetHints":{"allow":["GET"]}}],"collection":[{"href":"https:\/\/noticiasveracruz.com\/index.php\/wp-json\/wp\/v2\/posts"}],"about":[{"href":"https:\/\/noticiasveracruz.com\/index.php\/wp-json\/wp\/v2\/types\/post"}],"author":[{"embeddable":true,"href":"https:\/\/noticiasveracruz.com\/index.php\/wp-json\/wp\/v2\/users\/4"}],"replies":[{"embeddable":true,"href":"https:\/\/noticiasveracruz.com\/index.php\/wp-json\/wp\/v2\/comments?post=13002"}],"version-history":[{"count":0,"href":"https:\/\/noticiasveracruz.com\/index.php\/wp-json\/wp\/v2\/posts\/13002\/revisions"}],"wp:featuredmedia":[{"embeddable":true,"href":"https:\/\/noticiasveracruz.com\/index.php\/wp-json\/wp\/v2\/media\/3187"}],"wp:attachment":[{"href":"https:\/\/noticiasveracruz.com\/index.php\/wp-json\/wp\/v2\/media?parent=13002"}],"wp:term":[{"taxonomy":"category","embeddable":true,"href":"https:\/\/noticiasveracruz.com\/index.php\/wp-json\/wp\/v2\/categories?post=13002"},{"taxonomy":"post_tag","embeddable":true,"href":"https:\/\/noticiasveracruz.com\/index.php\/wp-json\/wp\/v2\/tags?post=13002"}],"curies":[{"name":"wp","href":"https:\/\/api.w.org\/{rel}","templated":true}]}}