{"id":12978,"date":"2023-02-21T05:50:47","date_gmt":"2023-02-21T11:50:47","guid":{"rendered":"https:\/\/noticiasveracruz.com\/?p=12978"},"modified":"2023-02-21T18:16:28","modified_gmt":"2023-02-22T00:16:28","slug":"agua-subterranea-en-mexico","status":"publish","type":"post","link":"https:\/\/noticiasveracruz.com\/index.php\/2023\/02\/21\/agua-subterranea-en-mexico\/","title":{"rendered":"\u00a0Agua Subterr\u00e1nea en M\u00e9xico"},"content":{"rendered":"<p>&nbsp;<\/p>\n<p class=\"p1\" style=\"text-align: center;\"><span style=\"font-size: 18pt;\"><strong>&lt;&lt;Una mirada clara para tener consciencia de lo que representa el agua&gt;&gt;<\/strong><\/span><\/p>\n<p class=\"p1\" style=\"text-align: center;\"><span style=\"font-size: 18pt;\"><strong><span class=\"s1\">&lt;&lt;<\/span>La definici\u00f3n de una pol\u00edtica clara para el acopio, manejo y distribuci\u00f3n&gt;&gt;<\/strong><\/span><\/p>\n<p class=\"p1\" style=\"text-align: center;\"><span style=\"font-size: 18pt;\"><strong><span class=\"s1\">&lt;&lt;<\/span>El manejo del agua se basa en decisiones autoritarias mediante decretos&gt;&gt;<\/strong><\/span><\/p>\n<p>&nbsp;<\/p>\n<p>&nbsp;<\/p>\n<p><span style=\"font-size: 18pt;\"><strong>Por Miguel \u00c1ngel Cristiani Gonz\u00e1lez<\/strong><\/span><\/p>\n<p class=\"p3\"><span style=\"font-size: 14pt;\">Esta semana ser\u00e1 presentado en el Senado de la Rep\u00fablica el libro<i> Agua Subterr\u00e1nea Visibilizando lo imposible <\/i>escrito por los doctores Samuel Schmidt, Gonzalo Hatch Kuri, Jos\u00e9 Joel Carrillo Rivera y que fue publicado por el Colegio de Veracruz del que es rector el maestro Mario Ra\u00fal Mijares S\u00e1nchez.<\/span><\/p>\n<p class=\"p3\"><span style=\"font-size: 14pt;\">El s\u00e1bado pasado, estuvieron en Xalapa los destacados investigadores, para hacer la presentaci\u00f3n en el auditorio del Colver.<\/span><\/p>\n<p class=\"p3\"><span style=\"font-size: 14pt;\">En el libro los investigadores comentan que la administraci\u00f3n del agua en M\u00e9xico funciona en el contexto de un sistema pol\u00edtico autoritario, clientelista, asistencialista, basado en legislaci\u00f3n simb\u00f3lica, de eficiencia selectiva, simulaci\u00f3n, el control como paradigma de gobierno y un esquema presidencialista que anula el acceso democr\u00e1tico a las decisiones en general, y espec\u00edficamente en materia de agua, a lo relativo a la adecuada gesti\u00f3n ambiental en el mundo y las convenciones signadas por M\u00e9xico.\u00a0<\/span><\/p>\n<p class=\"p3\"><span style=\"font-size: 14pt;\">El manejo del agua se basa en decisiones autoritarias en la forma de decretos presidenciales cuyo objetivo es defender el statu quo y el mantenimiento de una narrativa que ha convertido al agua y en especial a la subterr\u00e1nea, en un bien escaso, sobreexplotado y contaminado, con el prop\u00f3sito de impulsar su privatizaci\u00f3n, ya sea directa o indirecta; en la pr\u00e1ctica eso contradice el manejo sist\u00e9mico de un bien natural que ha sido determinado internacionalmente como un derecho humano y que se debe usar para asegurar la calidad de vida y el cuidado del agua y la misma naturaleza.<\/span><\/p>\n<p class=\"p3\"><span style=\"font-size: 14pt;\">Por su parte, el rector del Colver, Mario Ra\u00fal Mijares S\u00e1nchez se\u00f1ala que el tema abordado y analizado por los autores -no est\u00e1 de m\u00e1s decirlo: con una atinada reflexi\u00f3n acad\u00e9mica- es de suma vigencia dada la coyuntura que actualmente aqueja al planeta, signada por el cambio clim\u00e1tico y los problemas que de \u00e9l derivan.<\/span><\/p>\n<p class=\"p3\"><span style=\"font-size: 14pt;\">Otro punto de gran relevancia es el que tiene que ver con las corrientes subterr\u00e1neas, que, para los autores, deben estudiarse para evadir an\u00e1lisis anacr\u00f3nicos que determinan que se est\u00e1 agotando, aunque la que existe est\u00e1 sobreexplotada o contaminada.<\/span><\/p>\n<p class=\"p3\"><span style=\"font-size: 14pt;\">Trabajos editoriales como el presente son indispensables en un momento como el actual, en el que se est\u00e1 luchando por fortalecer la soberan\u00eda nacional y robustecer una consciencia c\u00edvica y de valores respecto de la importancia de los recursos de la naci\u00f3n, pero sobre todo de las implicaciones que tiene para la humanidad visibilizar el cuidado del oro invisible.<\/span><\/p>\n<p class=\"p3\"><span style=\"font-size: 14pt;\">La rector\u00eda del Colegio de Veracruz hace el distinguido agradecimiento a los doctores Samuel Schmidt, Gonzalo Hatch Kuri y Jos\u00e9 Joel Carrillo Rivera por la gran aportaci\u00f3n cient\u00edfica a un tema de suma trascendencia. Desde el t\u00edtulo de la obra, los autores nos ofrecen una mirada clara para que podamos tener consciencia de lo que representa el agua, misma a la que hacen referencia con la l\u00facida referencia que da t\u00edtulo a la publicaci\u00f3n: Agua subterr\u00e1nea. Visibilizando lo invisible.<\/span><\/p>\n<p class=\"p3\"><span style=\"font-size: 14pt;\">Sin duda, el presente esfuerzo editorial representa una gran aportaci\u00f3n a la humanidad, pues aborda desde varias \u00e1reas o disciplinas del saber (la ciencia pol\u00edtica, la hidrogeolog\u00eda y la geograf\u00eda) la importancia del vital l\u00edquido para asegurar la existencia de las civilizaciones.<\/span><\/p>\n<p class=\"p3\"><span style=\"font-size: 14pt;\">El Poder Ejecutivo, en tanto autoridad m\u00e1xima y por tanto \u00fanico responsable de la administraci\u00f3n de la cosa p\u00fablica, se ha comprometido a gobernar para todas las clases sociales, pero en especial a la poblaci\u00f3n m\u00e1s desamparada: los pueblos ind\u00edgenas, comunidades afro- mexicanas, as\u00ed como a las personas y localidades que se han quedado al margen de una redistribuci\u00f3n equitativa del ingreso, para de este modo cumplir con su compromiso pol\u00edtico de velar por los recursos naturales, minerales y acu\u00edferos, propiedad de la naci\u00f3n.<\/span><\/p>\n<p class=\"p3\"><span style=\"font-size: 14pt;\">Andr\u00e9s Manuel L\u00f3pez Obrador en su obra <i>Hacia una Econom\u00eda Moral <\/i>se\u00f1ala atinadamente que: \u00abpara el desarrollo agropecuario y la conservaci\u00f3n del medio ambiente es la definici\u00f3n de una pol\u00edtica clara para el acopio, manejo y distribuci\u00f3n del agua\u00bb.<\/span><\/p>\n<p>&nbsp;<\/p>\n<hr \/>\n<p>&nbsp;<\/p>\n<p class=\"p1\"><span style=\"font-size: 18pt;\"><strong>Cont\u00e1ctanos en nuestras redes sociales:<\/strong><\/span><\/p>\n<p class=\"p1\"><span style=\"font-size: 18pt;\"><strong><a href=\"https:\/\/www.canva.com\/design\/DAEN5B9DWgs\/ZCHd2Z8KueYjlg_d59Op3A\/view\">https:\/\/www.canva.com\/design\/DAEN5B9DWgs\/ZCHd2Z8KueYjlg_d59Op3A\/view<\/a><\/strong><\/span><\/p>\n<p>&nbsp;<\/p>\n<p><img loading=\"lazy\" decoding=\"async\" class=\"aligncenter wp-image-11449\" src=\"http:\/\/noticiasveracruz.com\/wp-content\/uploads\/2023\/01\/FIRMA-EDITORIAL-NV-300x37.png\" alt=\"\" width=\"1000\" height=\"122\" srcset=\"https:\/\/noticiasveracruz.com\/wp-content\/uploads\/2023\/01\/FIRMA-EDITORIAL-NV-300x37.png 300w, https:\/\/noticiasveracruz.com\/wp-content\/uploads\/2023\/01\/FIRMA-EDITORIAL-NV-1024x125.png 1024w, https:\/\/noticiasveracruz.com\/wp-content\/uploads\/2023\/01\/FIRMA-EDITORIAL-NV-768x94.png 768w, https:\/\/noticiasveracruz.com\/wp-content\/uploads\/2023\/01\/FIRMA-EDITORIAL-NV-1536x188.png 1536w, https:\/\/noticiasveracruz.com\/wp-content\/uploads\/2023\/01\/FIRMA-EDITORIAL-NV-2048x250.png 2048w\" sizes=\"auto, (max-width: 1000px) 100vw, 1000px\" \/><\/p>\n<p>&nbsp;<\/p>\n<p>&nbsp;<\/p>\n<p>&nbsp;<\/p>\n","protected":false},"excerpt":{"rendered":"<p>&nbsp; &lt;&lt;Una mirada clara para tener consciencia de lo que representa el agua&gt;&gt; &lt;&lt;La definici\u00f3n de una pol\u00edtica clara para<\/p>\n","protected":false},"author":4,"featured_media":3280,"comment_status":"closed","ping_status":"closed","sticky":false,"template":"","format":"standard","meta":{"colormag_page_container_layout":"default_layout","colormag_page_sidebar_layout":"default_layout","_jetpack_memberships_contains_paid_content":false,"footnotes":"","jetpack_publicize_message":"","jetpack_publicize_feature_enabled":true,"jetpack_social_post_already_shared":true,"jetpack_social_options":{"image_generator_settings":{"template":"highway","default_image_id":0,"font":"","enabled":false},"version":2}},"categories":[6],"tags":[],"class_list":["post-12978","post","type-post","status-publish","format-standard","has-post-thumbnail","hentry","category-columnistas"],"jetpack_publicize_connections":[],"jetpack_featured_media_url":"https:\/\/noticiasveracruz.com\/wp-content\/uploads\/2022\/04\/NV-MIGUEL-A\u0301NGEL-CRISTIANI.png","jetpack_sharing_enabled":true,"publishpress_future_action":{"enabled":false,"date":"2026-05-06 14:49:06","action":"change-status","newStatus":"draft","terms":[],"taxonomy":"category","extraData":[]},"publishpress_future_workflow_manual_trigger":{"enabledWorkflows":[]},"_links":{"self":[{"href":"https:\/\/noticiasveracruz.com\/index.php\/wp-json\/wp\/v2\/posts\/12978","targetHints":{"allow":["GET"]}}],"collection":[{"href":"https:\/\/noticiasveracruz.com\/index.php\/wp-json\/wp\/v2\/posts"}],"about":[{"href":"https:\/\/noticiasveracruz.com\/index.php\/wp-json\/wp\/v2\/types\/post"}],"author":[{"embeddable":true,"href":"https:\/\/noticiasveracruz.com\/index.php\/wp-json\/wp\/v2\/users\/4"}],"replies":[{"embeddable":true,"href":"https:\/\/noticiasveracruz.com\/index.php\/wp-json\/wp\/v2\/comments?post=12978"}],"version-history":[{"count":0,"href":"https:\/\/noticiasveracruz.com\/index.php\/wp-json\/wp\/v2\/posts\/12978\/revisions"}],"wp:featuredmedia":[{"embeddable":true,"href":"https:\/\/noticiasveracruz.com\/index.php\/wp-json\/wp\/v2\/media\/3280"}],"wp:attachment":[{"href":"https:\/\/noticiasveracruz.com\/index.php\/wp-json\/wp\/v2\/media?parent=12978"}],"wp:term":[{"taxonomy":"category","embeddable":true,"href":"https:\/\/noticiasveracruz.com\/index.php\/wp-json\/wp\/v2\/categories?post=12978"},{"taxonomy":"post_tag","embeddable":true,"href":"https:\/\/noticiasveracruz.com\/index.php\/wp-json\/wp\/v2\/tags?post=12978"}],"curies":[{"name":"wp","href":"https:\/\/api.w.org\/{rel}","templated":true}]}}