{"id":12956,"date":"2023-02-20T22:02:40","date_gmt":"2023-02-21T04:02:40","guid":{"rendered":"https:\/\/noticiasveracruz.com\/?p=12956"},"modified":"2023-02-21T17:20:25","modified_gmt":"2023-02-21T23:20:25","slug":"convocan-a-tuxpenos-a-la-13ava-edicion-de-la-gran-cabalgata","status":"publish","type":"post","link":"https:\/\/noticiasveracruz.com\/index.php\/2023\/02\/20\/convocan-a-tuxpenos-a-la-13ava-edicion-de-la-gran-cabalgata\/","title":{"rendered":"Convocan a tuxpe\u00f1os a la 13ava Edici\u00f3n de la Gran Cabalgata"},"content":{"rendered":"<p>&nbsp;<\/p>\n<p class=\"p2\"><span style=\"font-size: 14pt;\"><em><strong>TUXPAN, VERACRUZ.<\/strong><\/em> Integrantes del <strong>Comit\u00e9 de la Cabalgata Estatal de la Unidad Vega de Alatorre<\/strong> invitan a participar a la <strong>13ava Gran Cabalgata<\/strong> que se realizar\u00e1 el pr\u00f3ximo <strong>18 de marzo.<\/strong><\/span><\/p>\n<p class=\"p2\"><span style=\"font-size: 18pt;\"><strong>Se espera a la participaci\u00f3n de jinetes locales y de la regi\u00f3n norte de Veracruz. <\/strong><\/span><\/p>\n<p class=\"p2\"><span style=\"font-size: 14pt;\">La rueda de prensa estuvo encabezada por Rom\u00e1n Bastida Huesca, presidente del Comit\u00e9 de la Cabalgata; Ricardo V\u00e1zquez L\u00f3pez, secretario del comit\u00e9; H\u00e9ctor Ortiz Mata, tesorero del comit\u00e9; Manuel Morales, presidente de la Asociaci\u00f3n Ganadera de Emilio Carranza Veracruz; Manuel Utrera, presidente de la Asociaci\u00f3n Ganadera de Vega de Alatorre y Luis Campos, en representaci\u00f3n de la alcaldesa de Vega de Alatorre, Milen Cuevas.<\/span><\/p>\n<p>&nbsp;<\/p>\n<p><img loading=\"lazy\" decoding=\"async\" class=\"aligncenter wp-image-16338 size-large\" src=\"https:\/\/politicosaldesnudo.com.mx\/wp-content\/uploads\/2023\/02\/P-CABALGATA-2023-2-1024x573.png\" alt=\"\" width=\"800\" height=\"448\" \/><\/p>\n<p>&nbsp;<\/p>\n<p class=\"p2\"><span style=\"font-size: 18pt;\"><strong>Dieron a conocer que el evento es el m\u00e1s importantes que se realiza en todo el estado debido a que se tiene un hermanamiento con el municipio de Toledo, Espa\u00f1a; lo que permite la llegada de jinetes del viejo continente a esta cabalgata de car\u00e1cter internacional.\u00a0<\/strong><\/span><\/p>\n<p class=\"p2\"><span style=\"font-size: 18pt;\"><strong>Esta es la primera ocasi\u00f3n que se realizar\u00e1 la cabalga luego de verse interrumpida por tres a\u00f1os a causa de la pandemia de Covid 19, por lo que se espera una participaci\u00f3n masiva en donde los asistentes puedan disfrutar de las actividades que Vega de Alatorre ofrece como la ganader\u00eda, la producci\u00f3n de quesos, la talabarter\u00eda y la exportaci\u00f3n de pita hacia Pa\u00edses Bajos.\u00a0<\/strong><\/span><\/p>\n<p>&nbsp;<\/p>\n<p><img loading=\"lazy\" decoding=\"async\" class=\"aligncenter wp-image-16339 size-large\" src=\"https:\/\/politicosaldesnudo.com.mx\/wp-content\/uploads\/2023\/02\/P-CABALGATA-2023-3-1024x573.png\" alt=\"\" width=\"800\" height=\"448\" \/><\/p>\n<p>&nbsp;<\/p>\n<p class=\"p2\"><span style=\"font-size: 18pt;\"><strong>Finalmente los representantes del comit\u00e9 organizador explicaron que estas actividades generan movilidad econ\u00f3mica en la regi\u00f3n debido a que esperan jinetes del norte, centro y sur del estado; adem\u00e1s de estados vecinos como Tamaulipas, Hidalgo y Puebla, entre otros.<\/strong><\/span><\/p>\n<p>&nbsp;<\/p>\n<p>&nbsp;<\/p>\n<p>&nbsp;<\/p>\n<p>&nbsp;<\/p>\n<p>&nbsp;<\/p>\n","protected":false},"excerpt":{"rendered":"<p>&nbsp; TUXPAN, VERACRUZ. Integrantes del Comit\u00e9 de la Cabalgata Estatal de la Unidad Vega de Alatorre invitan a participar a<\/p>\n","protected":false},"author":4,"featured_media":12957,"comment_status":"closed","ping_status":"closed","sticky":false,"template":"","format":"standard","meta":{"colormag_page_container_layout":"default_layout","colormag_page_sidebar_layout":"default_layout","_jetpack_memberships_contains_paid_content":false,"footnotes":"","jetpack_publicize_message":"","jetpack_publicize_feature_enabled":true,"jetpack_social_post_already_shared":true,"jetpack_social_options":{"image_generator_settings":{"template":"highway","default_image_id":0,"font":"","enabled":false},"version":2}},"categories":[356],"tags":[1242,72,73],"class_list":["post-12956","post","type-post","status-publish","format-standard","has-post-thumbnail","hentry","category-veracruz","tag-cabalgata","tag-tuxpan","tag-veracruz"],"jetpack_publicize_connections":[],"jetpack_featured_media_url":"https:\/\/noticiasveracruz.com\/wp-content\/uploads\/2023\/02\/P-CABALGATA-2023-1.png","jetpack_sharing_enabled":true,"publishpress_future_action":{"enabled":false,"date":"2026-05-06 11:44:27","action":"change-status","newStatus":"draft","terms":[],"taxonomy":"category","extraData":[]},"publishpress_future_workflow_manual_trigger":{"enabledWorkflows":[]},"_links":{"self":[{"href":"https:\/\/noticiasveracruz.com\/index.php\/wp-json\/wp\/v2\/posts\/12956","targetHints":{"allow":["GET"]}}],"collection":[{"href":"https:\/\/noticiasveracruz.com\/index.php\/wp-json\/wp\/v2\/posts"}],"about":[{"href":"https:\/\/noticiasveracruz.com\/index.php\/wp-json\/wp\/v2\/types\/post"}],"author":[{"embeddable":true,"href":"https:\/\/noticiasveracruz.com\/index.php\/wp-json\/wp\/v2\/users\/4"}],"replies":[{"embeddable":true,"href":"https:\/\/noticiasveracruz.com\/index.php\/wp-json\/wp\/v2\/comments?post=12956"}],"version-history":[{"count":0,"href":"https:\/\/noticiasveracruz.com\/index.php\/wp-json\/wp\/v2\/posts\/12956\/revisions"}],"wp:featuredmedia":[{"embeddable":true,"href":"https:\/\/noticiasveracruz.com\/index.php\/wp-json\/wp\/v2\/media\/12957"}],"wp:attachment":[{"href":"https:\/\/noticiasveracruz.com\/index.php\/wp-json\/wp\/v2\/media?parent=12956"}],"wp:term":[{"taxonomy":"category","embeddable":true,"href":"https:\/\/noticiasveracruz.com\/index.php\/wp-json\/wp\/v2\/categories?post=12956"},{"taxonomy":"post_tag","embeddable":true,"href":"https:\/\/noticiasveracruz.com\/index.php\/wp-json\/wp\/v2\/tags?post=12956"}],"curies":[{"name":"wp","href":"https:\/\/api.w.org\/{rel}","templated":true}]}}