{"id":12948,"date":"2023-02-20T20:40:57","date_gmt":"2023-02-21T02:40:57","guid":{"rendered":"https:\/\/noticiasveracruz.com\/?p=12948"},"modified":"2023-02-21T07:52:56","modified_gmt":"2023-02-21T13:52:56","slug":"en-acto-civico-en-tuxpan-se-conmemora-el-dia-del-ejercito-mexicano","status":"publish","type":"post","link":"https:\/\/noticiasveracruz.com\/index.php\/2023\/02\/20\/en-acto-civico-en-tuxpan-se-conmemora-el-dia-del-ejercito-mexicano\/","title":{"rendered":"En acto c\u00edvico en Tuxpan se conmemora el D\u00eda del Ej\u00e9rcito Mexicano"},"content":{"rendered":"<p>&nbsp;<\/p>\n<p class=\"p1\"><span style=\"font-size: 14pt;\"><em><strong>TUXPAN, VERACRUZ.<\/strong> <\/em><strong>El marco de la conmemoraci\u00f3n por el D\u00eda del Ej\u00e9rcito Mexicano y del aniversario de la Escuela Primaria \u201cEj\u00e9rcito Nacional\u201d<\/strong>; autoridades municipales, navales y militares participaron este lunes el acto c\u00edvico que se realiz\u00f3 en la explanada municipal. <\/span><\/p>\n<p class=\"p1\"><span style=\"font-size: 14pt;\">El acto estuvo encabezado por el director de Educaci\u00f3n, Jorge Arturo Garc\u00eda Robles, en representaci\u00f3n del alcalde Jos\u00e9 Manuel Pozos Castro; Teniente de Nav\u00edo CG T\u00e9cnico en Maquinaria Naval Gabriel Humberto Miranda Fierro, jefe de Talleres de la Fuerza Naval del Golfo; subteniente de Transmisiones Jorge Luis Maga\u00f1a Cipri\u00e1n, en representaci\u00f3n de la 19\u00aa Zona Militar; la regidora Lucero Res\u00e9ndis Ambrocio y el regidor Luciano Folgueras Pioli.<\/span><\/p>\n<p>&nbsp;<\/p>\n<p><img loading=\"lazy\" decoding=\"async\" class=\"aligncenter wp-image-16330 size-large\" src=\"https:\/\/politicosaldesnudo.com.mx\/wp-content\/uploads\/2023\/02\/P-ACTO-CIVICO-2-1024x573.png\" alt=\"\" width=\"800\" height=\"448\" \/><\/p>\n<p>&nbsp;<\/p>\n<p class=\"p1\"><span style=\"font-size: 14pt;\">Asimismo Samuel Eleuterio Salazar Escalante, supervisor escolar de la Zona 06 del Estado; el Prof. Juan Pablo Vel\u00e1zquez Santes y la Mtra. Talina Fern\u00e1ndez Cobos, director y subdirectora de la primara \u201cEj\u00e9rcito Nacional\u201d,\u00a0 Mar\u00eda de la Soledad Miquelajauregui Guzm\u00e1n, directora de Museos y Bibliotecas y el Contralor Municipal, Mart\u00edn Guevara Ramos. <\/span><\/p>\n<p>&nbsp;<\/p>\n<p><img loading=\"lazy\" decoding=\"async\" class=\"aligncenter wp-image-16332 size-large\" src=\"https:\/\/politicosaldesnudo.com.mx\/wp-content\/uploads\/2023\/02\/P-ACTO-CIVICO-4-1024x573.png\" alt=\"\" width=\"800\" height=\"448\" \/><\/p>\n<p>&nbsp;<\/p>\n<p class=\"p1\"><span style=\"font-size: 18pt;\"><strong>En los honores a la bandera se cont\u00f3 con la participaci\u00f3n de estudiantes de la primaria \u201cEj\u00e9rcito Nacional\u201d, quienes dirigieron el Juramento a la Bandera y expusieron las efem\u00e9rides de la semana.<\/strong><\/span><\/p>\n<p>&nbsp;<\/p>\n<p><img loading=\"lazy\" decoding=\"async\" class=\"aligncenter wp-image-16331 size-large\" src=\"https:\/\/politicosaldesnudo.com.mx\/wp-content\/uploads\/2023\/02\/P-ACTO-CIVICO-3-1024x573.png\" alt=\"\" width=\"800\" height=\"448\" \/><\/p>\n<p>&nbsp;<\/p>\n<p class=\"p1\"><span style=\"font-size: 18pt;\"><strong>Estudiantes de sexto grado recitaron la poes\u00eda \u201cSentimientos de un soldado\u201d y alumnos de quinto grado presentaron una rese\u00f1a del Ej\u00e9rcito Nacional Mexicano y del Aniversario de la Escuela Primaria Ej\u00e9rcito Nacional.<\/strong><\/span><\/p>\n<p>&nbsp;<\/p>\n<p><img loading=\"lazy\" decoding=\"async\" class=\"aligncenter wp-image-16333 size-large\" src=\"https:\/\/politicosaldesnudo.com.mx\/wp-content\/uploads\/2023\/02\/P-ACTO-CIVICO-5-1024x573.png\" alt=\"\" width=\"800\" height=\"448\" \/><\/p>\n<p>&nbsp;<\/p>\n<p class=\"p1\"><span style=\"font-size: 18pt;\"><strong>En el acto tambi\u00e9n estuvieron presentes personal docente y padres de familia de la primaria Ej\u00e9rcito Nacional, elementos de la Secretar\u00eda de Marina Armada de M\u00e9xico, Guardia Nacional, Polic\u00eda Municipal, Protecci\u00f3n Civil y Bomberos, as\u00ed como directores y coordinadores de las diversas \u00e1reas del gobierno municipal.<\/strong><\/span><\/p>\n<p>&nbsp;<\/p>\n<p>&nbsp;<\/p>\n<p>&nbsp;<\/p>\n<p>&nbsp;<\/p>\n<p>&nbsp;<\/p>\n","protected":false},"excerpt":{"rendered":"<p>&nbsp; TUXPAN, VERACRUZ. El marco de la conmemoraci\u00f3n por el D\u00eda del Ej\u00e9rcito Mexicano y del aniversario de la Escuela<\/p>\n","protected":false},"author":4,"featured_media":12949,"comment_status":"closed","ping_status":"closed","sticky":false,"template":"","format":"standard","meta":{"colormag_page_container_layout":"default_layout","colormag_page_sidebar_layout":"default_layout","_jetpack_memberships_contains_paid_content":false,"footnotes":"","jetpack_publicize_message":"","jetpack_publicize_feature_enabled":true,"jetpack_social_post_already_shared":true,"jetpack_social_options":{"image_generator_settings":{"template":"highway","default_image_id":0,"font":"","enabled":false},"version":2}},"categories":[356],"tags":[],"class_list":["post-12948","post","type-post","status-publish","format-standard","has-post-thumbnail","hentry","category-veracruz"],"jetpack_publicize_connections":[],"jetpack_featured_media_url":"https:\/\/noticiasveracruz.com\/wp-content\/uploads\/2023\/02\/P-ACTO-CIVICO-1.png","jetpack_sharing_enabled":true,"publishpress_future_action":{"enabled":false,"date":"2026-05-06 11:01:35","action":"change-status","newStatus":"draft","terms":[],"taxonomy":"category","extraData":[]},"publishpress_future_workflow_manual_trigger":{"enabledWorkflows":[]},"_links":{"self":[{"href":"https:\/\/noticiasveracruz.com\/index.php\/wp-json\/wp\/v2\/posts\/12948","targetHints":{"allow":["GET"]}}],"collection":[{"href":"https:\/\/noticiasveracruz.com\/index.php\/wp-json\/wp\/v2\/posts"}],"about":[{"href":"https:\/\/noticiasveracruz.com\/index.php\/wp-json\/wp\/v2\/types\/post"}],"author":[{"embeddable":true,"href":"https:\/\/noticiasveracruz.com\/index.php\/wp-json\/wp\/v2\/users\/4"}],"replies":[{"embeddable":true,"href":"https:\/\/noticiasveracruz.com\/index.php\/wp-json\/wp\/v2\/comments?post=12948"}],"version-history":[{"count":0,"href":"https:\/\/noticiasveracruz.com\/index.php\/wp-json\/wp\/v2\/posts\/12948\/revisions"}],"wp:featuredmedia":[{"embeddable":true,"href":"https:\/\/noticiasveracruz.com\/index.php\/wp-json\/wp\/v2\/media\/12949"}],"wp:attachment":[{"href":"https:\/\/noticiasveracruz.com\/index.php\/wp-json\/wp\/v2\/media?parent=12948"}],"wp:term":[{"taxonomy":"category","embeddable":true,"href":"https:\/\/noticiasveracruz.com\/index.php\/wp-json\/wp\/v2\/categories?post=12948"},{"taxonomy":"post_tag","embeddable":true,"href":"https:\/\/noticiasveracruz.com\/index.php\/wp-json\/wp\/v2\/tags?post=12948"}],"curies":[{"name":"wp","href":"https:\/\/api.w.org\/{rel}","templated":true}]}}