{"id":12946,"date":"2023-02-21T05:35:41","date_gmt":"2023-02-21T11:35:41","guid":{"rendered":"https:\/\/noticiasveracruz.com\/?p=12946"},"modified":"2023-02-21T07:38:53","modified_gmt":"2023-02-21T13:38:53","slug":"el-africano-de-otatitlan","status":"publish","type":"post","link":"https:\/\/noticiasveracruz.com\/index.php\/2023\/02\/21\/el-africano-de-otatitlan\/","title":{"rendered":"El africano de Otatitl\u00e1n"},"content":{"rendered":"<p>&nbsp;<\/p>\n<p class=\"p1\"><span style=\"font-size: 18pt;\"><strong>Por Luis Ram\u00edrez Baqueiro<\/strong><\/span><\/p>\n<p>&nbsp;<\/p>\n<p>&nbsp;<\/p>\n<p class=\"p1\" style=\"text-align: center;\"><em><span style=\"font-size: 18pt;\"><strong>\u201cEl gesto de amargura del hombre es, con frecuencia, s\u00f3lo el petrificado azoramiento de un ni\u00f1o\u201d <\/strong><\/span><\/em><\/p>\n<p class=\"p1\" style=\"text-align: center;\"><span style=\"font-size: 18pt;\">\u2013 Franz Kafka \u2013\u00a0<\/span><\/p>\n<p>&nbsp;<\/p>\n<p class=\"p1\"><span style=\"font-size: 14pt;\">Nadie en la historia moderna de Veracruz se interes\u00f3 m\u00e1s en la poblaci\u00f3n afrodescendiente que el veracruzano universal el doctor Gonzalo Aguirre Beltr\u00e1n, ilustre pionero de estos estudios en M\u00e9xico.<\/span><\/p>\n<p class=\"p1\"><span style=\"font-size: 14pt;\">En fechas recientes otro neoveracruzano ha comenzado a hablar del tema, este \u00faltimo lo ha venido haciendo para desviar la atenci\u00f3n de los se\u00f1alamientos comprobados de ser un flagrante violador de los derechos pol\u00edticos en raz\u00f3n de g\u00e9nero en contra de la diputada local de Movimiento Ciudadano, Ruth Callejas Rold\u00e1n.<\/span><\/p>\n<p class=\"p1\"><span style=\"font-size: 14pt;\">El oscuro personaje \u2013en cuerpo y alma- lo ha venido haciendo como medida de distracci\u00f3n ante su evidente falta, y a manera de ejercicio cat\u00e1rtico que lo consumen desde sus entra\u00f1as.<\/span><\/p>\n<p class=\"p1\"><span style=\"font-size: 14pt;\">La m\u00e1s reciente de sus charadas ha sido se\u00f1alar que \u201ca los negros como a los afrodescendientes les han intentado poner el pie sobre el cuello o amarrarlo de pies y cabeza como se hac\u00eda hace 300 a\u00f1os.\u201d<\/span><\/p>\n<p class=\"p1\"><span style=\"font-size: 14pt;\">En reciente entrevista, molesto y desencajado, Cisneros Burgos afirm\u00f3 \u201cser un liberal como sus antepasados quienes siempre buscaron el progreso y la libertad.\u201d<\/span><\/p>\n<p class=\"p1\"><span style=\"font-size: 14pt;\">Indic\u00f3 que \u00e9l est\u00e1 a favor de las mujeres y desde su posici\u00f3n trabaja a favor de la defensa de ese sector de la poblaci\u00f3n.<\/span><\/p>\n<p class=\"p1\"><span style=\"font-size: 14pt;\">Por ello dijo no estar preocupado por ser citado por alguna instancia o que eventualmente pudiera ser incluido en la lista de violentadores de g\u00e9nero que pudiera impedirle competir en el pr\u00f3ximo proceso electoral.<\/span><\/p>\n<p class=\"p1\"><span style=\"font-size: 14pt;\">Pero como dicen que nadie escarmienta en cabeza ajena, el defensor de la negritud arremeti\u00f3 nuevamente con contra de quienes lo se\u00f1alan para afirmar: \u201cUna familia que ha sido \u201cCacique\u201d de sindicatos magisteriales, intentan utilizar los \u00f3rganos electorales para perjudicar \u201cal primer hombre afrodescendiente\u201d que ocupa la secretar\u00eda de Gobierno en Veracruz.\u201d<\/span><\/p>\n<p class=\"p1\"><span style=\"font-size: 14pt;\">El pasado viernes el magistrado de la Sala Superior del Tribunal Electoral del Poder Judicial Federal, Reyes Ram\u00edrez Mondrag\u00f3n inform\u00f3 que nada tiene que ver los dichos del secretario de Gobierno, Eric Patrocinio Cisneros Burgos de ser ascendiente afromexicano con la denuncia de la diputada Ruth Callejas Rold\u00e1n con la violencia pol\u00edtica en raz\u00f3n de g\u00e9nero que \u00e9l aplic\u00f3 en contra de la legisladora.<\/span><\/p>\n<p class=\"p1\"><span style=\"font-size: 14pt;\">Al cuestionar a Ram\u00edrez Mondrag\u00f3n por las declaraciones de Cisneros Burgos en el sentido de que lo se\u00f1alan porque es una persona con ascendencia afrodescendiente, el magistrado asegur\u00f3 que el Tribunal analiza las acusaciones y no se fija en origen o etnia.<\/span><\/p>\n<p class=\"p1\"><span style=\"font-size: 14pt;\">En respuesta a estas declaraciones, el secretario de Gobierno respondi\u00f3 que, en caso de ser juzgado por los \u00d3rganos Electorales, las autoridades deber\u00e1n hacerlo con perspectiva de afrodescendiente, as\u00ed como las mujeres exigen la perspectiva de g\u00e9nero.<\/span><\/p>\n<p class=\"p1\"><span style=\"font-size: 14pt;\">En una nueva de sus andanzas, Cisneros Burgos expres\u00f3 que hay personas con intenciones de utilizar a los \u00f3rganos electorales para incrementar la discriminaci\u00f3n que ha habido a lo largo de cinco siglos.<\/span><\/p>\n<p class=\"p1\"><span style=\"font-size: 14pt;\">\u201cNo digo que los \u00f3rganos, sino que los quieren utilizar y algunos tienen expresiones totalmente legaloides, ahora a los afros nos tienen que juzgar con perspectiva afrodescendiente como las mujeres con perspectiva de g\u00e9nero\u201d pidi\u00f3.<\/span><\/p>\n<p class=\"p1\"><span style=\"font-size: 14pt;\">O sea que para el heredero de la defensa de la negritud la Ley se debe aplicar a modo y a conveniencia.<\/span><\/p>\n<p class=\"p1\"><span style=\"font-size: 14pt;\">Es evidente que el personaje emplea y utiliza cualquier tema para victimizarse y pretender hacer creer a la sociedad que es una blanca paloma, cuando ni en ese sentido puede librarse del tizne que sus acciones van dejando a su paso.<\/span><\/p>\n<p class=\"p1\"><span style=\"font-size: 14pt;\">Otra de sus m\u00e1s recientes charadas ha tenido que ver con la idea de impartir clases de \u201cSuajili\u201d lengua imperante en \u00c1frica, dentro de los m\u00e1s de 2 mil dialectos y lenguas que se hablan en los 54 pa\u00edses que conforman el continente, sin dar m\u00e1s detalles de d\u00f3nde y c\u00f3mo traer\u00e1 a los maestros de la lengua y en d\u00f3nde y c\u00f3mo se garantizar\u00e1 dicha formaci\u00f3n.<\/span><\/p>\n<p class=\"p1\"><span style=\"font-size: 14pt;\">Vamos para Patrocinio Cisneros, el uso y empleo de la demagogia pura es la herramienta o el instrumento con la que pretende pasar a la historia, como el gran defensor de la Tercera Ra\u00edz de la que tanto escribi\u00f3 el maestro Aguirre Beltr\u00e1n, quien seguramente se volver\u00eda a morir, de ver la clase de representante de la negritud en tan imperante encomienda.<\/span><\/p>\n<p class=\"p1\"><span style=\"font-size: 14pt;\">A este personaje se le identifica m\u00e1s con la letra de Wilfrido Vargas que con el trabajo de Aguirre Beltr\u00e1n cuando en su famosa canci\u00f3n El Africano afirma: \u201cMami, el negro est\u00e1 rabioso\u201d\u2026 \u201cMami que ser\u00e1 lo que \u00bfQuiere el negro?\u201d<\/span><\/p>\n<p>&nbsp;<\/p>\n<p class=\"p1\"><span style=\"font-size: 18pt;\"><strong>Al tiempo.<\/strong><\/span><\/p>\n<p>&nbsp;<\/p>\n<hr \/>\n<p>&nbsp;<\/p>\n<p class=\"p1\"><span style=\"font-size: 18pt;\"><strong>Correo: <a href=\"mailto:astrolabiopoliticomx@gmail.com\">astrolabiopoliticomx@gmail.com<\/a><\/strong><\/span><\/p>\n<p class=\"p1\"><span style=\"font-size: 18pt;\"><strong>Twitter: <a href=\"http:\/\/www.twitter.com\/LuisBaqueiro_mx\">@LuisBaqueiro_mx<\/a><\/strong><\/span><\/p>\n<p>&nbsp;<\/p>\n<p><img loading=\"lazy\" decoding=\"async\" class=\"aligncenter wp-image-11449\" src=\"http:\/\/noticiasveracruz.com\/wp-content\/uploads\/2023\/01\/FIRMA-EDITORIAL-NV-300x37.png\" alt=\"\" width=\"1000\" height=\"122\" srcset=\"https:\/\/noticiasveracruz.com\/wp-content\/uploads\/2023\/01\/FIRMA-EDITORIAL-NV-300x37.png 300w, https:\/\/noticiasveracruz.com\/wp-content\/uploads\/2023\/01\/FIRMA-EDITORIAL-NV-1024x125.png 1024w, https:\/\/noticiasveracruz.com\/wp-content\/uploads\/2023\/01\/FIRMA-EDITORIAL-NV-768x94.png 768w, https:\/\/noticiasveracruz.com\/wp-content\/uploads\/2023\/01\/FIRMA-EDITORIAL-NV-1536x188.png 1536w, https:\/\/noticiasveracruz.com\/wp-content\/uploads\/2023\/01\/FIRMA-EDITORIAL-NV-2048x250.png 2048w\" sizes=\"auto, (max-width: 1000px) 100vw, 1000px\" \/><\/p>\n<p>&nbsp;<\/p>\n<p>&nbsp;<\/p>\n<p>&nbsp;<\/p>\n<p>&nbsp;<\/p>\n<p>&nbsp;<\/p>\n<p>&nbsp;<\/p>\n","protected":false},"excerpt":{"rendered":"<p>&nbsp; Por Luis Ram\u00edrez Baqueiro &nbsp; &nbsp; \u201cEl gesto de amargura del hombre es, con frecuencia, s\u00f3lo el petrificado azoramiento<\/p>\n","protected":false},"author":4,"featured_media":3572,"comment_status":"closed","ping_status":"closed","sticky":false,"template":"","format":"standard","meta":{"colormag_page_container_layout":"default_layout","colormag_page_sidebar_layout":"default_layout","_jetpack_memberships_contains_paid_content":false,"footnotes":"","jetpack_publicize_message":"","jetpack_publicize_feature_enabled":true,"jetpack_social_post_already_shared":true,"jetpack_social_options":{"image_generator_settings":{"template":"highway","default_image_id":0,"font":"","enabled":false},"version":2}},"categories":[6],"tags":[],"class_list":["post-12946","post","type-post","status-publish","format-standard","has-post-thumbnail","hentry","category-columnistas"],"jetpack_publicize_connections":[],"jetpack_featured_media_url":"https:\/\/noticiasveracruz.com\/wp-content\/uploads\/2022\/04\/LUIS-RAMI\u0301REZ-BAQUEIRO.png","jetpack_sharing_enabled":true,"publishpress_future_action":{"enabled":false,"date":"2026-05-06 14:08:42","action":"change-status","newStatus":"draft","terms":[],"taxonomy":"category","extraData":[]},"publishpress_future_workflow_manual_trigger":{"enabledWorkflows":[]},"_links":{"self":[{"href":"https:\/\/noticiasveracruz.com\/index.php\/wp-json\/wp\/v2\/posts\/12946","targetHints":{"allow":["GET"]}}],"collection":[{"href":"https:\/\/noticiasveracruz.com\/index.php\/wp-json\/wp\/v2\/posts"}],"about":[{"href":"https:\/\/noticiasveracruz.com\/index.php\/wp-json\/wp\/v2\/types\/post"}],"author":[{"embeddable":true,"href":"https:\/\/noticiasveracruz.com\/index.php\/wp-json\/wp\/v2\/users\/4"}],"replies":[{"embeddable":true,"href":"https:\/\/noticiasveracruz.com\/index.php\/wp-json\/wp\/v2\/comments?post=12946"}],"version-history":[{"count":0,"href":"https:\/\/noticiasveracruz.com\/index.php\/wp-json\/wp\/v2\/posts\/12946\/revisions"}],"wp:featuredmedia":[{"embeddable":true,"href":"https:\/\/noticiasveracruz.com\/index.php\/wp-json\/wp\/v2\/media\/3572"}],"wp:attachment":[{"href":"https:\/\/noticiasveracruz.com\/index.php\/wp-json\/wp\/v2\/media?parent=12946"}],"wp:term":[{"taxonomy":"category","embeddable":true,"href":"https:\/\/noticiasveracruz.com\/index.php\/wp-json\/wp\/v2\/categories?post=12946"},{"taxonomy":"post_tag","embeddable":true,"href":"https:\/\/noticiasveracruz.com\/index.php\/wp-json\/wp\/v2\/tags?post=12946"}],"curies":[{"name":"wp","href":"https:\/\/api.w.org\/{rel}","templated":true}]}}