{"id":12944,"date":"2023-02-21T05:20:06","date_gmt":"2023-02-21T11:20:06","guid":{"rendered":"https:\/\/noticiasveracruz.com\/?p=12944"},"modified":"2023-02-21T07:35:05","modified_gmt":"2023-02-21T13:35:05","slug":"democracia-en-situacion-delicada","status":"publish","type":"post","link":"https:\/\/noticiasveracruz.com\/index.php\/2023\/02\/21\/democracia-en-situacion-delicada\/","title":{"rendered":"Democracia en \u201csituaci\u00f3n delicada\u201d"},"content":{"rendered":"<p class=\"p1\">\n<p>&nbsp;<\/p>\n<p class=\"p1\"><span style=\"font-size: 18pt;\"><strong>Por M\u00f3nica Camarena Crespo<\/strong><\/span><\/p>\n<p class=\"p1\"><span style=\"font-size: 14pt;\">El \u00cdndice de Desarrollo Democr\u00e1tico de M\u00e9xico 2022, que fue realizado por organizaciones nacionales e internacionales, advirti\u00f3 sobre una \u00absituaci\u00f3n delicada\u00bb en la\u00a0calidad de la democracia en M\u00e9xico.<\/span><\/p>\n<p class=\"p1\"><span style=\"font-size: 14pt;\">Nada es casualidad, en enero de este a\u00f1o, Ciro Murayama el consejero del INE que se va en pocos meses despu\u00e9s de 9 a\u00f1os, fue contundente \u201cyo creo que el momento m\u00e1s dif\u00edcil, no s\u00f3lo para m\u00ed, para la instituci\u00f3n, es el intento de desaparecer al INE y vulnerar su estructura. Esta amenaza de despedir a ocho de cada 10 trabajadores, de acabar con los equipos de campo que hacen posible cada uno de los 300 distritos, es el peor momento de la historia del INE y el de mayor preocupaci\u00f3n que estamos viviendo ahora\u201d.<\/span><\/p>\n<p class=\"p1\"><span style=\"font-size: 14pt;\">El peligro es latente con el Plan B de Andr\u00e9s Manuel L\u00f3pez Obrador, el cual busca demoler la democracia y centralizar el poder en torno al jefe del ejecutivo, vamos, peor que en los tiempos del PRI, pues en ese tiempo no se hab\u00edan perfeccionado los \u00f3rganos electorales aut\u00f3nomos.<\/span><\/p>\n<p class=\"p1\"><span style=\"font-size: 14pt;\">Al presidente le estorba el INE, ese instituto que le valid\u00f3 su triunfo en 2018.\u00a0Quiere sustituirlo por un \u00f3rgano con tonos \u201cguinda\u201d para perpetuar a Morena en el poder. Como no lo logr\u00f3 con su reforma constitucional, ahora busca cercenar desde adentro, para que sea inoperante.<\/span><\/p>\n<p class=\"p1\"><span style=\"font-size: 14pt;\">Y es que el Plan B tiene todo el prop\u00f3sito de quitarle al Instituto Nacional Electoral (INE)\u00a0\u00a0la elaboraci\u00f3n del padr\u00f3n electoral y dejar su control en manos del gobierno. Otro desprop\u00f3sito es el de cerrar las oficinas del INE en los 300 distritos electorales del pa\u00eds, con lo que autom\u00e1ticamente se perder\u00e1n la experiencia y el conocimiento de los profesionales que trabajan ah\u00ed y lo m\u00e1s importante, su trabajo que es fundamental para el desarrollo de elecciones.<\/span><\/p>\n<p class=\"p1\"><span style=\"font-size: 14pt;\">La marcha del domingo 26 de febrero m\u00e1s que una\u00a0resistencia de la sociedad civil, tiene como objetivo el no modificar el sistema electoral en v\u00edsperas del inicio del proceso electoral de 2024.<\/span><\/p>\n<p class=\"p1\"><span style=\"font-size: 14pt;\">Es un hecho in\u00e9dito que puede ser \u201cdemolido\u201d pues se trata de \u00abla elecci\u00f3n m\u00e1s grande en la historia de M\u00e9xico\u00bb, en la que se renovar\u00e1n la Presidencia, as\u00ed como la totalidad de ambas C\u00e1maras del Congreso, adem\u00e1s de celebrar comicios locales. Ah\u00ed la urgencia de no dejar pasar el Plan B.<\/span><\/p>\n<p>&nbsp;<\/p>\n<p class=\"p1\"><span style=\"font-size: 18pt; color: #e42d33;\"><strong>\u00c1GORA<\/strong><\/span><\/p>\n<p class=\"p1\"><span style=\"font-size: 14pt;\">La senadora Beatriz Paredes estuvo en Tuxpan, Veracruz, el domingo pasado a invitaci\u00f3n de la Asociaci\u00f3n Civil \u201cJes\u00fas Reyes Heroles\u201d. De entre todas las preguntas que le hicieron despu\u00e9s de su disertaci\u00f3n, llam\u00f3 la atenci\u00f3n la respuesta a un joven que pregunt\u00f3 acerca del programa \u201cJ\u00f3venes construyendo el futuro\u201d, la legisladora de manera precisa opin\u00f3 \u201cYo har\u00eda algunos ajustes, como evaluar promedios para otorgar apoyos\u201d lo que arranc\u00f3 aplausos de los asistentes.<\/span><\/p>\n<p>&nbsp;<\/p>\n<hr \/>\n<p>&nbsp;<\/p>\n<p class=\"p1\"><span style=\"font-size: 18pt;\"><strong>Correo: <a href=\"mailto:parquejuarezweb@yahoo.com.mx\">parquejuarezweb@yahoo.com.mx<\/a><\/strong><\/span><\/p>\n<p class=\"p1\"><span style=\"font-size: 18pt;\"><strong>Twitter: <a href=\"http:\/\/www.twitter.com\/monicamarena\">@monicamarena<\/a><\/strong><\/span><\/p>\n<p>&nbsp;<\/p>\n<p><img loading=\"lazy\" decoding=\"async\" class=\"aligncenter wp-image-11449\" src=\"http:\/\/noticiasveracruz.com\/wp-content\/uploads\/2023\/01\/FIRMA-EDITORIAL-NV-300x37.png\" alt=\"\" width=\"1000\" height=\"122\" srcset=\"https:\/\/noticiasveracruz.com\/wp-content\/uploads\/2023\/01\/FIRMA-EDITORIAL-NV-300x37.png 300w, https:\/\/noticiasveracruz.com\/wp-content\/uploads\/2023\/01\/FIRMA-EDITORIAL-NV-1024x125.png 1024w, https:\/\/noticiasveracruz.com\/wp-content\/uploads\/2023\/01\/FIRMA-EDITORIAL-NV-768x94.png 768w, https:\/\/noticiasveracruz.com\/wp-content\/uploads\/2023\/01\/FIRMA-EDITORIAL-NV-1536x188.png 1536w, https:\/\/noticiasveracruz.com\/wp-content\/uploads\/2023\/01\/FIRMA-EDITORIAL-NV-2048x250.png 2048w\" sizes=\"auto, (max-width: 1000px) 100vw, 1000px\" \/><\/p>\n<p>&nbsp;<\/p>\n<p>&nbsp;<\/p>\n<p>&nbsp;<\/p>\n<p>&nbsp;<\/p>\n<p>&nbsp;<\/p>\n","protected":false},"excerpt":{"rendered":"<p>&nbsp; Por M\u00f3nica Camarena Crespo El \u00cdndice de Desarrollo Democr\u00e1tico de M\u00e9xico 2022, que fue realizado por organizaciones nacionales e<\/p>\n","protected":false},"author":4,"featured_media":3554,"comment_status":"closed","ping_status":"closed","sticky":false,"template":"","format":"standard","meta":{"colormag_page_container_layout":"default_layout","colormag_page_sidebar_layout":"default_layout","_jetpack_memberships_contains_paid_content":false,"footnotes":"","jetpack_publicize_message":"","jetpack_publicize_feature_enabled":true,"jetpack_social_post_already_shared":true,"jetpack_social_options":{"image_generator_settings":{"template":"highway","default_image_id":0,"font":"","enabled":false},"version":2}},"categories":[6],"tags":[],"class_list":["post-12944","post","type-post","status-publish","format-standard","has-post-thumbnail","hentry","category-columnistas"],"jetpack_publicize_connections":[],"jetpack_featured_media_url":"https:\/\/noticiasveracruz.com\/wp-content\/uploads\/2022\/04\/MO\u0301NICA-CAMARENA-CRESPO-1.png","jetpack_sharing_enabled":true,"publishpress_future_action":{"enabled":false,"date":"2026-05-06 13:22:36","action":"change-status","newStatus":"draft","terms":[],"taxonomy":"category","extraData":[]},"publishpress_future_workflow_manual_trigger":{"enabledWorkflows":[]},"_links":{"self":[{"href":"https:\/\/noticiasveracruz.com\/index.php\/wp-json\/wp\/v2\/posts\/12944","targetHints":{"allow":["GET"]}}],"collection":[{"href":"https:\/\/noticiasveracruz.com\/index.php\/wp-json\/wp\/v2\/posts"}],"about":[{"href":"https:\/\/noticiasveracruz.com\/index.php\/wp-json\/wp\/v2\/types\/post"}],"author":[{"embeddable":true,"href":"https:\/\/noticiasveracruz.com\/index.php\/wp-json\/wp\/v2\/users\/4"}],"replies":[{"embeddable":true,"href":"https:\/\/noticiasveracruz.com\/index.php\/wp-json\/wp\/v2\/comments?post=12944"}],"version-history":[{"count":0,"href":"https:\/\/noticiasveracruz.com\/index.php\/wp-json\/wp\/v2\/posts\/12944\/revisions"}],"wp:featuredmedia":[{"embeddable":true,"href":"https:\/\/noticiasveracruz.com\/index.php\/wp-json\/wp\/v2\/media\/3554"}],"wp:attachment":[{"href":"https:\/\/noticiasveracruz.com\/index.php\/wp-json\/wp\/v2\/media?parent=12944"}],"wp:term":[{"taxonomy":"category","embeddable":true,"href":"https:\/\/noticiasveracruz.com\/index.php\/wp-json\/wp\/v2\/categories?post=12944"},{"taxonomy":"post_tag","embeddable":true,"href":"https:\/\/noticiasveracruz.com\/index.php\/wp-json\/wp\/v2\/tags?post=12944"}],"curies":[{"name":"wp","href":"https:\/\/api.w.org\/{rel}","templated":true}]}}