{"id":12941,"date":"2023-02-21T05:00:41","date_gmt":"2023-02-21T11:00:41","guid":{"rendered":"https:\/\/noticiasveracruz.com\/?p=12941"},"modified":"2023-02-21T07:31:55","modified_gmt":"2023-02-21T13:31:55","slug":"el-cochinero-de-la-bendicion","status":"publish","type":"post","link":"https:\/\/noticiasveracruz.com\/index.php\/2023\/02\/21\/el-cochinero-de-la-bendicion\/","title":{"rendered":"El cochinero de la \u201cbendici\u00f3n\u201d"},"content":{"rendered":"<p>&nbsp;<\/p>\n<p class=\"p1\"><span style=\"font-size: 18pt;\"><strong>Por Aurelio Contreras Moreno<\/strong><\/span><\/p>\n<p class=\"p1\"><span style=\"font-size: 14pt;\">Entre las excusas, los dislates y las tonter\u00edas con las que pretenden tomarle el pelo a los veracruzanos para sostener el discurso de la supuesta honestidad, al gobierno de Cuitl\u00e1huac Garc\u00eda le cay\u00f3 como bomba el nuevo informe de la Auditor\u00eda Superior de la Federaci\u00f3n (ASF) que evidencia el manejo desaseado de los recursos p\u00fablicos en Veracruz.<\/span><\/p>\n<p class=\"p1\"><span style=\"font-size: 14pt;\"><span class=\"s1\">En los <\/span><span class=\"s2\">Informes Individuales de la Fiscalizaci\u00f3n Superior la Cuenta P\u00fablica 2021, la ASF report\u00f3 que el gobierno de Veracruz tiene miles de millones de pesos por aclarar entre los recursos del gasto federalizado, el gasto federalizado programable y el <\/span>Cumplimiento de las Disposiciones Establecidas en la Ley de Disciplina Financiera de las Entidades Federativas y los Municipios.<\/span><\/p>\n<p class=\"p1\"><span style=\"font-size: 14pt;\">En el caso del gasto federalizado, el gobierno de Cuitl\u00e1huac Garc\u00eda Jim\u00e9nez tiene irregularidades por un total de mil 438.8 millones de pesos, de acuerdo con el informe consolidado.<\/span><\/p>\n<p class=\"p1\"><span style=\"font-size: 14pt;\">Revisando un poco el detalle, solamente en el Programa de Atenci\u00f3n a la Salud y Medicamentos Gratuitos para la Poblaci\u00f3n sin Seguridad Social Laboral, la ASF determin\u00f3, entre otras irregularidades, que los Servicios de Salud de Veracruz (Sesver) \u201cno destinaron todos los recursos del programa y los rendimientos financieros generados al cumplimiento del objeto del programa\u201d y realizaron pagos por 77 millones 192.1 pesos por \u201cconceptos de n\u00f3mina no autorizados para financiarse con cargo en los recursos del programa\u201d.<\/span><\/p>\n<p class=\"p1\"><span style=\"font-size: 14pt;\">Asimismo, en el Programa de Atenci\u00f3n a la Salud, la ASF observ\u00f3 incumplimientos, transferencias irregulares y extempor\u00e1neas al ahora extinto Instituto de Salud para el Bienestar por siete millones 413 mil 926. 72 pesos.<\/span><\/p>\n<p class=\"p1\"><span style=\"font-size: 14pt;\">Los Sesver es uno de los \u201cfocos rojos\u201d de la administraci\u00f3n de Garc\u00eda Jim\u00e9nez, pues ah\u00ed se han reportado gran cantidad de anomal\u00edas en el manejo de los recursos, y no de ahora. Baste recordar que es ah\u00ed donde la \u201csupercontratista\u201d Araly Rodr\u00edguez recibi\u00f3 la mayor cantidad de contratos por asignaci\u00f3n directa del gobierno de Garc\u00eda Jim\u00e9nez y donde m\u00e1s dinero cobr\u00f3: m\u00e1s de 70 millones de pesos. <\/span><\/p>\n<p class=\"p1\"><span style=\"font-size: 14pt;\">En la Secretar\u00eda de Educaci\u00f3n de Veracruz (SEV), la ASF detect\u00f3 un subejercicio en el Fondo de Aportaciones para la N\u00f3mina Educativa y Gasto Operativo por 13 millones 290 mil.3 pesos, los cuales fueron reintegrados a la Tesorer\u00eda de la Federaci\u00f3n, as\u00ed como otros 14 millones 464.7 pesos relacionados con pagos a trabajadores de la n\u00f3mina estatal.<\/span><\/p>\n<p class=\"p1\"><span style=\"font-size: 14pt;\">Pero donde se concentra una suma enorme de recursos por aclarar es en materia de Cumplimiento de las Disposiciones Establecidas en la Ley de Disciplina Financiera de las Entidades Federativas y los Municipios, donde la ASF inform\u00f3 que el gobierno de Veracruz \u201cincurri\u00f3 en inobservancias de la normativa, lo que gener\u00f3 una cuantificaci\u00f3n monetaria de las observaciones por un total de seis mil 206 millones 366 mil 456.47 pesos\u201d.<\/span><\/p>\n<p class=\"p1\"><span style=\"font-size: 14pt;\">Ese enorme faltante corresponde a un monto por aclarar por el incremento de la asignaci\u00f3n de recursos para servicios personales, \u201cregistrando un monto pagado superior al originalmente aprobado\u201d, y por \u201cno acreditar el destino y la autorizaci\u00f3n\u201d por parte de la Secretar\u00eda de Finanzas y Planeaci\u00f3n de los ingresos de libre disposici\u00f3n recaudados en exceso\u201d.<\/span><\/p>\n<p class=\"p1\"><span style=\"font-size: 14pt;\">Esto es solo una mirada \u201ca ojo de buen cubero\u201d al extenso informe de la Auditor\u00eda Superior de la Federaci\u00f3n, pero que pinta la realidad de un gobierno tramposo, mal administrador, simulador, irrespetuoso de las normas y particularmente ma\u00f1oso como el de Veracruz.<\/span><\/p>\n<p class=\"p1\"><span style=\"font-size: 14pt;\">Pero todav\u00eda se atreven a llamar \u201cvoceros de la corrupci\u00f3n\u201d a quienes exhiben el cochinero de la \u201cbendici\u00f3n\u201d.<\/span><\/p>\n<p>&nbsp;<\/p>\n<hr \/>\n<p>&nbsp;<\/p>\n<p class=\"p1\"><span style=\"font-size: 18pt;\"><strong>Correo: <a href=\"mailto:aureliocontreras@gmail.com\">aureliocontreras@gmail.com<\/a><\/strong><\/span><\/p>\n<p class=\"p1\"><span style=\"font-size: 18pt;\"><strong>Twitter: <a href=\"http:\/\/www.twitter.com\/yeyocontreras\">@yeyocontreras<\/a><\/strong><\/span><\/p>\n<p>&nbsp;<\/p>\n<p><img loading=\"lazy\" decoding=\"async\" class=\"aligncenter wp-image-11449\" src=\"http:\/\/noticiasveracruz.com\/wp-content\/uploads\/2023\/01\/FIRMA-EDITORIAL-NV-300x37.png\" alt=\"\" width=\"1000\" height=\"122\" srcset=\"https:\/\/noticiasveracruz.com\/wp-content\/uploads\/2023\/01\/FIRMA-EDITORIAL-NV-300x37.png 300w, https:\/\/noticiasveracruz.com\/wp-content\/uploads\/2023\/01\/FIRMA-EDITORIAL-NV-1024x125.png 1024w, https:\/\/noticiasveracruz.com\/wp-content\/uploads\/2023\/01\/FIRMA-EDITORIAL-NV-768x94.png 768w, https:\/\/noticiasveracruz.com\/wp-content\/uploads\/2023\/01\/FIRMA-EDITORIAL-NV-1536x188.png 1536w, https:\/\/noticiasveracruz.com\/wp-content\/uploads\/2023\/01\/FIRMA-EDITORIAL-NV-2048x250.png 2048w\" sizes=\"auto, (max-width: 1000px) 100vw, 1000px\" \/><\/p>\n<p>&nbsp;<\/p>\n<p>&nbsp;<\/p>\n<p>&nbsp;<\/p>\n<p>&nbsp;<\/p>\n","protected":false},"excerpt":{"rendered":"<p>&nbsp; Por Aurelio Contreras Moreno Entre las excusas, los dislates y las tonter\u00edas con las que pretenden tomarle el pelo<\/p>\n","protected":false},"author":4,"featured_media":3578,"comment_status":"closed","ping_status":"closed","sticky":false,"template":"","format":"standard","meta":{"colormag_page_container_layout":"default_layout","colormag_page_sidebar_layout":"default_layout","_jetpack_memberships_contains_paid_content":false,"footnotes":"","jetpack_publicize_message":"","jetpack_publicize_feature_enabled":true,"jetpack_social_post_already_shared":true,"jetpack_social_options":{"image_generator_settings":{"template":"highway","default_image_id":0,"font":"","enabled":false},"version":2}},"categories":[6],"tags":[],"class_list":["post-12941","post","type-post","status-publish","format-standard","has-post-thumbnail","hentry","category-columnistas"],"jetpack_publicize_connections":[],"jetpack_featured_media_url":"https:\/\/noticiasveracruz.com\/wp-content\/uploads\/2022\/04\/P-AURELIO-CONTRERAS.png","jetpack_sharing_enabled":true,"publishpress_future_action":{"enabled":false,"date":"2026-05-06 12:28:37","action":"change-status","newStatus":"draft","terms":[],"taxonomy":"category","extraData":[]},"publishpress_future_workflow_manual_trigger":{"enabledWorkflows":[]},"_links":{"self":[{"href":"https:\/\/noticiasveracruz.com\/index.php\/wp-json\/wp\/v2\/posts\/12941","targetHints":{"allow":["GET"]}}],"collection":[{"href":"https:\/\/noticiasveracruz.com\/index.php\/wp-json\/wp\/v2\/posts"}],"about":[{"href":"https:\/\/noticiasveracruz.com\/index.php\/wp-json\/wp\/v2\/types\/post"}],"author":[{"embeddable":true,"href":"https:\/\/noticiasveracruz.com\/index.php\/wp-json\/wp\/v2\/users\/4"}],"replies":[{"embeddable":true,"href":"https:\/\/noticiasveracruz.com\/index.php\/wp-json\/wp\/v2\/comments?post=12941"}],"version-history":[{"count":0,"href":"https:\/\/noticiasveracruz.com\/index.php\/wp-json\/wp\/v2\/posts\/12941\/revisions"}],"wp:featuredmedia":[{"embeddable":true,"href":"https:\/\/noticiasveracruz.com\/index.php\/wp-json\/wp\/v2\/media\/3578"}],"wp:attachment":[{"href":"https:\/\/noticiasveracruz.com\/index.php\/wp-json\/wp\/v2\/media?parent=12941"}],"wp:term":[{"taxonomy":"category","embeddable":true,"href":"https:\/\/noticiasveracruz.com\/index.php\/wp-json\/wp\/v2\/categories?post=12941"},{"taxonomy":"post_tag","embeddable":true,"href":"https:\/\/noticiasveracruz.com\/index.php\/wp-json\/wp\/v2\/tags?post=12941"}],"curies":[{"name":"wp","href":"https:\/\/api.w.org\/{rel}","templated":true}]}}