{"id":12923,"date":"2023-02-20T02:27:35","date_gmt":"2023-02-20T08:27:35","guid":{"rendered":"https:\/\/noticiasveracruz.com\/?p=12923"},"modified":"2023-02-20T02:27:35","modified_gmt":"2023-02-20T08:27:35","slug":"nuevos-consejeros-al-ine","status":"publish","type":"post","link":"https:\/\/noticiasveracruz.com\/index.php\/2023\/02\/20\/nuevos-consejeros-al-ine\/","title":{"rendered":"Nuevos consejeros al INE"},"content":{"rendered":"<p class=\"p3\">\n<p>&nbsp;<\/p>\n<p class=\"p3\"><span style=\"font-size: 18pt;\"><b>Por \u00c1ngel \u00c1lvaro Pe\u00f1a<\/b><\/span><\/p>\n<p class=\"p3\"><span style=\"font-size: 14pt;\">La salida de cuatro consejeros electorales del INE crea nuevos enfrentamientos entre la sociedad y los partidos, porque se realiza entre dos batallas en el tema de los comicios, que en d\u00edas pasados radicalizaron posturas entre los l\u00edderes de los partidos, los partidos y la sociedad.<\/span><\/p>\n<p class=\"p3\"><span style=\"font-size: 18pt;\"><strong>Luego de una reforma electoral que rechaz\u00f3 la oposici\u00f3n y sucede antes de que el Plan B electoral, propuesto por el Ejecutivo, se discuta la pr\u00f3xima semana en el Senado de la Rep\u00fablica. La selecci\u00f3n de consejeros se ubica, en el tiempo y en el espacio, en medio de una guerra electoral previa a las elecciones de junio con la renovaci\u00f3n de dos gubernaturas y de 2024, con el cambio de la Presidencia de la Rep\u00fablica y nueve gubernaturas m\u00e1s.<\/strong><\/span><\/p>\n<p class=\"p3\"><span style=\"font-size: 14pt;\">El proceso no es complicado, lo complejo son las interpretaciones que hace cada partido de las propuestas de su contrincante.<\/span><\/p>\n<p class=\"p3\"><span style=\"font-size: 18pt;\"><strong>Cualquiera puede inscribirse en el sitio que espec\u00edficamente abri\u00f3 para estos fines la C\u00e1mara de Diputados, desde el d\u00eda 16 y hasta el 23 de febrero, por v\u00eda digital. A tres d\u00edas que se cierre el plazo se han inscrito m\u00e1s de 200 aspirantes para ser consejeros electorales entre ellos quien deber\u00e1 ser el pr\u00f3ximo presidente consejero del INE.<\/strong><\/span><\/p>\n<p class=\"p3\"><span style=\"font-size: 14pt;\">Posteriormente el Comit\u00e9 T\u00e9cnico de Evaluaci\u00f3n, conformado por personas que elijan entre todos los partidos pol\u00edticos, para designar a los 20 finalistas, quienes deber\u00e1n cumplir estrictamente con los requisitos que el cargo exige.<\/span><\/p>\n<p>&nbsp;<\/p>\n<p><img loading=\"lazy\" decoding=\"async\" class=\"aligncenter wp-image-16299 size-large\" src=\"https:\/\/politicosaldesnudo.com.mx\/wp-content\/uploads\/2023\/02\/P-LORENZO-INE-1024x573.png\" alt=\"\" width=\"800\" height=\"448\" \/><\/p>\n<p>&nbsp;<\/p>\n<p class=\"p3\"><span style=\"font-size: 18pt; color: #e42d33;\"><strong>La oposici\u00f3n empieza a darse cuenta que de haber aprobado la reforma electoral hubiera tenido mayor influencia en la designaci\u00f3n de los consejeros, pero sin reforma todo sigue igual de tal forma que la Secretar\u00eda General de la C\u00e1mara deber\u00e1 entregar al Comit\u00e9 T\u00e9cnico de Evaluaci\u00f3n, el 4 de marzo la relaci\u00f3n de los aspirantes que se anotaron. El presidente de la Junta de Coordinaci\u00f3n Pol\u00edtica de la C\u00e1mara, quien es tambi\u00e9n el coordinador de la bancada de Morena, Ignacio Mier, pidi\u00f3 dar voto de confianza al este grupo que todav\u00eda no termina de conformarse, pero que ya empieza a tener rechazo de parte de la oposici\u00f3n, a pesar de que deben ser seleccionados por los\u00a0partidos pol\u00edticos.<\/strong><\/span><\/p>\n<p class=\"p3\"><span style=\"font-size: 14pt;\">Este tipo de convocatoria fue aprobada el martes 14 de febrero por unanimidad, para que entrara en vigor el 16 de febrero, una vez que fue publicada en la Gaceta Parlamentaria de la C\u00e1mara de Diputados, pero ese mismo d\u00eda fue impugnado el acuerdo ante la Sala Superior del Tribunal Electoral del Poder Judicial de la Federaci\u00f3n por dos ciudadanos, quienes consideraron que hab\u00eda opacidad en este esquema, lo que retrasa los tiempos y puede aplazarse la designaci\u00f3n de los nuevos consejeros, toda vez que los cuatro salientes deben dejar el cargo el primer martes de abril.<\/span><\/p>\n<p class=\"p3\"><span style=\"font-size: 14pt;\">As\u00ed, los cuestionamientos p\u00fablicos que surgieron de pronto se encuentra, seg\u00fan los ciudadanos Romelia Alicia Dom\u00ednguez Rivera y Jorge David Aljov\u00edn Navarro, la falta de transparencia en la inscripci\u00f3n de aspirantes, ya que su nombre debe guardarse hasta el momento de ser entregados al escrutinio p\u00fablico, es decir a los legisladores.<\/span><\/p>\n<p class=\"p3\"><span style=\"font-size: 18pt;\"><strong>La C\u00e1mara de Diputados se\u00f1al\u00f3: \u201cSer\u00e1 el propio comit\u00e9 la \u00fanica instancia que, con base en sus lineamientos internos y acuerdos, estar\u00e1 informando a la ciudadan\u00eda sobre los avances de las cuatro etapas que comprenden dicho proceso\u201d.<\/strong><\/span><\/p>\n<p class=\"p3\"><span style=\"font-size: 18pt;\"><strong>Estos especialistas en derecho laboral, quieren informaci\u00f3n sobre los interesados que se han anotado, cortes diarios de los inscritos, para estar al tanto de la depuraci\u00f3n, cuando estas f\u00f3rmulas fueron aprobadas por los partidos pol\u00edticos.<\/strong><\/span><\/p>\n<p class=\"p3\"><span style=\"font-size: 18pt; color: #e42d33;\"><strong>Tan es as\u00ed que el propio PAN; a trav\u00e9s de su l\u00edder nacional,\u00a0Marko Cort\u00e9s Mendoza, hizo un\u00a0llamado\u00a0a la ciudadan\u00eda para que inscriban\u00a0perfiles\u00a0para el proceso de\u00a0renovaci\u00f3n\u00a0de los\u00a0tres consejeros\u00a0y la\u00a0presidencia\u00a0del\u00a0INE.<\/strong><\/span><\/p>\n<p class=\"p3\"><span style=\"font-size: 14pt;\">Es decir, la duda de la transparencia reside en que sea la Junta de Coordinaci\u00f3n Pol\u00edtica, en manos de Morena en estos momentos, la que lleve a cabo la tarea de selecci\u00f3n. Por lo que se interpreta que hubiera sido mejor que la oposici\u00f3n votara a favor de la reforma electoral que rechaz\u00f3 donde cada instancia social, incluidos los partidos de oposici\u00f3n, pod\u00edan incluir a sus candidatos a consejeros electorales, pero la cerraz\u00f3n opositora los orill\u00f3 a quedar al margen, ya que forzosamente deben ser propuestos ciudadanos por ciudadanos, sin compromiso partidista, los que quieran participar en esa contienda.<\/span><\/p>\n<p>&nbsp;<\/p>\n<p class=\"p3\"><span style=\"font-size: 18pt; color: #e42d33;\"><b>PARTICIPACI\u00d3N <\/b><\/span><\/p>\n<p class=\"p3\"><span style=\"font-size: 18pt;\"><strong>La Ciudad de M\u00e9xico es la entidad que donde m\u00e1s ciudadanos se han inscrito para estos cargos, luego el Estado de M\u00e9xico y en tercer lugar Quer\u00e9taro. Despu\u00e9s vienen Veracruz,\u00a0Puebla; Chiapas,\u00a0Sinaloa, Nuevo Le\u00f3n, Oaxaca, Durango y Guanajuato.<\/strong><\/span><\/p>\n<p class=\"p3\"><span style=\"font-size: 18pt;\"><strong>Los consejeros que ser\u00e1 relevados son Lorenzo C\u00f3rdova, Ciro Murayama, Jos\u00e9 Roberto Ruiz y Adriana Favela, el consejero presidente deber\u00e1 ser electo entre los cuatro consejeros que entrar\u00e1n a trabajar al INE. Permanecer\u00e1n siete consejeros actuales para retirarse del instituto en diferentes fechas.<\/strong><\/span><\/p>\n<p class=\"p3\"><span style=\"font-size: 14pt;\">En el contexto del proceso de selecci\u00f3n, la coalici\u00f3n Va por M\u00e9xico podr\u00eda nombrar una de las tres propuestas que debe representar a los diputados, con el objetivo de mantener la ruta del consenso en el proceso y evitar impugnaciones por la elecci\u00f3n de Morena.<\/span><\/p>\n<p class=\"p3\"><span style=\"font-size: 14pt;\">El diputado Mier ofrecer\u00eda que la oposici\u00f3n proponga un perfil; que los diputados de Morena, junto con sus aliados, propongan otro; y que el \u00faltimo sea una persona sin ninguna afinidad pol\u00edtica ni partidista.<\/span><\/p>\n<p class=\"p3\"><span style=\"font-size: 14pt;\">La equidad y el piso parejo est\u00e1 definido, incluidos los m\u00e1s radicales cr\u00edticos del procedimiento est\u00e1n de acuerdo, la configuraci\u00f3n de los cuatro nuevos consejeros electorales es cuesti\u00f3n de tiempo, mientras no hay impugnaciones que sorpresivamente quieren alargar el tiempo para intentar que quienes se van, y desde hace mucho debieron irse, puedan disfrutar m\u00e1s tiempo de su estancia para vivir del presupuesto.<\/span><\/p>\n<p class=\"p3\"><span style=\"font-size: 18pt;\"><strong>Las leyes deben adaptarse a la realidad, m\u00e1s a\u00fan, las que tienen que ver con el fortalecimiento de la democracia, porque la sociedad exige ser la vanguardia del pensamiento pol\u00edtico del pa\u00eds no su seguidor incondicional. Es necesario que se abran m\u00e1s cauces de di\u00e1logo entre los tres poderes y la sociedad.<\/strong><\/span><\/p>\n<p>&nbsp;<\/p>\n<p>&nbsp;<\/p>\n<p class=\"p3\"><span style=\"font-size: 18pt; color: #e42d33;\"><b>PEGA Y CORRE<\/b><\/span><\/p>\n<p class=\"p3\"><span style=\"font-size: 14pt;\">Con un abstencionismo que supera el 70 por ciento, el ganador de la senadur\u00eda de Tamaulipas, en elecciones extraordinarias es el candidato de Morena y PT, Jos\u00e9 Ram\u00f3n G\u00f3mez Leal y como suplente Indira Paola L\u00f3pez, quienes ganaron con un promedio de por tres por un voto, en promedio, en relaci\u00f3n con los dos candidatos de la oposici\u00f3n.<\/span><\/p>\n<p>&nbsp;<\/p>\n<p><em><span style=\"font-size: 18pt;\"><strong>Esta columna se publica los lunes, mi\u00e9rcoles y viernes<\/strong><\/span><\/em><\/p>\n<p>&nbsp;<\/p>\n<hr \/>\n<p>&nbsp;<\/p>\n<p><img loading=\"lazy\" decoding=\"async\" class=\"aligncenter wp-image-11449\" src=\"http:\/\/noticiasveracruz.com\/wp-content\/uploads\/2023\/01\/FIRMA-EDITORIAL-NV-1024x125.png\" alt=\"\" width=\"1000\" height=\"122\" srcset=\"https:\/\/noticiasveracruz.com\/wp-content\/uploads\/2023\/01\/FIRMA-EDITORIAL-NV-1024x125.png 1024w, https:\/\/noticiasveracruz.com\/wp-content\/uploads\/2023\/01\/FIRMA-EDITORIAL-NV-300x37.png 300w, https:\/\/noticiasveracruz.com\/wp-content\/uploads\/2023\/01\/FIRMA-EDITORIAL-NV-768x94.png 768w, https:\/\/noticiasveracruz.com\/wp-content\/uploads\/2023\/01\/FIRMA-EDITORIAL-NV-1536x188.png 1536w, https:\/\/noticiasveracruz.com\/wp-content\/uploads\/2023\/01\/FIRMA-EDITORIAL-NV-2048x250.png 2048w\" sizes=\"auto, (max-width: 1000px) 100vw, 1000px\" \/><\/p>\n<p>&nbsp;<\/p>\n<p>&nbsp;<\/p>\n<p>&nbsp;<\/p>\n","protected":false},"excerpt":{"rendered":"<p>&nbsp; Por \u00c1ngel \u00c1lvaro Pe\u00f1a La salida de cuatro consejeros electorales del INE crea nuevos enfrentamientos entre la sociedad y<\/p>\n","protected":false},"author":4,"featured_media":3187,"comment_status":"closed","ping_status":"closed","sticky":false,"template":"","format":"standard","meta":{"colormag_page_container_layout":"default_layout","colormag_page_sidebar_layout":"default_layout","_jetpack_memberships_contains_paid_content":false,"footnotes":"","jetpack_publicize_message":"","jetpack_publicize_feature_enabled":true,"jetpack_social_post_already_shared":true,"jetpack_social_options":{"image_generator_settings":{"template":"highway","default_image_id":0,"font":"","enabled":false},"version":2}},"categories":[6],"tags":[66,84,2055,323],"class_list":["post-12923","post","type-post","status-publish","format-standard","has-post-thumbnail","hentry","category-columnistas","tag-ine","tag-morena","tag-plan-b","tag-senado"],"jetpack_publicize_connections":[],"jetpack_featured_media_url":"https:\/\/noticiasveracruz.com\/wp-content\/uploads\/2022\/04\/A\u0301NGEL-A\u0301LVARO-PEN\u0303A.png","jetpack_sharing_enabled":true,"publishpress_future_action":{"enabled":false,"date":"2026-05-08 17:33:20","action":"change-status","newStatus":"draft","terms":[],"taxonomy":"category","extraData":[]},"publishpress_future_workflow_manual_trigger":{"enabledWorkflows":[]},"_links":{"self":[{"href":"https:\/\/noticiasveracruz.com\/index.php\/wp-json\/wp\/v2\/posts\/12923","targetHints":{"allow":["GET"]}}],"collection":[{"href":"https:\/\/noticiasveracruz.com\/index.php\/wp-json\/wp\/v2\/posts"}],"about":[{"href":"https:\/\/noticiasveracruz.com\/index.php\/wp-json\/wp\/v2\/types\/post"}],"author":[{"embeddable":true,"href":"https:\/\/noticiasveracruz.com\/index.php\/wp-json\/wp\/v2\/users\/4"}],"replies":[{"embeddable":true,"href":"https:\/\/noticiasveracruz.com\/index.php\/wp-json\/wp\/v2\/comments?post=12923"}],"version-history":[{"count":0,"href":"https:\/\/noticiasveracruz.com\/index.php\/wp-json\/wp\/v2\/posts\/12923\/revisions"}],"wp:featuredmedia":[{"embeddable":true,"href":"https:\/\/noticiasveracruz.com\/index.php\/wp-json\/wp\/v2\/media\/3187"}],"wp:attachment":[{"href":"https:\/\/noticiasveracruz.com\/index.php\/wp-json\/wp\/v2\/media?parent=12923"}],"wp:term":[{"taxonomy":"category","embeddable":true,"href":"https:\/\/noticiasveracruz.com\/index.php\/wp-json\/wp\/v2\/categories?post=12923"},{"taxonomy":"post_tag","embeddable":true,"href":"https:\/\/noticiasveracruz.com\/index.php\/wp-json\/wp\/v2\/tags?post=12923"}],"curies":[{"name":"wp","href":"https:\/\/api.w.org\/{rel}","templated":true}]}}