{"id":12916,"date":"2023-02-20T02:11:53","date_gmt":"2023-02-20T08:11:53","guid":{"rendered":"https:\/\/noticiasveracruz.com\/?p=12916"},"modified":"2023-02-20T02:11:53","modified_gmt":"2023-02-20T08:11:53","slug":"la-mano-que-mece-las-fake-news","status":"publish","type":"post","link":"https:\/\/noticiasveracruz.com\/index.php\/2023\/02\/20\/la-mano-que-mece-las-fake-news\/","title":{"rendered":"La mano que mece las Fake News"},"content":{"rendered":"<p class=\"p1\">\n<p>&nbsp;<\/p>\n<p class=\"p1\"><span style=\"font-size: 18pt;\"><b>Por Jos\u00e9 Garc\u00eda S\u00e1nchez<\/b><\/span><\/p>\n<p class=\"p1\"><span style=\"font-size: 18pt;\"><strong>La estrategia del PAN en especial y en general de la oposici\u00f3n ha consistido en hacer de las mentiras una verdad. En este caso no es necesario repetirlas mil veces, por lo menos no de manera directa.<\/strong><\/span><\/p>\n<p class=\"p1\"><span style=\"font-size: 18pt;\"><strong>En lugar de repetir la mentira la convierten en tema de simposio, o de una mesa redonda en televisa o TV Azteca, en conferencia de algunos <span class=\"s1\">\u201c<\/span>expertos\u201d ya sea en finanzas, en pol\u00edtica, en cuestiones electorales, (con ayuda incondicional de consejeros y ex consejeros electorales). Es decir, un grupo de trincheras y ej\u00e9rcito que sirvi\u00f3 y lo sigue haciendo a Felipe Calder\u00f3n.<\/strong><\/span><\/p>\n<p class=\"p1\"><span style=\"font-size: 14pt;\">El proceso de la creaci\u00f3n de las mentiras es siempre el mismo, desde la inundaci\u00f3n falsa de Dos Bocas hasta el supuesto animal atropellado en la Ruta del Tren Maya, con que quer\u00eda demostrar el da\u00f1o ecol\u00f3gico de la obra, s\u00f3lo en delirium tremens puede suceder eso. Todos tienen la misma factura, <span class=\"s1\">\u201c<\/span>creatividad <span class=\"s1\">\u201c<\/span>similar de tal manera que en la reiteraci\u00f3n se confirma el origen.<\/span><\/p>\n<p>&nbsp;<\/p>\n<p class=\"p1\"><span style=\"font-size: 18pt; color: #e42d33;\"><b>MENTIRAS PANISTAS<\/b><\/span><\/p>\n<p class=\"p1\"><span style=\"font-size: 18pt;\"><strong>Lanzar la piedra y esconder la mano es la estrategia pol\u00edtica del PAN desde hace m\u00e1s de cuatro a\u00f1os. Conducta poco pol\u00edtica que le acarrea algunos \u00e9xitos con la complicidad de los medios, donde tambi\u00e9n tiene metida la mano Calder\u00f3n.<\/strong><\/span><\/p>\n<p class=\"p1\"><span style=\"font-size: 18pt; color: #e42d33;\"><strong>Por eso no sorprende el m\u00e9todo del abogado defensor de Genaro Garc\u00eda Luna de tratar de implicar al Presidente de M\u00e9xico. C\u00e9sar de Castro dijo basarse en palabras del narcotraficante Jes\u00fas <span class=\"s1\">\u201c<\/span>El Rey\u201d Zambada, quien hab\u00eda asegurado que en 2019 entreg\u00f3 sobornos por 7 millones de d\u00f3lares a Gabriel Regino, quien entonces era subsecretario de Seguridad capitalina en el gobierno de L\u00f3pez Obrador, por lo que \u00e9ste pag\u00f3 para una campa\u00f1a contra Vicente Fox.<\/strong><\/span><\/p>\n<p>&nbsp;<\/p>\n<p><img loading=\"lazy\" decoding=\"async\" class=\"aligncenter wp-image-16288 size-large\" src=\"https:\/\/politicosaldesnudo.com.mx\/wp-content\/uploads\/2023\/02\/P-FAKE-NEWS-CALDERON-1024x573.png\" alt=\"\" width=\"800\" height=\"448\" \/><\/p>\n<p>&nbsp;<\/p>\n<p class=\"p1\"><span style=\"font-size: 18pt;\"><strong>Versi\u00f3n que posteriormente desmintiera el propio C\u00e9sar de Castro porque seg\u00fan la versi\u00f3n de <span class=\"s1\">\u201c<\/span>La Opini\u00f3n\u201d,\u00a0a trav\u00e9s de su reportero\u00a0Jes\u00fas Garc\u00eda,\u00a0el\u00a0abogado de\u00a0Garc\u00eda Luna <span class=\"s1\">\u201c<\/span>no sab\u00eda\u201d de qui\u00e9n era el testimonio de que hab\u00edan entregado 7 millones de d\u00f3lares a\u00a0esa\u00a0campa\u00f1a, adjudicada a\u00a0Jes\u00fas Reynaldo<span class=\"s1\">\u201c<\/span>El Rey\u201d Zambada.<\/strong><\/span><\/p>\n<p class=\"p1\"><span style=\"font-size: 14pt;\">Mientras esto se aclaraba el propio Vicente Fox trat\u00f3 de difundir por los cuatro vientos la versi\u00f3n de la pregunta hacia Jes\u00fas Reynaldo, como cierta, lo mismo hizo Calder\u00f3n y la recua de panistas a quienes todav\u00eda gobierna Calder\u00f3n.<\/span><\/p>\n<p class=\"p1\"><span style=\"font-size: 14pt;\">La manufactura de este rumor que intentan convertir en hecho consumado los panistas, como lo vienen haciendo desde hace mucho tiempo, es la misma siempre. Pero de tanto repetirse crea su rastro y descubre a quienes elaboraron esa campa\u00f1a.<\/span><\/p>\n<p>&nbsp;<\/p>\n<p class=\"p1\"><span style=\"font-size: 18pt; color: #e42d33;\"><b>FAKES DE CALDER\u00d3N <\/b><\/span><\/p>\n<p class=\"p1\"><span style=\"font-size: 14pt;\">La mayor\u00eda de las Fake News ha sido disparada desde el Twitter de Calder\u00f3n y de su equipo cercano, contenido que difunden los panistas y algunos que no est\u00e1n conformes con el actual r\u00e9gimen adoptan para difundir, a sabiendas que son mentiras. Es su forma timorata de hacer pol\u00edtica.<\/span><\/p>\n<p class=\"p1\"><span style=\"font-size: 18pt;\"><strong>La distracci\u00f3n en la corte\u00a0Este de Brooklyn, Nueva York,\u00a0ten\u00eda como dedicatoria a la poblaci\u00f3n de M\u00e9xico y Estados Unidos a trav\u00e9s de la herramienta que siempre utilizan las Fake News, los medios de ambas partes de la frontera. En realidad, no era una distracci\u00f3n para desestabilizar el proceso del juicio, sino una encomienda de Felipe Calder\u00f3n que daba a C\u00e9sar de Castro, con quien debe ter contacto a trav\u00e9s de terceras personas.<\/strong><\/span><\/p>\n<p class=\"p1\"><span style=\"font-size: 14pt;\">Porque en el juicio y las actividades de Calder\u00f3n la triangulaci\u00f3n de intereses y relaciones es clave.<\/span><\/p>\n<p class=\"p1\"><span style=\"font-size: 14pt;\">Ante esta situaci\u00f3n Andr\u00e9s Manuel L\u00f3pez Obrador anunci\u00f3 que demandar\u00e1 por da\u00f1o moral al abogado C\u00e9sar de Castro, quien no actu\u00f3 solo en esta sugerencia que quiso implicarlo.<\/span><\/p>\n<p class=\"p1\"><span style=\"font-size: 18pt;\"><strong><span class=\"s1\">\u201c<\/span>Lo \u00fanico que tengo en la cabeza, aparte de que no acepto que\u00a0se ponga en duda mi honestidad, porque es lo que estimo m\u00e1s importante en mi vida, adem\u00e1s de que no acepto eso, est\u00e1 de por medio que soy presidente de M\u00e9xico. No se puede gobernar un pa\u00eds sin autoridad moral\u201d, coment\u00f3 el Presidente.<\/strong><\/span><\/p>\n<p class=\"p1\"><span style=\"font-size: 14pt;\">La poca experiencia en estos casos, donde los pol\u00edticos se mezclan con la delincuencia, de C\u00e9sar de Castro, y el temor con el que siempre actu\u00f3, revelan que ten\u00eda dos defendidos, y dos personas que le pagan sus honorarios.<\/span><\/p>\n<p class=\"p1\"><span style=\"font-size: 14pt;\">De Castro se muestra desesperado antes del fallo de la corte, y sabe que cualquiera que sea el resultado, a \u00e9l no le ir\u00e1 bien. No jug\u00f3 como debiera. Su experiencia es en derecho laboral y los casos m\u00e1s cercanos al de Garc\u00eda Luna en los que ha participado es el sicariato, pero en esta cadena de delitos, nunca.<\/span><\/p>\n<p class=\"p1\"><span style=\"font-size: 18pt;\"><strong>C\u00e9sar de Castro sabe que en casos como el de Garc\u00eda Luna o se llena de gloria o se acaba su carrera pol\u00edtica y una demanda en su contra podr\u00eda ser la puntilla que lo colocar\u00eda en el ostracismo, aunque en esa derrota vaya una recompensa de un par de cheques, uno Garc\u00eda Luna y el otro de Felipe Calder\u00f3n. Si bien le va.<\/strong><\/span><\/p>\n<p>&nbsp;<\/p>\n<hr \/>\n<p>&nbsp;<\/p>\n<p><span style=\"font-size: 18pt;\"><strong>Twitter:\u00a0<a href=\"https:\/\/twitter.com\/Josangasa3\">@Josangasa3<\/a><\/strong><\/span><\/p>\n<p>&nbsp;<\/p>\n<p><img loading=\"lazy\" decoding=\"async\" class=\"aligncenter wp-image-11449\" src=\"http:\/\/noticiasveracruz.com\/wp-content\/uploads\/2023\/01\/FIRMA-EDITORIAL-NV-1024x125.png\" alt=\"\" width=\"1000\" height=\"122\" srcset=\"https:\/\/noticiasveracruz.com\/wp-content\/uploads\/2023\/01\/FIRMA-EDITORIAL-NV-1024x125.png 1024w, https:\/\/noticiasveracruz.com\/wp-content\/uploads\/2023\/01\/FIRMA-EDITORIAL-NV-300x37.png 300w, https:\/\/noticiasveracruz.com\/wp-content\/uploads\/2023\/01\/FIRMA-EDITORIAL-NV-768x94.png 768w, https:\/\/noticiasveracruz.com\/wp-content\/uploads\/2023\/01\/FIRMA-EDITORIAL-NV-1536x188.png 1536w, https:\/\/noticiasveracruz.com\/wp-content\/uploads\/2023\/01\/FIRMA-EDITORIAL-NV-2048x250.png 2048w\" sizes=\"auto, (max-width: 1000px) 100vw, 1000px\" \/><\/p>\n<p>&nbsp;<\/p>\n<p>&nbsp;<\/p>\n<p>&nbsp;<\/p>\n<p>&nbsp;<\/p>\n","protected":false},"excerpt":{"rendered":"<p>&nbsp; Por Jos\u00e9 Garc\u00eda S\u00e1nchez La estrategia del PAN en especial y en general de la oposici\u00f3n ha consistido en<\/p>\n","protected":false},"author":4,"featured_media":860,"comment_status":"closed","ping_status":"closed","sticky":false,"template":"","format":"standard","meta":{"colormag_page_container_layout":"default_layout","colormag_page_sidebar_layout":"default_layout","_jetpack_memberships_contains_paid_content":false,"footnotes":"","jetpack_publicize_message":"","jetpack_publicize_feature_enabled":true,"jetpack_social_post_already_shared":true,"jetpack_social_options":{"image_generator_settings":{"template":"highway","default_image_id":0,"font":"","enabled":false},"version":2}},"categories":[6],"tags":[65,2126,659,1081,1592,658],"class_list":["post-12916","post","type-post","status-publish","format-standard","has-post-thumbnail","hentry","category-columnistas","tag-andres-manuel-lopez-obrador","tag-cesar-castro","tag-fake-news","tag-felipe-calderon","tag-genaro-garcia-luna","tag-mentiras"],"jetpack_publicize_connections":[],"jetpack_featured_media_url":"https:\/\/noticiasveracruz.com\/wp-content\/uploads\/2021\/12\/NV-JOSE\u0301-GARCI\u0301A.png","jetpack_sharing_enabled":true,"publishpress_future_action":{"enabled":false,"date":"2026-05-08 19:15:05","action":"change-status","newStatus":"draft","terms":[],"taxonomy":"category","extraData":[]},"publishpress_future_workflow_manual_trigger":{"enabledWorkflows":[]},"_links":{"self":[{"href":"https:\/\/noticiasveracruz.com\/index.php\/wp-json\/wp\/v2\/posts\/12916","targetHints":{"allow":["GET"]}}],"collection":[{"href":"https:\/\/noticiasveracruz.com\/index.php\/wp-json\/wp\/v2\/posts"}],"about":[{"href":"https:\/\/noticiasveracruz.com\/index.php\/wp-json\/wp\/v2\/types\/post"}],"author":[{"embeddable":true,"href":"https:\/\/noticiasveracruz.com\/index.php\/wp-json\/wp\/v2\/users\/4"}],"replies":[{"embeddable":true,"href":"https:\/\/noticiasveracruz.com\/index.php\/wp-json\/wp\/v2\/comments?post=12916"}],"version-history":[{"count":0,"href":"https:\/\/noticiasveracruz.com\/index.php\/wp-json\/wp\/v2\/posts\/12916\/revisions"}],"wp:featuredmedia":[{"embeddable":true,"href":"https:\/\/noticiasveracruz.com\/index.php\/wp-json\/wp\/v2\/media\/860"}],"wp:attachment":[{"href":"https:\/\/noticiasveracruz.com\/index.php\/wp-json\/wp\/v2\/media?parent=12916"}],"wp:term":[{"taxonomy":"category","embeddable":true,"href":"https:\/\/noticiasveracruz.com\/index.php\/wp-json\/wp\/v2\/categories?post=12916"},{"taxonomy":"post_tag","embeddable":true,"href":"https:\/\/noticiasveracruz.com\/index.php\/wp-json\/wp\/v2\/tags?post=12916"}],"curies":[{"name":"wp","href":"https:\/\/api.w.org\/{rel}","templated":true}]}}