{"id":12914,"date":"2023-02-20T02:04:51","date_gmt":"2023-02-20T08:04:51","guid":{"rendered":"https:\/\/noticiasveracruz.com\/?p=12914"},"modified":"2023-02-20T02:04:51","modified_gmt":"2023-02-20T08:04:51","slug":"ante-el-terrorismo-judicial-juicio-politico-a-los-ministros-de-la-corte","status":"publish","type":"post","link":"https:\/\/noticiasveracruz.com\/index.php\/2023\/02\/20\/ante-el-terrorismo-judicial-juicio-politico-a-los-ministros-de-la-corte\/","title":{"rendered":"Ante el terrorismo judicial, juicio pol\u00edtico a los ministros de la Corte"},"content":{"rendered":"<p class=\"p1\">\n<p>&nbsp;<\/p>\n<p class=\"p1\"><span style=\"font-size: 18pt;\"><b>Por Jos\u00e9 Lima Cobos <\/b><\/span><\/p>\n<p class=\"p1\"><span style=\"font-size: 14pt;\">Es sorprendente lo que se est\u00e1 viviendo en el caso de Garc\u00eda Luna, al no quererse profundizar en un asunto tan grave como es el tr\u00e1fico de armas y drogas, adem\u00e1s se sospecha un contubernio entre el gobierno mexicano \u2014Fox ,Calder\u00f3n y Pe\u00f1a Nieto\u2014 y los organismos de investigaci\u00f3n, como la DEA, CIA, FBI y otros altos funcionarios de ese pa\u00eds, de manera tal que todo quede en el olvido, es decir, que se haga la voluntad de Dios en los bueyes de mi compadre y no asumir, de manera solidaria y responsable<span class=\"Apple-converted-space\">\u00a0 <\/span>entre las dos naciones, de tal suerte que aqu\u00ed se pongan los muertos y all\u00e1 las armas que est\u00e1n ensangrentando al pa\u00eds.<\/span><\/p>\n<p class=\"p1\"><span style=\"font-size: 18pt;\"><strong>Si en ese pa\u00eds amigo vemos que los fiscales<span class=\"Apple-converted-space\">\u00a0 <\/span>les tiemblan las corvas , \u2014al igual que los fiscales mexicanos que, existiendo las denuncias contra 223<span class=\"Apple-converted-space\">\u00a0 <\/span>diputados que se coaligaron y traici\u00f3n a la patria para no impedir que se siga saqueando y atracando al pa\u00eds\u2014 se opusieron a una reforma constitucional que se realiz\u00f3 mediante actos evidentes de corrupci\u00f3n, es porque existe algo profundo y turbio y<span class=\"Apple-converted-space\">\u00a0 <\/span>no se quiere llegar a la verdad, m\u00e1s cuando el presunto culpable \u2014Garc\u00eda Luna\u2014 se niega a declarar aunque, se le incaute<span class=\"Apple-converted-space\">\u00a0 <\/span>el ilegitimo recurso que utiliz\u00f3 para sus grandes negocios, por lo mismo, el gobierno mexicano tiene que parar orejas, porque eso no se puede quedar as\u00ed, aunque se resuelva por el jurado que es culpable<span class=\"Apple-converted-space\">\u00a0 <\/span>y se le dicte condena perpetua, porque no se puede permitir tanto silencio, lo que ser\u00eda<span class=\"Apple-converted-space\">\u00a0 \u00a0 <\/span>mera farsa o el esc\u00e1ndalo solamente, como se est\u00e1 viendo con el <span class=\"s1\">\u201c<\/span>Chapo\u201d Guzm\u00e1n y el nivel corrupci\u00f3n del INE y la Suprema Corte y no <span class=\"s1\">\u201c<\/span>pasa nada\u201d.<\/strong><\/span><\/p>\n<p class=\"p1\"><span style=\"font-size: 14pt;\">Luego entonces, si as\u00ed se<span class=\"Apple-converted-space\">\u00a0 <\/span>conduce el pa\u00eds vecino con los criminales , la puerta de la impunidad queda abierta para que se cometan tantas tropel\u00edas, como sea posible, porque<span class=\"Apple-converted-space\">\u00a0 <\/span>si vemos<span class=\"Apple-converted-space\">\u00a0 <\/span>la resoluci\u00f3n<span class=\"Apple-converted-space\">\u00a0 <\/span>de un tribunal colegiado que ordena el descongelamiento de las cuentas bancarias de las cuentas de C\u00e1rdenas Palomino y tambi\u00e9n de Garc\u00eda Luna, preso en Estados Unidos, para que<span class=\"Apple-converted-space\">\u00a0 <\/span>use esos recursos, tiene el Estado mexicano que actuar con urgencia para salvaguardar la seguridad nacional, que descansa , en gran parte, en la recuperaci\u00f3n de bienes o recursos mal habido, de una cauda de bandido de la lista interminable que se mantiene en secreto, por aquello que los datos<span class=\"Apple-converted-space\">\u00a0 <\/span>personales, aunque sean producto de todas complicidades, no deben tocarse si no es a petici\u00f3n de un gobierno extranjero.<\/span><\/p>\n<p>&nbsp;<\/p>\n<p><img loading=\"lazy\" decoding=\"async\" class=\"aligncenter wp-image-16285 size-large\" src=\"https:\/\/politicosaldesnudo.com.mx\/wp-content\/uploads\/2023\/02\/P-GENARO-GARCIA-MEDINA-MORA-1024x573.png\" alt=\"\" width=\"800\" height=\"448\" \/><\/p>\n<p>&nbsp;<\/p>\n<p class=\"p1\"><span style=\"font-size: 18pt; color: #e42d33;\"><b>MEDINA MORA<\/b><\/span><\/p>\n<p class=\"p1\"><span style=\"font-size: 18pt;\"><strong>La decisi\u00f3n de ese nivel es definitiva e inatacable, \u2014as\u00ed lo dispuso la Corte\u2014<span class=\"Apple-converted-space\">\u00a0 <\/span>pero no es culpa de ese colegiado, sino de los ministros de ese poder que, mediante jurisprudencia firme<span class=\"Apple-converted-space\">\u00a0 <\/span>\u2014proyecto que dej\u00f3 amarrado el exministro Medina Mora , junto con los dem\u00e1s compa\u00f1eros de la segunda Sala y que el pleno aprob\u00f3 \u2014de manera tal que ahora tiene que observarse el Art\u00edculo 109 constitucional y sentarse un precedente hist\u00f3rico, consistente en fincar responsabilidades a los ministros de la Corte en base al Art\u00edculo 110, es decir, juicio pol\u00edtico que significa el desafuero<span class=\"Apple-converted-space\">\u00a0 <\/span>de manera que la autoridad pueda proceder en consecuencia, comenzando por la destituci\u00f3n y su inhabilitaci\u00f3n para desempe\u00f1ar cargo o comisiones de cualquier otra naturaleza y obviamente que se ataque su alta corrupci\u00f3n, entre otros, los sueldos criminales y gastos que no se pueden tocar, violando la ley de contabilidad y<span class=\"Apple-converted-space\">\u00a0 <\/span>responsabilidad<span class=\"Apple-converted-space\">\u00a0 <\/span>hacendaria que obliga a que, el recurso no utilizado se devuelva a la hacienda p\u00fablica y que no se distraiga en fideicomisos que es el instrumento legal para el robo.<\/strong><\/span><\/p>\n<p class=\"p1\"><span style=\"font-size: 14pt;\">Si la condena temporal es la destituci\u00f3n de esos ministros en tanto se integra el expediente para fincar las sanciones<span class=\"Apple-converted-space\">\u00a0 <\/span>que corresponde, la c\u00e1mara de diputados proceder\u00e1 ha acusarlos ante la C\u00e1mara de Senadores, despu\u00e9s de sustanciarse<span class=\"Apple-converted-space\">\u00a0 <\/span>el procedimiento respectivo y con la audiencia de los imputados, que en el caso, ser\u00e1 en principio , y luego la condena respectiva por las violaciones cometidas y en caso de que no se logre, tan pronto terminen el encargo, se continuar\u00e1 el juicio, lo<span class=\"Apple-converted-space\">\u00a0 <\/span>que llevar\u00eda a demostrar que no<span class=\"Apple-converted-space\">\u00a0 <\/span>existir\u00e1 la impunidad para nadie.<\/span><\/p>\n<p class=\"p1\"><span style=\"font-size: 18pt;\"><strong>Ahora, la actitud de los ministros de la Suprema Corte ha sido proclive a violar<span class=\"Apple-converted-space\">\u00a0 <\/span>la constituci\u00f3n y como no ha existido consecuencia para ninguno de ellos, se mantienen en la impunidad y los ejemplos que<span class=\"Apple-converted-space\">\u00a0 <\/span>se enuncian solamente, como es el caso de la ley reglamentaria del Art\u00edculo 105 que se\u00f1ala Art\u00edculo 15 <span class=\"s1\">\u201c<\/span>la suspensi\u00f3n no podr\u00e1 concederse en los casos en que se ponga en peligro la seguridad o econom\u00eda nacionales, las instituciones fundamentales del orden jur\u00eddico mexicano o pueda afectarse la sociedad\u2026\u201d, si existe en la constituci\u00f3n que nadie puede ganar m\u00e1s que el presidente, el da\u00f1o a la econom\u00eda es grave,<span class=\"Apple-converted-space\">\u00a0 <\/span>si se observa que el presupuesto tiene un prop\u00f3sito nacional y social y,<span class=\"Apple-converted-space\">\u00a0 <\/span>se afecta la econom\u00eda si no<span class=\"Apple-converted-space\">\u00a0 <\/span>se aplica correctamente!<\/strong><\/span><\/p>\n<p class=\"p1\"><span style=\"font-size: 14pt;\">Dice el dicho popular que cuando veas las barbas de tu vecino cortar, hay que poner las nuestras a reformar, veamos, por caso la situaci\u00f3n de Brasil, Chile, Argentina, Bolivia, Per\u00fa \u2014lo mismo en Estados Unidos\u2014 que los reaccionarios son enemigos de la democracia y lo \u00fanico que interesa es el beneficio de las oligarqu\u00edas y no del pueblo que ese, no cuenta, solo para soportar la represi\u00f3n y el crimen para mantener el status quo, que es lo que m\u00e1s conviene.<\/span><\/p>\n<p>&nbsp;<\/p>\n<hr \/>\n<p>&nbsp;<\/p>\n<p><span style=\"font-size: 18pt;\"><strong>Correo:<a href=\"mailto:limacobos@hotmail.com\"> limacobos@hotmail.com<\/a><\/strong><\/span><\/p>\n<p><span style=\"font-size: 18pt;\"><strong>Twitter: <a href=\"https:\/\/twitter.com\/limacobos1\">@limacobos1<\/a><\/strong><\/span><\/p>\n<p>&nbsp;<\/p>\n<p><img loading=\"lazy\" decoding=\"async\" class=\"aligncenter wp-image-11449\" src=\"http:\/\/noticiasveracruz.com\/wp-content\/uploads\/2023\/01\/FIRMA-EDITORIAL-NV-1024x125.png\" alt=\"\" width=\"1000\" height=\"122\" srcset=\"https:\/\/noticiasveracruz.com\/wp-content\/uploads\/2023\/01\/FIRMA-EDITORIAL-NV-1024x125.png 1024w, https:\/\/noticiasveracruz.com\/wp-content\/uploads\/2023\/01\/FIRMA-EDITORIAL-NV-300x37.png 300w, https:\/\/noticiasveracruz.com\/wp-content\/uploads\/2023\/01\/FIRMA-EDITORIAL-NV-768x94.png 768w, https:\/\/noticiasveracruz.com\/wp-content\/uploads\/2023\/01\/FIRMA-EDITORIAL-NV-1536x188.png 1536w, https:\/\/noticiasveracruz.com\/wp-content\/uploads\/2023\/01\/FIRMA-EDITORIAL-NV-2048x250.png 2048w\" sizes=\"auto, (max-width: 1000px) 100vw, 1000px\" \/><\/p>\n<p>&nbsp;<\/p>\n<p>&nbsp;<\/p>\n<p>&nbsp;<\/p>\n<p>&nbsp;<\/p>\n<p>&nbsp;<\/p>\n<p>&nbsp;<\/p>\n","protected":false},"excerpt":{"rendered":"<p>&nbsp; Por Jos\u00e9 Lima Cobos Es sorprendente lo que se est\u00e1 viviendo en el caso de Garc\u00eda Luna, al no<\/p>\n","protected":false},"author":4,"featured_media":3425,"comment_status":"closed","ping_status":"closed","sticky":false,"template":"","format":"standard","meta":{"colormag_page_container_layout":"default_layout","colormag_page_sidebar_layout":"default_layout","_jetpack_memberships_contains_paid_content":false,"footnotes":"","jetpack_publicize_message":"","jetpack_publicize_feature_enabled":true,"jetpack_social_post_already_shared":true,"jetpack_social_options":{"image_generator_settings":{"template":"highway","default_image_id":0,"font":"","enabled":false},"version":2}},"categories":[6],"tags":[1592,2099,2125],"class_list":["post-12914","post","type-post","status-publish","format-standard","has-post-thumbnail","hentry","category-columnistas","tag-genaro-garcia-luna","tag-medina-mora","tag-suprema-corte"],"jetpack_publicize_connections":[],"jetpack_featured_media_url":"https:\/\/noticiasveracruz.com\/wp-content\/uploads\/2022\/04\/NV-JOSE\u0301-LUIS-COBOS.png","jetpack_sharing_enabled":true,"publishpress_future_action":{"enabled":false,"date":"2026-05-08 20:12:11","action":"change-status","newStatus":"draft","terms":[],"taxonomy":"category","extraData":[]},"publishpress_future_workflow_manual_trigger":{"enabledWorkflows":[]},"_links":{"self":[{"href":"https:\/\/noticiasveracruz.com\/index.php\/wp-json\/wp\/v2\/posts\/12914","targetHints":{"allow":["GET"]}}],"collection":[{"href":"https:\/\/noticiasveracruz.com\/index.php\/wp-json\/wp\/v2\/posts"}],"about":[{"href":"https:\/\/noticiasveracruz.com\/index.php\/wp-json\/wp\/v2\/types\/post"}],"author":[{"embeddable":true,"href":"https:\/\/noticiasveracruz.com\/index.php\/wp-json\/wp\/v2\/users\/4"}],"replies":[{"embeddable":true,"href":"https:\/\/noticiasveracruz.com\/index.php\/wp-json\/wp\/v2\/comments?post=12914"}],"version-history":[{"count":0,"href":"https:\/\/noticiasveracruz.com\/index.php\/wp-json\/wp\/v2\/posts\/12914\/revisions"}],"wp:featuredmedia":[{"embeddable":true,"href":"https:\/\/noticiasveracruz.com\/index.php\/wp-json\/wp\/v2\/media\/3425"}],"wp:attachment":[{"href":"https:\/\/noticiasveracruz.com\/index.php\/wp-json\/wp\/v2\/media?parent=12914"}],"wp:term":[{"taxonomy":"category","embeddable":true,"href":"https:\/\/noticiasveracruz.com\/index.php\/wp-json\/wp\/v2\/categories?post=12914"},{"taxonomy":"post_tag","embeddable":true,"href":"https:\/\/noticiasveracruz.com\/index.php\/wp-json\/wp\/v2\/tags?post=12914"}],"curies":[{"name":"wp","href":"https:\/\/api.w.org\/{rel}","templated":true}]}}