{"id":12905,"date":"2023-02-20T01:52:23","date_gmt":"2023-02-20T07:52:23","guid":{"rendered":"https:\/\/noticiasveracruz.com\/?p=12905"},"modified":"2023-02-20T01:52:23","modified_gmt":"2023-02-20T07:52:23","slug":"los-ultimos-19-meses-de-amlo","status":"publish","type":"post","link":"https:\/\/noticiasveracruz.com\/index.php\/2023\/02\/20\/los-ultimos-19-meses-de-amlo\/","title":{"rendered":"Los \u00faltimos 19 meses de AMLO"},"content":{"rendered":"<p class=\"p1\">\n<p>&nbsp;<\/p>\n<p class=\"p1\"><span style=\"font-size: 18pt;\"><b>Por Pepe Valencia<\/b><\/span><\/p>\n<p class=\"p1\"><span style=\"font-size: 14pt;\">A 19 meses y una semana de concluir el mandato de Andr\u00e9s Manuel L\u00f3pez Obrador, los pron\u00f3sticos en cuanto a las elecciones del 2024, se visualizan nebulosos y encontrados.<\/span><\/p>\n<p class=\"p1\"><span style=\"font-size: 14pt;\">Los m\u00e1s recalcitrantes y optimistas amlof\u00f3bicos conf\u00edan a pie juntillas en la inminente y contundente derrota de los candidatos de Morena.<\/span><\/p>\n<p class=\"p1\"><span style=\"font-size: 14pt;\">En cambio, los obradoristas se muestran seguros de retener el poder gracias a la popularidad de AMLO y a los programas sociales y los millones de votos cautivos de adultos mayores y de j\u00f3venes.<\/span><\/p>\n<p class=\"p1\"><span style=\"font-size: 14pt;\">La marcha del pr\u00f3ximo domingo dar\u00e1 una idea del descontento social y sabremos si de veras los ciudadanos podr\u00edan volcarse en las urnas contra la 4T o si finalmente le refrendan su apoyo.<\/span><\/p>\n<p class=\"p1\"><span style=\"font-size: 14pt;\">Las elecciones locales de Coahuila y el Estado de M\u00e9xico tambi\u00e9n servir\u00e1n de par\u00e1metro. Sobre todo, la fuerza pol\u00edtica triunfadora en el Edomex se colocar\u00eda en condiciones de llevarse m\u00e1s adelante la presidencia de la rep\u00fablica y el Congreso de la Uni\u00f3n. <\/span><\/p>\n<p class=\"p1\"><span style=\"font-size: 14pt;\">Asimismo, el desenlace del Plan B de la reforma electoral resultar\u00e1<span class=\"Apple-converted-space\">\u00a0 <\/span>crucial y si es aprobado, beneficiar\u00e1 a L\u00f3pez Obrador y sus candidatos.<\/span><\/p>\n<p class=\"p1\"><span style=\"font-size: 14pt;\">La moneda se encuentra a\u00fan en el aire.<\/span><\/p>\n<p class=\"p1\"><span style=\"font-size: 14pt;\">De acuerdo a la reforma constitucional del 10 de febrero de 2014, el presidente L\u00f3pez Obrador concluye su per\u00edodo el 30 de septiembre del pr\u00f3ximo a\u00f1o, dos meses antes de cumplirse el sexenio.<\/span><\/p>\n<p class=\"p1\"><span style=\"font-size: 14pt;\">El primero de octubre asume el poder el siguiente presidente o presidenta de M\u00e9xico. \u00bfQui\u00e9n y de qu\u00e9 partido ser\u00e1?<\/span><\/p>\n<p class=\"p1\"><span style=\"font-size: 14pt;\">Ojal\u00e1 sea puro cuento de sus adversarios lo de sus febriles intenciones dictatoriales y reeleccionistas, con el supuesto apoyo de las fuerzas armadas o del crimen organizado y anulando o controlando el INE desde el gobierno.<\/span><\/p>\n<p class=\"p1\"><span style=\"font-size: 14pt;\">El pa\u00eds se polariza cada d\u00eda m\u00e1s y se estima que la mitad de los mexicanos respalda a L\u00f3pez Obrador y la otra lo rechaza. \u00bfT\u00fa en qu\u00e9 lado te ubicas, lector y lectora?<\/span><\/p>\n<p>&nbsp;<\/p>\n<p class=\"p1\"><span style=\"font-size: 18pt; color: #e42d33;\"><b>ARALY, CASO CERRADO<\/b><\/span><\/p>\n<p class=\"p1\"><span style=\"font-size: 14pt;\">Y aqu\u00ed no ha pasado nada. El caso Araly Rodr\u00edguez Vez ha quedado<span class=\"Apple-converted-space\">\u00a0 <\/span>aclarado, seg\u00fan el gobernador Cuitl\u00e1huac Garc\u00eda Jim\u00e9nez. No hubo ni hay corrupci\u00f3n en los contratos a su empresa fantasma por m\u00e1s de 100 millones de pesos. <\/span><\/p>\n<p class=\"p1\"><span style=\"font-size: 14pt;\">Esto significa que se ha reducido a una escandalosa llamarada de petate\u2026 por lo menos durante<span class=\"Apple-converted-space\">\u00a0 <\/span>el resto del sexenio, porque qui\u00e9n sabe c\u00f3mo les vaya si Morena llegara a perder las elecciones. Podr\u00eda haber c\u00e1rcel para muchos prominentes colaboradores de Cuitl\u00e1huac Garc\u00eda.<\/span><\/p>\n<p>&nbsp;<\/p>\n<hr \/>\n<p>&nbsp;<\/p>\n<p><img loading=\"lazy\" decoding=\"async\" class=\"aligncenter wp-image-11449\" src=\"http:\/\/noticiasveracruz.com\/wp-content\/uploads\/2023\/01\/FIRMA-EDITORIAL-NV-1024x125.png\" alt=\"\" width=\"1000\" height=\"122\" srcset=\"https:\/\/noticiasveracruz.com\/wp-content\/uploads\/2023\/01\/FIRMA-EDITORIAL-NV-1024x125.png 1024w, https:\/\/noticiasveracruz.com\/wp-content\/uploads\/2023\/01\/FIRMA-EDITORIAL-NV-300x37.png 300w, https:\/\/noticiasveracruz.com\/wp-content\/uploads\/2023\/01\/FIRMA-EDITORIAL-NV-768x94.png 768w, https:\/\/noticiasveracruz.com\/wp-content\/uploads\/2023\/01\/FIRMA-EDITORIAL-NV-1536x188.png 1536w, https:\/\/noticiasveracruz.com\/wp-content\/uploads\/2023\/01\/FIRMA-EDITORIAL-NV-2048x250.png 2048w\" sizes=\"auto, (max-width: 1000px) 100vw, 1000px\" \/><\/p>\n<p>&nbsp;<\/p>\n<p>&nbsp;<\/p>\n<p>&nbsp;<\/p>\n<p>&nbsp;<\/p>\n<p>&nbsp;<\/p>\n<p>&nbsp;<\/p>\n","protected":false},"excerpt":{"rendered":"<p>&nbsp; Por Pepe Valencia A 19 meses y una semana de concluir el mandato de Andr\u00e9s Manuel L\u00f3pez Obrador, los<\/p>\n","protected":false},"author":4,"featured_media":3786,"comment_status":"closed","ping_status":"closed","sticky":false,"template":"","format":"standard","meta":{"colormag_page_container_layout":"default_layout","colormag_page_sidebar_layout":"default_layout","_jetpack_memberships_contains_paid_content":false,"footnotes":"","jetpack_publicize_message":"","jetpack_publicize_feature_enabled":true,"jetpack_social_post_already_shared":true,"jetpack_social_options":{"image_generator_settings":{"template":"highway","default_image_id":0,"font":"","enabled":false},"version":2}},"categories":[6],"tags":[],"class_list":["post-12905","post","type-post","status-publish","format-standard","has-post-thumbnail","hentry","category-columnistas"],"jetpack_publicize_connections":[],"jetpack_featured_media_url":"https:\/\/noticiasveracruz.com\/wp-content\/uploads\/2022\/05\/PEPE-VALENCIA.png","jetpack_sharing_enabled":true,"publishpress_future_action":{"enabled":false,"date":"2026-05-08 23:22:59","action":"change-status","newStatus":"draft","terms":[],"taxonomy":"category","extraData":[]},"publishpress_future_workflow_manual_trigger":{"enabledWorkflows":[]},"_links":{"self":[{"href":"https:\/\/noticiasveracruz.com\/index.php\/wp-json\/wp\/v2\/posts\/12905","targetHints":{"allow":["GET"]}}],"collection":[{"href":"https:\/\/noticiasveracruz.com\/index.php\/wp-json\/wp\/v2\/posts"}],"about":[{"href":"https:\/\/noticiasveracruz.com\/index.php\/wp-json\/wp\/v2\/types\/post"}],"author":[{"embeddable":true,"href":"https:\/\/noticiasveracruz.com\/index.php\/wp-json\/wp\/v2\/users\/4"}],"replies":[{"embeddable":true,"href":"https:\/\/noticiasveracruz.com\/index.php\/wp-json\/wp\/v2\/comments?post=12905"}],"version-history":[{"count":0,"href":"https:\/\/noticiasveracruz.com\/index.php\/wp-json\/wp\/v2\/posts\/12905\/revisions"}],"wp:featuredmedia":[{"embeddable":true,"href":"https:\/\/noticiasveracruz.com\/index.php\/wp-json\/wp\/v2\/media\/3786"}],"wp:attachment":[{"href":"https:\/\/noticiasveracruz.com\/index.php\/wp-json\/wp\/v2\/media?parent=12905"}],"wp:term":[{"taxonomy":"category","embeddable":true,"href":"https:\/\/noticiasveracruz.com\/index.php\/wp-json\/wp\/v2\/categories?post=12905"},{"taxonomy":"post_tag","embeddable":true,"href":"https:\/\/noticiasveracruz.com\/index.php\/wp-json\/wp\/v2\/tags?post=12905"}],"curies":[{"name":"wp","href":"https:\/\/api.w.org\/{rel}","templated":true}]}}