{"id":12900,"date":"2023-02-20T01:43:54","date_gmt":"2023-02-20T07:43:54","guid":{"rendered":"https:\/\/noticiasveracruz.com\/?p=12900"},"modified":"2023-02-20T01:43:54","modified_gmt":"2023-02-20T07:43:54","slug":"guerra-de-corcholatas-y-compra-de-operadores","status":"publish","type":"post","link":"https:\/\/noticiasveracruz.com\/index.php\/2023\/02\/20\/guerra-de-corcholatas-y-compra-de-operadores\/","title":{"rendered":"Guerra de corcholatas y compra de operadores"},"content":{"rendered":"<p class=\"p1\">\n<p>&nbsp;<\/p>\n<p><span style=\"font-size: 18pt;\"><strong>Por Jos\u00e9 Ure\u00f1a<\/strong><\/span><\/p>\n<p class=\"p1\"><span style=\"font-size: 14pt;\">Es la guerra. Una guerra al interior del Gobierno y del movimiento lopezobraorista, pero con iguales caracter\u00edsticas a una contienda constitucional.<\/span><\/p>\n<p class=\"p1\"><span style=\"font-size: 14pt;\">As\u00ed lo interpretan las corcholatas y por eso se esmeran en estructurar equipos de activistas de cualquier calidad moral por todo el territorio.<\/span><\/p>\n<p class=\"p1\"><span style=\"font-size: 14pt;\">Ninguno quiere rezagarse. Tienen gente por doquier, en sus dependencias, en la administraci\u00f3n p\u00fablica federal, en los estados y no se diga en las presidencias municipales. Ninguno escapa.<\/span><\/p>\n<p class=\"p1\"><span style=\"font-size: 14pt;\">Acaso el aparato m\u00e1s activo sea el de Marcelo Ebrard, quien en un evento en la capital del pa\u00eds mostr\u00f3 su estructura de diez mil operadores en los 300 distritos electorales.<\/span><\/p>\n<p class=\"p1\"><span style=\"font-size: 14pt;\">Pero no se quedan atr\u00e1s Claudia Sheinbaum, Ad\u00e1n Augusto L\u00f3pez y Ricardo Monreal, aunque \u00e9ste rechace la definici\u00f3n de corcholata por denigrante.<\/span><\/p>\n<p>&nbsp;<\/p>\n<p class=\"p1\"><span style=\"font-size: 18pt; color: #e42d33;\"><b>NADA DE INDISCIPLINAS<\/b><\/span><\/p>\n<p class=\"p1\"><span style=\"font-size: 14pt;\">El objetivo es mostrar popularidad. Tarea poco convincente porque, ellas lo saben, al final la decisi\u00f3n ser\u00e1 unipersonal y en la opci\u00f3n presidencial no figurar\u00e1 la simpat\u00eda social.<\/span><\/p>\n<p class=\"p1\"><span style=\"font-size: 14pt;\">Las encuestas pueden tergiversarse para quien se desee, como sucedi\u00f3 en 2011 con las definiciones entre L\u00f3pez Obrador y Marcelo Ebrard o Miguel Mancera y Alejandra Barrales. Pero hay algo peor.<\/span><\/p>\n<p class=\"p1\"><span style=\"font-size: 14pt;\">En esta competencia se recurre a viejas pr\u00e1cticas: pago por participar, compra de activistas y hasta despido de funcionarios por inclinarse a favor de alguno de ellos.<\/span><\/p>\n<p class=\"p1\"><span style=\"font-size: 14pt;\">Lo sufri\u00f3 Claudia Sheinbaum en Tabasco, cuando el gobernador Carlos Manuel Merino se molest\u00f3 porque algunos funcionarios fueron con la jefa de Gobierno.<\/span><\/p>\n<p class=\"p1\"><span style=\"font-size: 14pt;\">Despidi\u00f3 a Sheila Cadena de la Secretar\u00eda para el Desarrollo Energ\u00e9tico; Francisco S\u00e1nchez, coordinador para la Regularizaci\u00f3n de la Tenencia de la Tierra; Roberto Mendoza, director de Desarrollo Social del Instituto de Vivienda\u2026<\/span><\/p>\n<p class=\"p1\"><span style=\"font-size: 14pt;\">La lista es larga, pero se multiplica en los estados y propiciada por el administrador morenista Mario Delgado, quien exhort\u00f3 a los gobernadores a inmiscuirse so pretexto de garantizar igualdad.<\/span><\/p>\n<p class=\"p1\"><span style=\"font-size: 14pt;\">Cada frente elabora una lista de anomal\u00edas y aportaremos m\u00e1s datos cuando se formalicen ante el INE de Lorenzo C\u00f3rdova o el Tribunal de Reyes Rodr\u00edguez.<\/span><\/p>\n<p>&nbsp;<\/p>\n<p class=\"p1\"><span style=\"font-size: 18pt; color: #e42d33;\"><b>SUMA DE ALQUIMISTAS<\/b><\/span><\/p>\n<p class=\"p1\"><span style=\"font-size: 14pt;\">1. Tampoco hay pruritos. Sea por inter\u00e9s econ\u00f3mico o pol\u00edtico, las corcholatas recurren a militantes de otros partidos cuya caracter\u00edstica era realizar grandes movilizaciones y rellenar urnas.<\/span><\/p>\n<p class=\"p1\"><span style=\"font-size: 14pt;\">Hay priistas, panistas, perredistas e inclusive emecistas, aunque dicen no haber renunciado a sus militancias originales.<\/span><\/p>\n<p class=\"p1\"><span style=\"font-size: 14pt;\">Conveniencia mutua: los designados preliminarmente desde Palacio Nacional van a la caza de votantes y los votantes aseguran posiciones por si gana quien los ha contratado.<\/span><\/p>\n<p class=\"p1\"><span style=\"font-size: 14pt;\">Y 2. Ayer deb\u00eda realizarse la elecci\u00f3n o reelecci\u00f3n en la Concanaco.<\/span><\/p>\n<p class=\"p1\"><span style=\"font-size: 14pt;\">Pero el presidente H\u00e9ctor Tejada tiene el rechazo de gran parte de los socios y enfrenta cargos por los malos manejos del tesorero Octavio de la Torre.<\/span><\/p>\n<p class=\"p1\"><span style=\"font-size: 14pt;\">La dupla act\u00faa unida y, ante tantos recursos vergonzosos, hubo un mandato judicial para suspender la asamblea donde ser\u00edan ratificados.<\/span><\/p>\n<p class=\"p1\"><span style=\"font-size: 14pt;\">Y el colmo: se estimaba una asistencia superior a los dos mil socios con derecho a voto, pero solamente hab\u00edan confirmado unos 200, la d\u00e9cima parte.<\/span><\/p>\n<p class=\"p1\"><span style=\"font-size: 14pt;\">La crisis es profunda y ser\u00e1 muy larga.<\/span><\/p>\n<p>&nbsp;<\/p>\n<hr \/>\n<p>&nbsp;<\/p>\n<p><img loading=\"lazy\" decoding=\"async\" class=\"aligncenter wp-image-11449\" src=\"http:\/\/noticiasveracruz.com\/wp-content\/uploads\/2023\/01\/FIRMA-EDITORIAL-NV-1024x125.png\" alt=\"\" width=\"1000\" height=\"122\" srcset=\"https:\/\/noticiasveracruz.com\/wp-content\/uploads\/2023\/01\/FIRMA-EDITORIAL-NV-1024x125.png 1024w, https:\/\/noticiasveracruz.com\/wp-content\/uploads\/2023\/01\/FIRMA-EDITORIAL-NV-300x37.png 300w, https:\/\/noticiasveracruz.com\/wp-content\/uploads\/2023\/01\/FIRMA-EDITORIAL-NV-768x94.png 768w, https:\/\/noticiasveracruz.com\/wp-content\/uploads\/2023\/01\/FIRMA-EDITORIAL-NV-1536x188.png 1536w, https:\/\/noticiasveracruz.com\/wp-content\/uploads\/2023\/01\/FIRMA-EDITORIAL-NV-2048x250.png 2048w\" sizes=\"auto, (max-width: 1000px) 100vw, 1000px\" \/><\/p>\n<p>&nbsp;<\/p>\n<p>&nbsp;<\/p>\n<p>&nbsp;<\/p>\n<p>&nbsp;<\/p>\n<p>&nbsp;<\/p>\n<p>&nbsp;<\/p>\n<p>&nbsp;<\/p>\n<p>&nbsp;<\/p>\n","protected":false},"excerpt":{"rendered":"<p>&nbsp; Por Jos\u00e9 Ure\u00f1a Es la guerra. Una guerra al interior del Gobierno y del movimiento lopezobraorista, pero con iguales<\/p>\n","protected":false},"author":4,"featured_media":3258,"comment_status":"closed","ping_status":"closed","sticky":false,"template":"","format":"standard","meta":{"colormag_page_container_layout":"default_layout","colormag_page_sidebar_layout":"default_layout","_jetpack_memberships_contains_paid_content":false,"footnotes":"","jetpack_publicize_message":"","jetpack_publicize_feature_enabled":true,"jetpack_social_post_already_shared":true,"jetpack_social_options":{"image_generator_settings":{"template":"highway","default_image_id":0,"font":"","enabled":false},"version":2}},"categories":[6],"tags":[],"class_list":["post-12900","post","type-post","status-publish","format-standard","has-post-thumbnail","hentry","category-columnistas"],"jetpack_publicize_connections":[],"jetpack_featured_media_url":"https:\/\/noticiasveracruz.com\/wp-content\/uploads\/2022\/04\/JOSE\u0301-UREN\u0303A.png","jetpack_sharing_enabled":true,"publishpress_future_action":{"enabled":false,"date":"2026-05-09 00:13:07","action":"change-status","newStatus":"draft","terms":[],"taxonomy":"category","extraData":[]},"publishpress_future_workflow_manual_trigger":{"enabledWorkflows":[]},"_links":{"self":[{"href":"https:\/\/noticiasveracruz.com\/index.php\/wp-json\/wp\/v2\/posts\/12900","targetHints":{"allow":["GET"]}}],"collection":[{"href":"https:\/\/noticiasveracruz.com\/index.php\/wp-json\/wp\/v2\/posts"}],"about":[{"href":"https:\/\/noticiasveracruz.com\/index.php\/wp-json\/wp\/v2\/types\/post"}],"author":[{"embeddable":true,"href":"https:\/\/noticiasveracruz.com\/index.php\/wp-json\/wp\/v2\/users\/4"}],"replies":[{"embeddable":true,"href":"https:\/\/noticiasveracruz.com\/index.php\/wp-json\/wp\/v2\/comments?post=12900"}],"version-history":[{"count":0,"href":"https:\/\/noticiasveracruz.com\/index.php\/wp-json\/wp\/v2\/posts\/12900\/revisions"}],"wp:featuredmedia":[{"embeddable":true,"href":"https:\/\/noticiasveracruz.com\/index.php\/wp-json\/wp\/v2\/media\/3258"}],"wp:attachment":[{"href":"https:\/\/noticiasveracruz.com\/index.php\/wp-json\/wp\/v2\/media?parent=12900"}],"wp:term":[{"taxonomy":"category","embeddable":true,"href":"https:\/\/noticiasveracruz.com\/index.php\/wp-json\/wp\/v2\/categories?post=12900"},{"taxonomy":"post_tag","embeddable":true,"href":"https:\/\/noticiasveracruz.com\/index.php\/wp-json\/wp\/v2\/tags?post=12900"}],"curies":[{"name":"wp","href":"https:\/\/api.w.org\/{rel}","templated":true}]}}