{"id":12898,"date":"2023-02-20T01:41:03","date_gmt":"2023-02-20T07:41:03","guid":{"rendered":"https:\/\/noticiasveracruz.com\/?p=12898"},"modified":"2023-02-20T01:41:03","modified_gmt":"2023-02-20T07:41:03","slug":"el-nuevo-espaldarazo-a-nahle","status":"publish","type":"post","link":"https:\/\/noticiasveracruz.com\/index.php\/2023\/02\/20\/el-nuevo-espaldarazo-a-nahle\/","title":{"rendered":"El nuevo espaldarazo a Nahle"},"content":{"rendered":"<p class=\"p1\">\n<p>&nbsp;<\/p>\n<p class=\"p1\"><span style=\"font-size: 18pt;\"><b>Por Luis Ram\u00edrez Baqueiro<\/b><\/span><\/p>\n<p>&nbsp;<\/p>\n<p>&nbsp;<\/p>\n<p style=\"text-align: center;\"><span style=\"font-size: 18pt;\"><strong><i><span lang=\"ES\">\u201cEl buen liderazgo consiste en hacer menos y ser m\u00e1s<\/span><\/i><i><span lang=\"ES-MX\">\u201d <\/span><\/i><\/strong><\/span><\/p>\n<p style=\"text-align: center;\"><span style=\"font-size: 18pt;\"><span lang=\"ES-MX\">\u2013\u00a0<\/span><span lang=\"ES\">Tao-te Ching <span lang=\"ES-MX\">\u2013\u00a0<\/span><\/span><\/span><\/p>\n<p>&nbsp;<\/p>\n<p>&nbsp;<\/p>\n<p class=\"p1\">\u00a0<span style=\"font-size: 14pt;\">Fue en Sonora a 2 mil 539.5 km de distancia de Veracruz donde el presidente Andr\u00e9s Manuel L\u00f3pez Obrador decidi\u00f3 volver a darle un espaldarazo a la secretaria de Energ\u00eda (Sener), Roc\u00edo Nahle Garc\u00eda.<\/span><\/p>\n<p class=\"p1\"><span style=\"font-size: 14pt;\">As\u00ed este domingo, el presidente de M\u00e9xico firm\u00f3 el decreto con el que m\u00e1s de 234 mil hect\u00e1reas, pasaron a control total de la Sener, correspondientes a siete municipios de Sonora, fueron decretadas zona de reserva minera para garantizar la explotaci\u00f3n del litio en M\u00e9xico.<\/span><\/p>\n<p class=\"p1\"><span style=\"font-size: 14pt;\">En Bacad\u00e9huachi, Sonora, el mandatario firm\u00f3 el decreto para nacionalizar el litio, con lo que declara zona de reserva 234 mil 850 hect\u00e1reas que se encuentran en Arivechi, Divisaderos, Granados, Hu\u00e1sabas, N\u00e1cori Chico, Sahuaripa y Bacad\u00e9huachi.<\/span><\/p>\n<p class=\"p1\"><span style=\"font-size: 14pt;\"><span class=\"s1\">\u201c<\/span>Con esto se est\u00e1 nacionalizando el litio para que no lo puedan explotar extranjeros, ni de Rusia, ni de China, ni de Estados Unidos. El petr\u00f3leo y el litio son de la naci\u00f3n y del pueblo de M\u00e9xico, estamos firmando este acuerdo porque ya hay una ley aprobada en el Congreso. Ya est\u00e1 aprobado y el litio es de la naci\u00f3n\u201d, asegur\u00f3 L\u00f3pez Obrador.<\/span><\/p>\n<p class=\"p1\"><span style=\"font-size: 14pt;\">Simb\u00f3lico que sea precisamente en Sonora el estado mismo en donde el diputado federal Sergio Guti\u00e9rrez Luna tendr\u00eda v\u00ednculos y arraigos importantes, tanto que su esposa, Diana Karina Barreras Samaniego, del grupo parlamentario del Partido del Trabajo, fue electa presidenta del Congreso de Sonora para el segundo a\u00f1o de la LXIII Legislatura, cargo que recientemente concluy\u00f3.<\/span><\/p>\n<p class=\"p1\"><span style=\"font-size: 14pt;\">En pol\u00edtica nada es casualidad, toda acci\u00f3n es siempre premeditada, raz\u00f3n por la que llama la atenci\u00f3n que el lugar en el que anuncia el presidente la creaci\u00f3n de Litio.mx sea precisamente Sonora, lugar donde se afirma mantiene residencia efectiva el tambi\u00e9n legislador minatitleco Guti\u00e9rrez Luna.<\/span><\/p>\n<p class=\"p1\"><span style=\"font-size: 14pt;\">El acto realizado por L\u00f3pez Obrador est\u00e1 cargado de simbolismos pol\u00edticos importantes, toda vez que dicho anunci\u00f3 expropiatorio lo pretende equiparar con el mism\u00edsimo General L\u00e1zaro C\u00e1rdenas y su expropiaci\u00f3n petrolera de 1938.<\/span><\/p>\n<p class=\"p1\"><span style=\"font-size: 14pt;\">El decreto es un paso m\u00e1s de la 4T despu\u00e9s de la reforma a la Ley Minera de abril de 2022, que declar\u00f3 al litio como mineral de utilidad p\u00fablica cuya explotaci\u00f3n ser\u00e1 facultad exclusiva del Estado mediante una nueva empresa p\u00fablica, Litio para M\u00e9xico (LitioMX), que depender\u00e1 de la Sener.<\/span><\/p>\n<p class=\"p1\"><span style=\"font-size: 14pt;\">El yacimiento, que se encuentra en Sonora, donde tambi\u00e9n se localizar\u00e1 LitioMx, cuenta con reservas probadas y probables de 243 millones de toneladas y se estima una capacidad de producci\u00f3n de hasta 17 mil 500 toneladas anuales, negoci\u00f3 que pone en manos de Nahle Garc\u00eda, evidenciando con ello el nivel de confianza que tiene en la aspirante al Gobierno de Veracruz.<\/span><\/p>\n<p class=\"p1\"><span style=\"font-size: 14pt;\">Seg\u00fan el Gobierno Federal, M\u00e9xico est\u00e1 en el d\u00e9cimo lugar de 23 pa\u00edses con mayores reservas del mineral en el mundo.<\/span><\/p>\n<p class=\"p1\"><span style=\"font-size: 14pt;\">El espaldarazo brindado por AMLO a la secretaria Roc\u00edo Nahle Garc\u00eda es un claro ejemplo de que el destino sucesorio en Veracruz ya est\u00e1 definido y ser\u00e1 ella y nadie m\u00e1s quien encabezar\u00e1 la cruzada por mantener el control de Palacio de Gobierno en Xalapa.\u00a0<\/span><\/p>\n<p>&nbsp;<\/p>\n<p class=\"p1\"><span style=\"font-size: 18pt;\"><strong>Al tiempo.<\/strong><\/span><\/p>\n<p>&nbsp;<\/p>\n<hr \/>\n<p>&nbsp;<\/p>\n<p class=\"p1\"><span style=\"font-size: 18pt;\"><strong>Correo: <a href=\"mailto:astrolabiopoliticomx@gmail.com\">astrolabiopoliticomx@gmail.com<\/a><\/strong><\/span><\/p>\n<p class=\"p1\"><span style=\"font-size: 18pt;\"><strong>Twitter: <a href=\"http:\/\/www.twitter.com\/LuisBaqueiro_mx\">@LuisBaqueiro_mx<\/a><\/strong><\/span><\/p>\n<p>&nbsp;<\/p>\n<p><img loading=\"lazy\" decoding=\"async\" class=\"aligncenter wp-image-11449\" src=\"http:\/\/noticiasveracruz.com\/wp-content\/uploads\/2023\/01\/FIRMA-EDITORIAL-NV-1024x125.png\" alt=\"\" width=\"1000\" height=\"122\" srcset=\"https:\/\/noticiasveracruz.com\/wp-content\/uploads\/2023\/01\/FIRMA-EDITORIAL-NV-1024x125.png 1024w, https:\/\/noticiasveracruz.com\/wp-content\/uploads\/2023\/01\/FIRMA-EDITORIAL-NV-300x37.png 300w, https:\/\/noticiasveracruz.com\/wp-content\/uploads\/2023\/01\/FIRMA-EDITORIAL-NV-768x94.png 768w, https:\/\/noticiasveracruz.com\/wp-content\/uploads\/2023\/01\/FIRMA-EDITORIAL-NV-1536x188.png 1536w, https:\/\/noticiasveracruz.com\/wp-content\/uploads\/2023\/01\/FIRMA-EDITORIAL-NV-2048x250.png 2048w\" sizes=\"auto, (max-width: 1000px) 100vw, 1000px\" \/><\/p>\n<p>&nbsp;<\/p>\n<p>&nbsp;<\/p>\n<p>&nbsp;<\/p>\n<p>&nbsp;<\/p>\n<p>&nbsp;<\/p>\n","protected":false},"excerpt":{"rendered":"<p>&nbsp; Por Luis Ram\u00edrez Baqueiro &nbsp; &nbsp; \u201cEl buen liderazgo consiste en hacer menos y ser m\u00e1s\u201d \u2013\u00a0Tao-te Ching \u2013\u00a0<\/p>\n","protected":false},"author":4,"featured_media":3572,"comment_status":"closed","ping_status":"closed","sticky":false,"template":"","format":"standard","meta":{"colormag_page_container_layout":"default_layout","colormag_page_sidebar_layout":"default_layout","_jetpack_memberships_contains_paid_content":false,"footnotes":"","jetpack_publicize_message":"","jetpack_publicize_feature_enabled":true,"jetpack_social_post_already_shared":true,"jetpack_social_options":{"image_generator_settings":{"template":"highway","default_image_id":0,"font":"","enabled":false},"version":2}},"categories":[6],"tags":[],"class_list":["post-12898","post","type-post","status-publish","format-standard","has-post-thumbnail","hentry","category-columnistas"],"jetpack_publicize_connections":[],"jetpack_featured_media_url":"https:\/\/noticiasveracruz.com\/wp-content\/uploads\/2022\/04\/LUIS-RAMI\u0301REZ-BAQUEIRO.png","jetpack_sharing_enabled":true,"publishpress_future_action":{"enabled":false,"date":"2026-05-07 00:04:12","action":"change-status","newStatus":"draft","terms":[],"taxonomy":"category","extraData":[]},"publishpress_future_workflow_manual_trigger":{"enabledWorkflows":[]},"_links":{"self":[{"href":"https:\/\/noticiasveracruz.com\/index.php\/wp-json\/wp\/v2\/posts\/12898","targetHints":{"allow":["GET"]}}],"collection":[{"href":"https:\/\/noticiasveracruz.com\/index.php\/wp-json\/wp\/v2\/posts"}],"about":[{"href":"https:\/\/noticiasveracruz.com\/index.php\/wp-json\/wp\/v2\/types\/post"}],"author":[{"embeddable":true,"href":"https:\/\/noticiasveracruz.com\/index.php\/wp-json\/wp\/v2\/users\/4"}],"replies":[{"embeddable":true,"href":"https:\/\/noticiasveracruz.com\/index.php\/wp-json\/wp\/v2\/comments?post=12898"}],"version-history":[{"count":0,"href":"https:\/\/noticiasveracruz.com\/index.php\/wp-json\/wp\/v2\/posts\/12898\/revisions"}],"wp:featuredmedia":[{"embeddable":true,"href":"https:\/\/noticiasveracruz.com\/index.php\/wp-json\/wp\/v2\/media\/3572"}],"wp:attachment":[{"href":"https:\/\/noticiasveracruz.com\/index.php\/wp-json\/wp\/v2\/media?parent=12898"}],"wp:term":[{"taxonomy":"category","embeddable":true,"href":"https:\/\/noticiasveracruz.com\/index.php\/wp-json\/wp\/v2\/categories?post=12898"},{"taxonomy":"post_tag","embeddable":true,"href":"https:\/\/noticiasveracruz.com\/index.php\/wp-json\/wp\/v2\/tags?post=12898"}],"curies":[{"name":"wp","href":"https:\/\/api.w.org\/{rel}","templated":true}]}}