{"id":12895,"date":"2023-02-20T01:38:28","date_gmt":"2023-02-20T07:38:28","guid":{"rendered":"https:\/\/noticiasveracruz.com\/?p=12895"},"modified":"2023-02-20T01:38:28","modified_gmt":"2023-02-20T07:38:28","slug":"el-infalible-juicio-de-la-historia","status":"publish","type":"post","link":"https:\/\/noticiasveracruz.com\/index.php\/2023\/02\/20\/el-infalible-juicio-de-la-historia\/","title":{"rendered":"El infalible juicio de la historia"},"content":{"rendered":"<p class=\"p1\">\n<p>&nbsp;<\/p>\n<p class=\"p1\"><span style=\"font-size: 18pt;\"><b>Por Aurelio Contreras Moreno<\/b><\/span><\/p>\n<p class=\"p1\"><span style=\"font-size: 14pt;\">Mientras las autoridades veracruzanas buscaban desesperadamente convencer a la opini\u00f3n p\u00fablica que no son corruptas, aunque las evidencias les hayan estallado en la cara con el caso de Araly Rodr\u00edguez, dos casos de violencia volvieron a colocar en la palestra el problema m\u00e1s grande que el actual gobierno estatal ha sido totalmente incapaz de siquiera atender.<\/span><\/p>\n<p class=\"p1\"><span style=\"font-size: 14pt;\">El pasado viernes, se confirm\u00f3 que Sara Hilda Olarte Cid, trabajadora jubilada del Seguro Social que se report\u00f3 como desaparecida el lunes de la semana pasada, fue encontrada debajo de un puente en la desviaci\u00f3n de las congregaciones de El Tronconal y Chiltoyac de la capital veracruzana. Asesinada.<\/span><\/p>\n<p class=\"p1\"><span style=\"font-size: 14pt;\">Este nuevo feminicidio reforz\u00f3 el lugar de la entidad veracruzana entre las m\u00e1s brutales para las mujeres en todo el pa\u00eds, donde gobierna un r\u00e9gimen que simula combatir la violencia en su contra, pero que no protege ni respeta a sus propias trabajadoras, las cuales sufren un constante acoso dentro de la misma administraci\u00f3n estatal.<\/span><\/p>\n<p class=\"p1\"><span style=\"font-size: 14pt;\">La respuesta del gobierno de Cuitl\u00e1huac Garc\u00eda fue detener a tres sujetos, uno de ellos un sobrino de la v\u00edctima, achac\u00e1ndoles el crimen. Sin embargo, la actuaci\u00f3n de la Fiscal\u00eda General del Estado y de las corporaciones policiacas deja m\u00e1s dudas que certezas sobre lo que en realidad sucedi\u00f3, en especial por la particular fruici\u00f3n que tienen por mentir.<\/span><\/p>\n<p class=\"p1\"><span style=\"font-size: 14pt;\">Baste decir que mientras la Fiscal\u00eda dijo haber encontrado el veh\u00edculo de la v\u00edctima el jueves, hay versiones que se\u00f1alan que fue la familia la que ubic\u00f3 el auto desde el mi\u00e9rcoles y que no les hicieron caso. Incluso, se asegura que el cuerpo se habr\u00eda encontrado en la cajuela, pero para no ser evidenciados como timoratos habr\u00edan hecho el montaje de la localizaci\u00f3n en el paraje.<\/span><\/p>\n<p class=\"p1\"><span style=\"font-size: 14pt;\">El mismo viernes, tambi\u00e9n se inform\u00f3 sobre la localizaci\u00f3n del cad\u00e1ver del abogado porte\u00f1o Luis Emilio Fuster Montiel, en el punto conocido como Los Ca\u00f1os de San Antonio, en la carretera Medell\u00edn-Rancho del Padre, cerca del puerto de Veracruz.<\/span><\/p>\n<p class=\"p1\"><span style=\"font-size: 14pt;\">Fuster fue secuestrado el jueves por la banda criminal que el propio gobierno de Cuitl\u00e1huac Garc\u00eda reconoci\u00f3 que opera en la zona de Paso del Toro, lo que provoc\u00f3 por la tarde de ese mismo d\u00eda una balacera en la que muri\u00f3 un polic\u00eda ministerial y, al parecer, tambi\u00e9n el abogado, en lo que todo indica se habr\u00eda tratado de un operativo de rescate fallido y fatal.<\/span><\/p>\n<p class=\"p1\"><span style=\"font-size: 14pt;\">La indolencia con la que el gobernador y sus funcionarios le restaron importancia a ambos hechos que enlutaron a dos familias \u2013sin contar los numerosos casos de violencia asesina que en Veracruz no llegan a ser mediatizados m\u00e1s all\u00e1 de la nota roja-, explica la situaci\u00f3n de postraci\u00f3n en la que se encuentra el estado de Veracruz, agobiado por los criminales que le han robado su tranquilidad\u2026 y por los que desde el propio poder pol\u00edtico le roban al erario.<\/span><\/p>\n<p class=\"p1\"><span style=\"font-size: 14pt;\">Sin embargo, al escuchar los discursos de quienes mal gobiernan Veracruz, pareciese que viven en otro lugar, en una dimensi\u00f3n paralela en la que todo es perfecto y ellos buenos servidores p\u00fablicos.<\/span><\/p>\n<p class=\"p1\"><span style=\"font-size: 14pt;\">Este domingo, durante la conmemoraci\u00f3n del 161 Aniversario de los Tratados de La Soledad, el gobernador afirm\u00f3 que <span class=\"s1\">\u201c<\/span>nuevamente\u201d hay un grupo que <span class=\"s1\">\u201c<\/span>se resiste a la transformaci\u00f3n\u201d, intentando mantener los <span class=\"s1\">\u201c<\/span>privilegios neoliberales\u201d. <\/span><\/p>\n<p class=\"p1\"><span style=\"font-size: 14pt;\">Y se avent\u00f3 la puntada de compararse con los liberales del siglo XIX, lo cual forma parte de las deformaciones hist\u00f3ricas en las que basa su narrativa el r\u00e9gimen de la pretendida <span class=\"s1\">\u201c<\/span>cuarta transformaci\u00f3n\u201d.<\/span><\/p>\n<p class=\"p1\"><span style=\"font-size: 14pt;\"><span class=\"s1\">\u201c<\/span>Si olvidamos, \u00bfc\u00f3mo vamos a entender qu\u00e9 hacer entre los que buscan la cuarta transformaci\u00f3n y los que defienden el r\u00e9gimen neoliberal? Ma\u00f1ana se sabr\u00e1 en la historia el papel que nos toc\u00f3 jugar. Que nos juzgue el infalible juicio de la historia (sic)\u201d, dijo Cuitl\u00e1huac Garc\u00eda, con un numeroso despliegue militar como tel\u00f3n de fondo.<\/span><\/p>\n<p class=\"p1\"><span style=\"font-size: 14pt;\">El secretario de Gobierno Eric Cisneros Burgos abon\u00f3 al disparate, asegurando que <span class=\"s1\">\u201c<\/span>hoy los liberales nuevamente defienden el proyecto de naci\u00f3n emprendido por el presidente Andr\u00e9s Manuel L\u00f3pez Obrador y en Veracruz, por el gobernador Garc\u00eda Jim\u00e9nez, lo cual evidencia que el poder es para servir al pueblo\u201d, mientras juraba que en la entidad <span class=\"s1\">\u201c<\/span>se acabaron las complicidades que solo proteg\u00edan a delincuentes\u201d.<\/span><\/p>\n<p class=\"p1\"><span style=\"font-size: 14pt;\">En algo tienen raz\u00f3n: el juicio de la historia a su desastrosa actuaci\u00f3n ser\u00e1, m\u00e1s que infalible, implacable.<\/span><\/p>\n<p>&nbsp;<\/p>\n<hr \/>\n<p>&nbsp;<\/p>\n<p class=\"p1\"><span style=\"font-size: 18pt;\"><strong>Correo: <a href=\"mailto:aureliocontreras@gmail.com\">aureliocontreras@gmail.com<\/a><\/strong><\/span><\/p>\n<p class=\"p1\"><span style=\"font-size: 18pt;\"><strong>Twitter: <a href=\"http:\/\/www.twitter.com\/yeyocontreras\">@yeyocontreras<\/a><\/strong><\/span><\/p>\n<p>&nbsp;<\/p>\n<p><img loading=\"lazy\" decoding=\"async\" class=\"aligncenter wp-image-11449\" src=\"http:\/\/noticiasveracruz.com\/wp-content\/uploads\/2023\/01\/FIRMA-EDITORIAL-NV-1024x125.png\" alt=\"\" width=\"1000\" height=\"122\" srcset=\"https:\/\/noticiasveracruz.com\/wp-content\/uploads\/2023\/01\/FIRMA-EDITORIAL-NV-1024x125.png 1024w, https:\/\/noticiasveracruz.com\/wp-content\/uploads\/2023\/01\/FIRMA-EDITORIAL-NV-300x37.png 300w, https:\/\/noticiasveracruz.com\/wp-content\/uploads\/2023\/01\/FIRMA-EDITORIAL-NV-768x94.png 768w, https:\/\/noticiasveracruz.com\/wp-content\/uploads\/2023\/01\/FIRMA-EDITORIAL-NV-1536x188.png 1536w, https:\/\/noticiasveracruz.com\/wp-content\/uploads\/2023\/01\/FIRMA-EDITORIAL-NV-2048x250.png 2048w\" sizes=\"auto, (max-width: 1000px) 100vw, 1000px\" \/><\/p>\n<p>&nbsp;<\/p>\n<p>&nbsp;<\/p>\n<p>&nbsp;<\/p>\n<p>&nbsp;<\/p>\n<p>&nbsp;<\/p>\n<p>&nbsp;<\/p>\n","protected":false},"excerpt":{"rendered":"<p>&nbsp; Por Aurelio Contreras Moreno Mientras las autoridades veracruzanas buscaban desesperadamente convencer a la opini\u00f3n p\u00fablica que no son corruptas,<\/p>\n","protected":false},"author":4,"featured_media":3578,"comment_status":"closed","ping_status":"closed","sticky":false,"template":"","format":"standard","meta":{"colormag_page_container_layout":"default_layout","colormag_page_sidebar_layout":"default_layout","_jetpack_memberships_contains_paid_content":false,"footnotes":"","jetpack_publicize_message":"","jetpack_publicize_feature_enabled":true,"jetpack_social_post_already_shared":true,"jetpack_social_options":{"image_generator_settings":{"template":"highway","default_image_id":0,"font":"","enabled":false},"version":2}},"categories":[6],"tags":[],"class_list":["post-12895","post","type-post","status-publish","format-standard","has-post-thumbnail","hentry","category-columnistas"],"jetpack_publicize_connections":[],"jetpack_featured_media_url":"https:\/\/noticiasveracruz.com\/wp-content\/uploads\/2022\/04\/P-AURELIO-CONTRERAS.png","jetpack_sharing_enabled":true,"publishpress_future_action":{"enabled":false,"date":"2026-05-09 01:14:50","action":"change-status","newStatus":"draft","terms":[],"taxonomy":"category","extraData":[]},"publishpress_future_workflow_manual_trigger":{"enabledWorkflows":[]},"_links":{"self":[{"href":"https:\/\/noticiasveracruz.com\/index.php\/wp-json\/wp\/v2\/posts\/12895","targetHints":{"allow":["GET"]}}],"collection":[{"href":"https:\/\/noticiasveracruz.com\/index.php\/wp-json\/wp\/v2\/posts"}],"about":[{"href":"https:\/\/noticiasveracruz.com\/index.php\/wp-json\/wp\/v2\/types\/post"}],"author":[{"embeddable":true,"href":"https:\/\/noticiasveracruz.com\/index.php\/wp-json\/wp\/v2\/users\/4"}],"replies":[{"embeddable":true,"href":"https:\/\/noticiasveracruz.com\/index.php\/wp-json\/wp\/v2\/comments?post=12895"}],"version-history":[{"count":0,"href":"https:\/\/noticiasveracruz.com\/index.php\/wp-json\/wp\/v2\/posts\/12895\/revisions"}],"wp:featuredmedia":[{"embeddable":true,"href":"https:\/\/noticiasveracruz.com\/index.php\/wp-json\/wp\/v2\/media\/3578"}],"wp:attachment":[{"href":"https:\/\/noticiasveracruz.com\/index.php\/wp-json\/wp\/v2\/media?parent=12895"}],"wp:term":[{"taxonomy":"category","embeddable":true,"href":"https:\/\/noticiasveracruz.com\/index.php\/wp-json\/wp\/v2\/categories?post=12895"},{"taxonomy":"post_tag","embeddable":true,"href":"https:\/\/noticiasveracruz.com\/index.php\/wp-json\/wp\/v2\/tags?post=12895"}],"curies":[{"name":"wp","href":"https:\/\/api.w.org\/{rel}","templated":true}]}}