{"id":12892,"date":"2023-02-20T01:36:02","date_gmt":"2023-02-20T07:36:02","guid":{"rendered":"https:\/\/noticiasveracruz.com\/?p=12892"},"modified":"2023-02-20T01:36:02","modified_gmt":"2023-02-20T07:36:02","slug":"ajenos-exgobernadores-en-el-edomex-y-los-propios","status":"publish","type":"post","link":"https:\/\/noticiasveracruz.com\/index.php\/2023\/02\/20\/ajenos-exgobernadores-en-el-edomex-y-los-propios\/","title":{"rendered":"\u00bfAjenos exgobernadores en el Edomex? \u00bfY los propios?"},"content":{"rendered":"<p class=\"p1\">\n<p>&nbsp;<\/p>\n<p class=\"p1\"><span style=\"font-size: 18pt;\"><b>Por Carlos O. Silva Bandala<\/b><\/span><\/p>\n<p class=\"p1\"><span style=\"font-size: 14pt;\">En Septiembre del 2022 intitulamos un art\u00edculo El Grupo Atlacomulco No Come Lumbre y nos referimos al poderoso grupo pol\u00edtico de Edomex, que ve amenazada su sobrevivencia en dicha entidad federativa, ante la posibilidad de que el PRI pierda la elecci\u00f3n estatal, ahora ya con Alejandra del Moral, como su candidata. Ese emblem\u00e1tico grupo, aparentemente fue creado en 1915 al calor de la Revoluci\u00f3n Mexicana, por M\u00e1ximo Montiel Olmos, quien fue alcalde de Atlacomulco en cinco ocasiones (1924,1927,1930,1931 y 1942), para despu\u00e9s heredar el control de esa agrupaci\u00f3n a Isidro Fabela, ex gobernador del Estado de M\u00e9xico. <\/span><\/p>\n<p>&nbsp;<\/p>\n<p><img loading=\"lazy\" decoding=\"async\" class=\"aligncenter wp-image-16265 size-large\" src=\"https:\/\/politicosaldesnudo.com.mx\/wp-content\/uploads\/2023\/02\/P-EXGOBERNADORES-EDOMEX-2-1024x573.png\" alt=\"\" width=\"800\" height=\"448\" \/><\/p>\n<p>&nbsp;<\/p>\n<p class=\"p1\"><span style=\"font-size: 18pt;\"><strong>Los gobernadores del Edomex originarios de Atlacomulco han sido Isidro Fabela, Alfredo del Mazo V\u00e9lez, Alfredo del Mazo Gonz\u00e1lez, Salvador S\u00e1nchez Col\u00edn, Arturo Montiel y Enrique Pe\u00f1a Nieto y el actual gobernador Alfredo del Mazo Maza. Sin embargo, existen otros gobernadores no oriundos de dicho municipio, pero ligados estrechamente, tales como Eruviel \u00c1vila, C\u00e9sar Camacho, Emilio Chauyffet. S\u00f3lo por mencionar algunos. Desde 1937 hasta el 2023, veinte gobernadores surgieron de los partidos pol\u00edticos PNR, PRM y PRI. El primer gobernador con emblema del PRI fue Alfredo del Mazo V\u00e9lez, abuelo del actual gobernador. <\/strong><\/span><\/p>\n<p>&nbsp;<\/p>\n<p><img loading=\"lazy\" decoding=\"async\" class=\"aligncenter wp-image-16264 size-large\" src=\"https:\/\/politicosaldesnudo.com.mx\/wp-content\/uploads\/2023\/02\/P-EXGOBERNADORES-EDOMEX-1-1024x573.png\" alt=\"\" width=\"800\" height=\"448\" \/><\/p>\n<p>&nbsp;<\/p>\n<p class=\"p1\"><span style=\"font-size: 18pt;\"><strong>Era de suponerse que los actuales exgobernadores, esencialmente tres de ellos, Enrique Pe\u00f1a Nieto, Eruviel \u00c1vila y C\u00e9sar Camacho; el primero ex Presidente de M\u00e9xico y los otros dos, Senadores de la Rep\u00fablica, cerrar\u00edan filas, como coloquialmente se dice en pol\u00edtica, con el gobernador del Mazo, para apoyar a Alejandra del Moral en su campa\u00f1a. Sin embargo, lo que podemos deducir, es lo que entendi\u00f3 ese grupo poderoso, totalmente pragm\u00e1tico, ante la evidente derrota de Alejandra del Moral, es que, ante el avance triunfal de la Profesora Delfina G\u00f3mez, puede deducirse, que han tomado distancia y precauciones para no meter las narices ni las manos en la elecci\u00f3n al comento. <\/strong><\/span><\/p>\n<p class=\"p1\"><span style=\"font-size: 14pt;\">De qu\u00e9 otra manera podemos interpretar el anuncio de Alejandro Moreno, Presidente del PRI, en el sentido de que ex gobernadores priistas se unir\u00e1n a la campa\u00f1a de la candidata Alejandra del Moral, para operar en la log\u00edstica y estrategia de la misma, tales c\u00f3mo Miguel Alonso Reyes, ex gobernador de Zacatecas, Rolando Zapata, ex de Yucat\u00e1n, Francisco Olvera, ex de Hidalgo y Manuel Cavazos, ex de Tamaulipas, en la posibilidad de que se sumen otros ex gobernadores priistas. <\/span><\/p>\n<p class=\"p1\"><span style=\"font-size: 18pt;\"><strong>En la l\u00f3gica de la operaci\u00f3n pol\u00edtica, lo adecuado es que fuesen, primordialmente, los ex gobernadores del Estado de M\u00e9xico. Pero Alito Moreno ni se atrevi\u00f3 a mencionarlos. <\/strong><\/span><\/p>\n<p class=\"p1\"><span style=\"font-size: 14pt;\">En pol\u00edtica nada se olvida y m\u00e1s temprano que tarde, se cobran las facturas, por eso, han dejado en claro, los que conforman la c\u00fapula de poder del grupo Atlacomulco, que no se van a confrontar con el Presidente de M\u00e9xico, AMLO. Durante 80 a\u00f1os han sido los aliados pol\u00edticos m\u00e1s valiosos de los presidentes de M\u00e9xico. Siendo el Edomex, con una poblaci\u00f3n de 16.500 millones de habitantes y 40 Distritos Federales Electorales, constituye de manera conurbada, con la CdMx la Metr\u00f3poli m\u00e1s grande e importante del pa\u00eds, que representa en la co-gobernanza del Poder Presidencial, el territorio econ\u00f3mico, pol\u00edtico y social de mayor importancia en el soporte del poder del Presidente de la Rep\u00fablica.<\/span><\/p>\n<p>&nbsp;<\/p>\n<p class=\"p1\"><span style=\"font-size: 18pt; color: #e42d33;\"><b>IDEALISTA<\/b><\/span><\/p>\n<p class=\"p1\"><span style=\"font-size: 14pt;\">Que propende a representarse las cosas de una manera ideal. Realismo Pol\u00edtico.- Abordar la realidad desde un esquema racional.- el elemento necesario conductor entre la raz\u00f3n y los hechos, que es por lo cual se entienden los hechos; es el inter\u00e9s definido en funciones del poder. <\/span><\/p>\n<p class=\"p1\"><span style=\"font-size: 18pt;\"><strong>Los ex gobernadores del Edomex mencionados no son idealistas. El Grupo Atlacomulco nace para hacer de la praxis pol\u00edtica su modus operandi; con realismo circunstancial. A\u00fan perdiendo el PRI en el Edomex, tan poderoso grupo, sobrevivir\u00e1. La Profesora Delfina G\u00f3mez los necesita para la buena gobernanza del Estado y dicho grupo, cuajados en el pragmatismo, ser\u00e1 su mejor aliado, mismo que lo har\u00e1 valer al futuro Presidente de M\u00e9xico. Ese grupo no come lumbre. <\/strong><\/span><\/p>\n<p class=\"p1\"><span style=\"font-size: 14pt;\">Lo parad\u00f3jico de esto es que durante ochenta a\u00f1os fueron los aliados, priistas, m\u00e1s importantes de la representaci\u00f3n pol\u00edtica del PRI en el Sistema, y no cargar\u00e1n la caja del muerto, pero s\u00ed le desconectan el ox\u00edgeno. <\/span><\/p>\n<p class=\"p1\"><span style=\"font-size: 14pt;\">\u00bfQu\u00e9 importancia pudiera tener el triunfo del PRI en Coahuila, si pierde en el Estado de M\u00e9xico, en la Alianza Va por M\u00e9xico? Pr\u00e1cticamente su presencia ser\u00e1 simb\u00f3lica; de caricatura pol\u00edtica. \u00a1Qu\u00e9 paradoja! Tiempo al tiempo. <\/span><\/p>\n<p>&nbsp;<\/p>\n<p class=\"p1\"><span style=\"font-size: 18pt; color: #e42d33;\"><b>LA DOCENA TR\u00c1GICA<\/b><\/span><\/p>\n<p class=\"p1\"><span style=\"font-size: 14pt;\">Alejandro Moreno, Presidente del PRI, acumular\u00e1 al menos 12 derrotas en su gesti\u00f3n. Su presencia en la Alianza Va por M\u00e9xico, ser\u00e1 como una manzana podrida en la canasta. Sin credibilidad pol\u00edtica y con deshonra en sus hombros. La peor desgracia que le pudo haber sucedido al PRI, tiene como sobrenombre Alito. <\/span><\/p>\n<p>&nbsp;<\/p>\n<p class=\"p1\"><span style=\"color: #e42d33; font-size: 18pt;\"><b>DESCARO<\/b><\/span><\/p>\n<p class=\"p1\"><span style=\"font-size: 14pt;\">actitud de la persona que obra o habla con excesiva desverg\u00fcenza o falta de comedimiento o de respeto. Actitud de la persona que hace algo inadecuado abiertamente y sin disimulo. El error hist\u00f3rico del PRI\/Alito ha sido descararse con la derecha pol\u00edtica, el PAN. Ah\u00ed est\u00e1n los hechos y ah\u00ed est\u00e1n las consecuencias. Por ello, la participaci\u00f3n del PRI en la Alianza Va Por M\u00e9xico para el 2024, terminar\u00e1 siendo de poco valor o insuficiente. <\/span><\/p>\n<p class=\"p1\"><span style=\"font-size: 14pt;\">El Grupo Atlacomulco, no tengamos la menor duda que sobrevivir\u00e1. El PRI a la <span class=\"s1\">\u201c<\/span>chiquillada\u201d. \u00a1Qu\u00e9 tiempos! Para la Historia. <\/span><\/p>\n<p>&nbsp;<\/p>\n<p>&nbsp;<\/p>\n<hr \/>\n<p>&nbsp;<\/p>\n<p><strong><span style=\"font-size: 18pt;\">Correo: <span class=\"s1\"><a href=\"mailto:flormarcc2@gmail.com\">flormarcc2@gmail.com<\/a><\/span><\/span><\/strong><\/p>\n<p>&nbsp;<\/p>\n<p><img loading=\"lazy\" decoding=\"async\" class=\"aligncenter wp-image-11449\" src=\"http:\/\/noticiasveracruz.com\/wp-content\/uploads\/2023\/01\/FIRMA-EDITORIAL-NV-1024x125.png\" alt=\"\" width=\"1000\" height=\"122\" srcset=\"https:\/\/noticiasveracruz.com\/wp-content\/uploads\/2023\/01\/FIRMA-EDITORIAL-NV-1024x125.png 1024w, https:\/\/noticiasveracruz.com\/wp-content\/uploads\/2023\/01\/FIRMA-EDITORIAL-NV-300x37.png 300w, https:\/\/noticiasveracruz.com\/wp-content\/uploads\/2023\/01\/FIRMA-EDITORIAL-NV-768x94.png 768w, https:\/\/noticiasveracruz.com\/wp-content\/uploads\/2023\/01\/FIRMA-EDITORIAL-NV-1536x188.png 1536w, https:\/\/noticiasveracruz.com\/wp-content\/uploads\/2023\/01\/FIRMA-EDITORIAL-NV-2048x250.png 2048w\" sizes=\"auto, (max-width: 1000px) 100vw, 1000px\" \/><\/p>\n<p>&nbsp;<\/p>\n<p>&nbsp;<\/p>\n<p>&nbsp;<\/p>\n<p>&nbsp;<\/p>\n","protected":false},"excerpt":{"rendered":"<p>&nbsp; Por Carlos O. Silva Bandala En Septiembre del 2022 intitulamos un art\u00edculo El Grupo Atlacomulco No Come Lumbre y<\/p>\n","protected":false},"author":4,"featured_media":7039,"comment_status":"closed","ping_status":"closed","sticky":false,"template":"","format":"standard","meta":{"colormag_page_container_layout":"default_layout","colormag_page_sidebar_layout":"default_layout","_jetpack_memberships_contains_paid_content":false,"footnotes":"","jetpack_publicize_message":"","jetpack_publicize_feature_enabled":true,"jetpack_social_post_already_shared":true,"jetpack_social_options":{"image_generator_settings":{"template":"highway","default_image_id":0,"font":"","enabled":false},"version":2}},"categories":[6],"tags":[],"class_list":["post-12892","post","type-post","status-publish","format-standard","has-post-thumbnail","hentry","category-columnistas"],"jetpack_publicize_connections":[],"jetpack_featured_media_url":"https:\/\/noticiasveracruz.com\/wp-content\/uploads\/2022\/08\/NV-CARLOS-SILVA2.png","jetpack_sharing_enabled":true,"publishpress_future_action":{"enabled":false,"date":"2026-05-09 00:12:20","action":"change-status","newStatus":"draft","terms":[],"taxonomy":"category","extraData":[]},"publishpress_future_workflow_manual_trigger":{"enabledWorkflows":[]},"_links":{"self":[{"href":"https:\/\/noticiasveracruz.com\/index.php\/wp-json\/wp\/v2\/posts\/12892","targetHints":{"allow":["GET"]}}],"collection":[{"href":"https:\/\/noticiasveracruz.com\/index.php\/wp-json\/wp\/v2\/posts"}],"about":[{"href":"https:\/\/noticiasveracruz.com\/index.php\/wp-json\/wp\/v2\/types\/post"}],"author":[{"embeddable":true,"href":"https:\/\/noticiasveracruz.com\/index.php\/wp-json\/wp\/v2\/users\/4"}],"replies":[{"embeddable":true,"href":"https:\/\/noticiasveracruz.com\/index.php\/wp-json\/wp\/v2\/comments?post=12892"}],"version-history":[{"count":0,"href":"https:\/\/noticiasveracruz.com\/index.php\/wp-json\/wp\/v2\/posts\/12892\/revisions"}],"wp:featuredmedia":[{"embeddable":true,"href":"https:\/\/noticiasveracruz.com\/index.php\/wp-json\/wp\/v2\/media\/7039"}],"wp:attachment":[{"href":"https:\/\/noticiasveracruz.com\/index.php\/wp-json\/wp\/v2\/media?parent=12892"}],"wp:term":[{"taxonomy":"category","embeddable":true,"href":"https:\/\/noticiasveracruz.com\/index.php\/wp-json\/wp\/v2\/categories?post=12892"},{"taxonomy":"post_tag","embeddable":true,"href":"https:\/\/noticiasveracruz.com\/index.php\/wp-json\/wp\/v2\/tags?post=12892"}],"curies":[{"name":"wp","href":"https:\/\/api.w.org\/{rel}","templated":true}]}}