{"id":12858,"date":"2023-02-17T07:11:27","date_gmt":"2023-02-17T13:11:27","guid":{"rendered":"https:\/\/noticiasveracruz.com\/?p=12858"},"modified":"2023-02-17T07:11:27","modified_gmt":"2023-02-17T13:11:27","slug":"el-mecanismo-un-peligro","status":"publish","type":"post","link":"https:\/\/noticiasveracruz.com\/index.php\/2023\/02\/17\/el-mecanismo-un-peligro\/","title":{"rendered":"El Mecanismo, un peligro"},"content":{"rendered":"<p>&nbsp;<\/p>\n<p class=\"p1\"><span style=\"font-size: 18pt;\"><strong>Por \u00c1ngel \u00c1lvaro Pe\u00f1a<\/strong><\/span><\/p>\n<p class=\"p1\"><span style=\"font-size: 14pt;\">Los periodistas estamos en la l\u00ednea de fuego. Cualquiera puede ser el siguiente. El Mecanismo de Protecci\u00f3n\u00a0para Personas Defensoras de Derechos Humanos y\u00a0Periodistas\u00a0se ha convertido en el organismo p\u00fablico que s\u00f3lo lleva la contabilidad de los homicidios.<\/span><\/p>\n<p class=\"p1\"><span style=\"font-size: 18pt;\"><strong>Porque todav\u00eda no se cumplen dos meses de este a\u00f1o, y ya asesinaron a un periodista en la colonia San Jos\u00e9, de Tula, Hidalgo, se trata\u00a0del comunicador y activista ambiental\u00a0Abisa\u00ed P\u00e9rez Romero, quien cubr\u00eda\u00a0temas ecol\u00f3gicos\u00a0en el programa de radio local\u00a0Son Politik\u00f3n-FM.<\/strong><\/span><\/p>\n<p class=\"p1\"><span style=\"font-size: 14pt;\">Fue reportado como desaparecido el domingo 12 de febrero, su cuerpo fue encontrado un d\u00eda despu\u00e9s y luego fue identificado por la Procuradur\u00eda estatal el jueves 16 de este mes, aunque la dependencia no puede asegurar, hasta el momento, que se trate de un asesinato.<\/span><\/p>\n<p class=\"p1\"><span style=\"font-size: 18pt;\"><strong>A finales de enero del a\u00f1o pasado los periodistas de Hidalgo se solidarizaron con las v\u00edctimas de asesinato Lourdes Maldonado y Margarito Mart\u00ednez, de Tijuana, as\u00ed como Jos\u00e9 Luis Gamboa de Veracruz, en un plant\u00f3n en la Plaza Ju\u00e1rez, de Pachuca. Esta es la primera vez que la delincuencia, organizada o autorizada, asesina a un periodista en Hidalgo.<\/strong><\/span><\/p>\n<p class=\"p1\"><span style=\"font-size: 18pt;\"><strong>En los \u00faltimos tres sexenios han sido asesinados\u00a0260 periodistas, hasta el a\u00f1o pasado, en los \u00faltimos 3 sexenios, con\u00a0Abisa\u00ed P\u00e9rez Romero, suman 261. En el mandato de Andr\u00e9s Manuel L\u00f3pez Obrador van 64.<\/strong><\/span><\/p>\n<p>&nbsp;<\/p>\n<p><img loading=\"lazy\" decoding=\"async\" class=\"aligncenter wp-image-16218 size-large\" src=\"https:\/\/politicosaldesnudo.com.mx\/wp-content\/uploads\/2023\/02\/P-PERIODISTAS-MECANISMO-1-1024x573.png\" alt=\"\" width=\"800\" height=\"448\" \/><\/p>\n<p>&nbsp;<\/p>\n<p class=\"p1\"><span style=\"font-size: 14pt;\">El derecho elemental de todo ser humano es la vida, y \u00e9sta es arrebatada a los periodistas en M\u00e9xico, en mayor \u00edndice que si hubiera una guerra en su territorio.<\/span><\/p>\n<p class=\"p1\"><span style=\"font-size: 14pt;\">Se afirma oficialmente que en el sexenio de\u00a0Felipe Calder\u00f3n\u00a0hubo 101 homicidios de periodistas, mientras que en el de\u00a0Enrique Pe\u00f1a Nieto,\u00a096.<\/span><\/p>\n<p class=\"p1\"><span style=\"font-size: 18pt;\"><strong>De por los 13 casos que el Gobierno reconoce el a\u00f1o pasado, suman 32 personas detenidas, de las que 21 est\u00e1n procesadas y 3 m\u00e1s est\u00e1n sentenciadas. Se han destinado m\u00e1s de 1,800 millones de pesos en medidas de protecci\u00f3n, mientras que en el sexenio anterior solo se erogaron 782 millones de pesos.<\/strong><\/span><\/p>\n<p class=\"p1\"><span style=\"font-size: 14pt;\">Para 2023, hay un presupuesto previsto de 569 millones de pesos, un aumento anual de 46 por ciento, acompa\u00f1ado de otro, aprobado este a\u00f1o del 70 por ciento, en las plazas para pertenecer al Mecanismo, que, si bien se han renovado, la negligencia prevalece y seguir\u00e1 as\u00ed hasta que no sean erradicados todos los bur\u00f3cratas de sexenios pasados de la Junta de Gobierno.<\/span><\/p>\n<p class=\"p1\"><span style=\"font-size: 14pt;\">El deterioro del Mecanismo es progresivo, producto de diferentes factores que dan como resultado que los homicidios contra comunicadores contin\u00faan. En el sexenio pasado los escoltas formaban parte de la Polic\u00eda Federal Preventiva, integrada por elementos capacitados, entrenados para cuidar personas.<\/span><\/p>\n<p class=\"p1\"><span style=\"font-size: 18pt;\"><strong>Al iniciar este sexenio el Mecanismo contrat\u00f3 al Servicio de Protecci\u00f3n Federal, organismo desconcentrado, ante la desaparici\u00f3n de la Polic\u00eda Federal, dejando en la indefensi\u00f3n a los inscritos en el Mecanismo, porque mientras la PFP contaba con escoltas capacitadas dentro y fuera del pa\u00eds, para cuidar personas, Protecci\u00f3n Federal ten\u00eda la tarea original de resguardar edificios y oficinas, que no exige una capacitaci\u00f3n adecuada como para proteger la vida de periodistas.<\/strong><\/span><\/p>\n<p class=\"p1\"><span style=\"font-size: 18pt; color: #e42d33;\"><strong>A partir de la llegada de la actual administraci\u00f3n el deterioro arroj\u00f3 sus v\u00edctimas, y como los intereses ocultos de la delincuencia advierten que la impunidad es f\u00e1cil de alcanzar trat\u00e1ndose de matar periodistas, la lista sigue creciendo. Porque lo primero que hicieron los integrantes de la junta de Gobierno del Mecanismo prefirieron quedar bien con las nuevas autoridades que garantizar la integridad de los comunicadores, iniciando un proceso de austeridad, con el \u00fanico objetivo de conservar su chamba, pero descuidando el objetivo principal de la dependencia para la que trabajan que es la de ofrecer un servicio preventivo que evite el homicidio de los periodistas.<\/strong><\/span><\/p>\n<p class=\"p1\"><span style=\"font-size: 14pt;\">Ante esta restricci\u00f3n que la junta de Gobierno impuso contra la integridad de los periodistas, se retiraron escoltas, se redujeron gastos, se regate\u00f3 la gasolina, se desampar\u00f3 a los periodistas sin importar si estaban en estado de vulnerabilidad. Hubo quienes debieron ampararse para continuar obteniendo un derecho que los miembros de la Junta de Gobierno consideran que se les hace un favor.<\/span><\/p>\n<p class=\"p1\"><span style=\"font-size: 14pt;\">Porque en el colmo del absurdo hay periodistas que reciben protecci\u00f3n del Mecanismo por \u00f3rdenes de un juez. Lo que quiere decir que es el Poder Judicial el que protege a los comunicadores a trav\u00e9s de un amparo, y no la Segob que es una secretar\u00eda dependiente del Ejecutivo.<\/span><\/p>\n<p class=\"p1\"><span style=\"font-size: 18pt;\"><strong>El panorama que proyecta el Mecanismo muestra que desconoce totalmente la pr\u00e1ctica de los periodistas a los que dice proteger, por lo que su actuaci\u00f3n no s\u00f3lo es improvisada, sino que muestra desorden indisciplina y descontrol.<\/strong><\/span><\/p>\n<p>&nbsp;<\/p>\n<p><img loading=\"lazy\" decoding=\"async\" class=\"aligncenter wp-image-16219 size-large\" src=\"https:\/\/politicosaldesnudo.com.mx\/wp-content\/uploads\/2023\/02\/P-PERIODISTAS-MECANISMO-2-1024x573.png\" alt=\"\" width=\"800\" height=\"448\" \/><\/p>\n<p>&nbsp;<\/p>\n<p class=\"p1\"><span style=\"font-size: 18pt;\"><strong>Un ejemplo claro es la burocratizaci\u00f3n de las condiciones que imponen a los comunicadores inscritos en el mecanismo, a quienes les exigen que, en caso de viaje, presenten con tres d\u00edas de anticipaci\u00f3n la solicitud de vi\u00e1ticos para los escoltas, cuando el ejercicio period\u00edstico se define en cada minuto. Si hay algo que cubrir en otro estado el periodista debe asistir de inmediato. Dej\u00e1ndolo sin escoltas o bien, oblig\u00e1ndolo a que \u00e9l pague los gastos de quienes lo protegen, con el riesgo de que no le sea reembolsado su dinero. La burocracia del Mecanismo desconoce el d\u00eda a d\u00eda de los periodistas.<\/strong><\/span><\/p>\n<p class=\"p1\"><span style=\"font-size: 14pt;\">Pero no son as\u00ed de precavidos a la hora de cambiar de escoltas al periodista, quien est\u00e1 a expensas de los cambios de personal que el Mecanismo decida a la hora que se les antoja, lo cual, en lugar de representar una protecci\u00f3n, significa un peligro mayor, porque es gente desconocida para el periodista que debe entrar a su vida diaria, de un d\u00eda para otro, cuando, en realidad, es un completo desconocido. Al comunicador nadie le avis\u00f3 que habr\u00eda cambios en el personal que resguarda su integridad. El Mecanismo se da el lujo de cambiar de escoltas tan continuamente como crea necesario. Y si se queja el comunicador de la sustituci\u00f3n de escolta sin aviso previo, al d\u00eda siguiente le cambian otro, para mostrar que es el Mecanismo el que escoge la estrategia de seguridad, aunque est\u00e9 equivocada, lo cual implica un peligro mortal. En ese sentido, el periodista puede estar abriendo las puertas de su casa a su propio asesino.<\/span><\/p>\n<p>&nbsp;<\/p>\n<p class=\"p1\"><span style=\"font-size: 18pt; color: #e42d33;\"><strong>PEGA Y CORRE<\/strong><\/span><\/p>\n<p class=\"p1\"><span style=\"font-size: 14pt;\">Por primera vez en la historia y\u00a0como parte de la \u201cigualdad laboral entre hombres y mujeres\u201d en la Armada de M\u00e9xico, la Secretar\u00eda de Marina nombr\u00f3 a la Teniente de Nav\u00edo del Cuerpo General Carla Iveth Cevallos Peyrot, como la primera mujer Comandante de una Estaci\u00f3n Naval de B\u00fasqueda, Rescate y Vigilancia Mar\u00edtima, quien se desempe\u00f1ar\u00e1 en la Octava Regi\u00f3n Naval con sede en Mazatl\u00e1n, Sinaloa. Las mujeres, por fin, son reconocidas en todos los \u00e1mbitos de la vida del pa\u00eds&#8230; Esta columna se publica los lunes, mi\u00e9rcoles y viernes.<\/span><\/p>\n<p>&nbsp;<\/p>\n<p><em><span style=\"font-size: 18pt;\"><strong>Esta columna se publica los lunes, mi\u00e9rcoles y viernes<\/strong><\/span><\/em><\/p>\n<p>&nbsp;<\/p>\n<hr \/>\n<p>&nbsp;<\/p>\n<p><img loading=\"lazy\" decoding=\"async\" class=\"aligncenter wp-image-11449\" src=\"http:\/\/noticiasveracruz.com\/wp-content\/uploads\/2023\/01\/FIRMA-EDITORIAL-NV-300x37.png\" alt=\"\" width=\"1000\" height=\"122\" srcset=\"https:\/\/noticiasveracruz.com\/wp-content\/uploads\/2023\/01\/FIRMA-EDITORIAL-NV-300x37.png 300w, https:\/\/noticiasveracruz.com\/wp-content\/uploads\/2023\/01\/FIRMA-EDITORIAL-NV-1024x125.png 1024w, https:\/\/noticiasveracruz.com\/wp-content\/uploads\/2023\/01\/FIRMA-EDITORIAL-NV-768x94.png 768w, https:\/\/noticiasveracruz.com\/wp-content\/uploads\/2023\/01\/FIRMA-EDITORIAL-NV-1536x188.png 1536w, https:\/\/noticiasveracruz.com\/wp-content\/uploads\/2023\/01\/FIRMA-EDITORIAL-NV-2048x250.png 2048w\" sizes=\"auto, (max-width: 1000px) 100vw, 1000px\" \/><\/p>\n<p>&nbsp;<\/p>\n<p>&nbsp;<\/p>\n","protected":false},"excerpt":{"rendered":"<p>&nbsp; Por \u00c1ngel \u00c1lvaro Pe\u00f1a Los periodistas estamos en la l\u00ednea de fuego. Cualquiera puede ser el siguiente. El Mecanismo<\/p>\n","protected":false},"author":4,"featured_media":3187,"comment_status":"closed","ping_status":"closed","sticky":false,"template":"","format":"standard","meta":{"colormag_page_container_layout":"default_layout","colormag_page_sidebar_layout":"default_layout","_jetpack_memberships_contains_paid_content":false,"footnotes":"","jetpack_publicize_message":"","jetpack_publicize_feature_enabled":true,"jetpack_social_post_already_shared":true,"jetpack_social_options":{"image_generator_settings":{"template":"highway","default_image_id":0,"font":"","enabled":false},"version":2}},"categories":[6],"tags":[818,217],"class_list":["post-12858","post","type-post","status-publish","format-standard","has-post-thumbnail","hentry","category-columnistas","tag-mecanismo","tag-periodistas"],"jetpack_publicize_connections":[],"jetpack_featured_media_url":"https:\/\/noticiasveracruz.com\/wp-content\/uploads\/2022\/04\/A\u0301NGEL-A\u0301LVARO-PEN\u0303A.png","jetpack_sharing_enabled":true,"publishpress_future_action":{"enabled":false,"date":"2026-05-08 21:25:09","action":"change-status","newStatus":"draft","terms":[],"taxonomy":"category","extraData":[]},"publishpress_future_workflow_manual_trigger":{"enabledWorkflows":[]},"_links":{"self":[{"href":"https:\/\/noticiasveracruz.com\/index.php\/wp-json\/wp\/v2\/posts\/12858","targetHints":{"allow":["GET"]}}],"collection":[{"href":"https:\/\/noticiasveracruz.com\/index.php\/wp-json\/wp\/v2\/posts"}],"about":[{"href":"https:\/\/noticiasveracruz.com\/index.php\/wp-json\/wp\/v2\/types\/post"}],"author":[{"embeddable":true,"href":"https:\/\/noticiasveracruz.com\/index.php\/wp-json\/wp\/v2\/users\/4"}],"replies":[{"embeddable":true,"href":"https:\/\/noticiasveracruz.com\/index.php\/wp-json\/wp\/v2\/comments?post=12858"}],"version-history":[{"count":0,"href":"https:\/\/noticiasveracruz.com\/index.php\/wp-json\/wp\/v2\/posts\/12858\/revisions"}],"wp:featuredmedia":[{"embeddable":true,"href":"https:\/\/noticiasveracruz.com\/index.php\/wp-json\/wp\/v2\/media\/3187"}],"wp:attachment":[{"href":"https:\/\/noticiasveracruz.com\/index.php\/wp-json\/wp\/v2\/media?parent=12858"}],"wp:term":[{"taxonomy":"category","embeddable":true,"href":"https:\/\/noticiasveracruz.com\/index.php\/wp-json\/wp\/v2\/categories?post=12858"},{"taxonomy":"post_tag","embeddable":true,"href":"https:\/\/noticiasveracruz.com\/index.php\/wp-json\/wp\/v2\/tags?post=12858"}],"curies":[{"name":"wp","href":"https:\/\/api.w.org\/{rel}","templated":true}]}}